{"id":149372,"date":"2022-01-14T01:23:10","date_gmt":"2022-01-13T22:23:10","guid":{"rendered":"https:\/\/www.enerjigazetesi.ist\/?p=149372"},"modified":"2022-01-14T01:50:14","modified_gmt":"2022-01-13T22:50:14","slug":"yenilenebilir-genclik-enerjisi-re-you-projesi-acilis-toplantisi-19-ocakta","status":"publish","type":"post","link":"https:\/\/www.enerjigazetesi.ist\/en\/yenilenebilir-genclik-enerjisi-re-you-projesi-acilis-toplantisi-19-ocakta\/","title":{"rendered":"(Turkish) Yenilenebilir Gen\u00e7lik Enerjisi (RE-You) Projesi A\u00e7\u0131l\u0131\u015f Toplant\u0131s\u0131 19 Ocak&#8217;ta!"},"content":{"rendered":"<p class=\"qtranxs-available-languages-message qtranxs-available-languages-message-en\">Sorry, this entry is only available in <a href=\"https:\/\/www.enerjigazetesi.ist\/tr\/wp-json\/wp\/v2\/posts\/149372\" class=\"qtranxs-available-language-link qtranxs-available-language-link-tr\" title=\"Turkish\">Turkish<\/a>. For the sake of viewer convenience, the content is shown below in the alternative language. You may click the link to switch the active language.<\/p><p><\/p>\n<h2 style=\"text-align: justify;\">\u00c7al\u0131\u015fma ve Sosyal G\u00fcvenlik Bakanl\u0131\u011f\u0131 taraf\u0131ndan y\u00fcr\u00fct\u00fclen \u0130stihdam, E\u011fitim ve Sosyal Politikalar Sekt\u00f6rel Operasyonel Program\u0131 (\u0130ESP SOP) kapsam\u0131nda T\u00fcrkiye Cumhuriyeti ve Avrupa Birli\u011fi taraf\u0131ndan ortakla\u015fa finanse edilen \u201cYenilenebilir Gen\u00e7lik Enerjisi (RE-YOU) Operasyonu\u201d, G\u00fcney Marmara Kalk\u0131nma Ajans\u0131, Bal\u0131kesir \u00dcniversitesi ve \u00c7anakkale Onsekiz Mart \u00dcniversitesi&#8217;nin ortakl\u0131\u011f\u0131 ve GIZ International Services liderli\u011findeki konsorsiyum taraf\u0131ndan sa\u011flanan teknik dan\u0131\u015fmanl\u0131k ile y\u00fcr\u00fct\u00fclmektedir.<\/h2>\n<p style=\"text-align: justify;\"><strong>5 A\u011fustos 2020<\/strong> tarihinde uygulama d\u00f6nemi ba\u015flam\u0131\u015f ve toplam <strong>3 y\u0131l<\/strong> s\u00fcrecek olan s\u00f6z konusu Operasyon kapsam\u0131nda, her 2 ortak \u00dcniversite&#8217;de birer<strong> Yenilenebilir Enerji E\u011fitim Merkezi <\/strong>kurulmaktad\u0131r. Bu e\u011fitim merkezlerinde geli\u015ftirilmekte olan<strong> r\u00fczgar, fotovoltaik<\/strong> ve<strong> biyogaz<\/strong> alanlar\u0131ndaki m\u00fcfredatlar vas\u0131tas\u0131yla <strong>iki y\u00fcz k\u0131rk (240) m\u00fchendis<\/strong> ve <strong>iki y\u00fcz k\u0131rk (240) tekniker<\/strong>, toplam <strong>d\u00f6rt y\u00fcz seksen (480)<\/strong> yeni mezun i\u015fsiz gence yakla\u015f\u0131k <strong>4 ay<\/strong> s\u00fcrecek <strong>teknik e\u011fitimler<\/strong> ve yakla\u015f\u0131k <strong>1 ay<\/strong> s\u00fcrecek <strong>kariyer e\u011fitimleri<\/strong> verilecek, e\u011fitimlerin akabinde ise <strong>2 ayl\u0131k staj<\/strong> ve sonras\u0131nda <strong>istihdam olanaklar\u0131<\/strong> sa\u011flanacakt\u0131r.<\/p>\n<p style=\"text-align: center;\"><img loading=\"lazy\" class=\"aligncenter wp-image-149374\" src=\"https:\/\/www.enerjigazetesi.ist\/wp-content\/uploads\/2022\/01\/yenilenebilir-genclik-enerjisi-re-you-projesi-acilis-toplantisi-19-ocakta.jpg\" alt=\"\" width=\"500\" height=\"272\" srcset=\"https:\/\/www.enerjigazetesi.ist\/wp-content\/uploads\/2022\/01\/yenilenebilir-genclik-enerjisi-re-you-projesi-acilis-toplantisi-19-ocakta.jpg 550w, https:\/\/www.enerjigazetesi.ist\/wp-content\/uploads\/2022\/01\/yenilenebilir-genclik-enerjisi-re-you-projesi-acilis-toplantisi-19-ocakta-300x163.jpg 300w, https:\/\/www.enerjigazetesi.ist\/wp-content\/uploads\/2022\/01\/yenilenebilir-genclik-enerjisi-re-you-projesi-acilis-toplantisi-19-ocakta-500x272.jpg 500w, https:\/\/www.enerjigazetesi.ist\/wp-content\/uploads\/2022\/01\/yenilenebilir-genclik-enerjisi-re-you-projesi-acilis-toplantisi-19-ocakta-80x43.jpg 80w\" sizes=\"(max-width: 500px) 100vw, 500px\" \/><\/p>\n<p style=\"text-align: justify;\">Program dahilinde teknikerlere ayr\u0131ca<strong> Elektrik Kuvvetli Ak\u0131m Tesislerinde \u00c7al\u0131\u015fma Belgesi (EKAT) <\/strong>e\u011fitimi sa\u011flanacak olup ba\u015far\u0131l\u0131 kursiyerler sertifikaland\u0131r\u0131lacakt\u0131r. Proje kapsam\u0131nda her iki \u00fcniversitede <strong>yenilenebilir enerji laboratuvarlar\u0131<\/strong> ve <strong>uygulamal\u0131 e\u011fitim altyap\u0131lar\u0131<\/strong> kurulmu\u015ftur. Yenilenebilir Enerji \u0130stihdam Piyasas\u0131 Analizi \u00e7al\u0131\u015fmas\u0131 vas\u0131tas\u0131yla; <strong>r\u00fczgar, fotovoltaik<\/strong> ve <strong>biyogaz<\/strong> alanlar\u0131nda e\u015fle\u015ftirme yapmas\u0131 planlanan bir uygulama geli\u015ftirilerek, <strong>i\u015fveren<\/strong> ve <strong>\u00e7al\u0131\u015fanlar<\/strong> aras\u0131nda bir <strong>\u201cs\u00fcrd\u00fcr\u00fclebilir aray\u00fcz\u201d<\/strong> olu\u015fturulacakt\u0131r.<\/p>\n<p style=\"text-align: justify;\">Mesleki yeterlilik sistemi, hayat boyu \u00f6\u011frenme ve uyum yetene\u011finin geli\u015ftirilmesi hedefiyle, her iki \u00dcniversitenin <strong>R\u00fczgar, Fotovoltaik ve Biyogaz G\u00fc\u00e7 Personeli alanlar\u0131nda Mesleki Yetkilendirilmi\u015f <\/strong><strong>Belgelendirme Kurulu\u015fu<\/strong> olarak <strong>akredite edilmesi<\/strong> planlanmaktad\u0131r. Ayr\u0131ca, <strong>R\u00fczgar G\u00fc\u00e7 Sistemleri<\/strong> ve<strong> Biyogaz Sistemleri Personeli Ulusal Meslek Standard\u0131 Operasyon<\/strong> kapsam\u0131nda g\u00fcncellenmektedir. Bunlar\u0131n yan\u0131 s\u0131ra her iki \u00dcniversitede <strong>K\u00fcresel R\u00fczgar Organizasyonu<\/strong> (Global Wind Organisation- GWO) taraf\u0131ndan akredite edilecek e\u011fitim merkezleri kurulmakta olup, r\u00fczgar alan\u0131 kursiyerlerine <strong>Temel G\u00fcvenlik E\u011fitimleri (BST)<\/strong> verilecektir.<\/p>\n<p style=\"text-align: justify;\">Program kapsam\u0131nda geli\u015ftirilen <strong>m\u00fcfredat\u0131n yayg\u0131n e\u011fitim program\u0131<\/strong> olarak<strong> Milli E\u011fitim Bakanl\u0131\u011f\u0131 <\/strong>taraf\u0131ndan onaylanmas\u0131 da program\u0131n<strong> Hayat Boyu \u00d6\u011frenme<\/strong> ile ilgili hedefleri aras\u0131ndad\u0131r.<\/p>\n<p style=\"text-align: justify;\"><strong>Yenilenebilir enerji sekt\u00f6r\u00fcnde<\/strong> kurumlar aras\u0131 i\u015fbirli\u011finin geli\u015ftirilmesi amac\u0131yla <strong>19 Ocak 2022 <\/strong>\u00c7ar\u015famba g\u00fcn\u00fc saat <strong>09:00-16:00<\/strong> aras\u0131nda <strong>Bal\u0131kesir Avlu Kongre ve K\u00fclt\u00fcr Merkezi<\/strong>\u2019nde <strong>A\u00e7\u0131l\u0131\u015f <\/strong><strong>Konferans\u0131<\/strong> ger\u00e7ekle\u015fecektir.<\/p>\n<p><a href=\"https:\/\/www.enerjigazetesi.ist\/wp-content\/uploads\/2022\/01\/yenilenebilir-genclik-enerjisi-re-you-projesi-acilis-toplantisi-19-ocakta-davet.jpeg\" target=\"_blank\" rel=\"nofollow noopener\"><strong>Proje A\u00e7\u0131l\u0131\u015f Toplant\u0131s\u0131 Detaylar\u0131 \u0130\u00e7in TIKLAYIN&gt;&gt;&gt;<\/strong><\/a><\/p>\n<p><strong>Proje Hakk\u0131nda Detayl\u0131 Bilgi \u0130\u00e7in:<\/strong> <a href=\"http:\/\/reyouproject.org\/\" target=\"_blank\" rel=\"nofollow noopener\">http:\/\/reyouproject.org\/<\/a> adresini ziyaret edebilirsiniz.<\/p>","protected":false},"excerpt":{"rendered":"<p>Sorry, this entry is only available in Turkish. For the sake of viewer convenience, the content is shown below in the alternative language. You may click the link to switch the active language. \u00c7al\u0131\u015fma ve Sosyal G\u00fcvenlik Bakanl\u0131\u011f\u0131 taraf\u0131ndan y\u00fcr\u00fct\u00fclen \u0130stihdam, E\u011fitim ve Sosyal Politikalar Sekt\u00f6rel Operasyonel Program\u0131 (\u0130ESP SOP) kapsam\u0131nda T\u00fcrkiye Cumhuriyeti ve Avrupa [&hellip;]<\/p>\n","protected":false},"author":1,"featured_media":149374,"comment_status":"open","ping_status":"open","sticky":false,"template":"","format":"standard","meta":[],"categories":[22893,51,53,49,50],"tags":[1192,12061,80741,640,15021,100148,100152,2403,100151,100149,13,3559,100150,69,100147],"views":611,"_links":{"self":[{"href":"https:\/\/www.enerjigazetesi.ist\/en\/wp-json\/wp\/v2\/posts\/149372"}],"collection":[{"href":"https:\/\/www.enerjigazetesi.ist\/en\/wp-json\/wp\/v2\/posts"}],"about":[{"href":"https:\/\/www.enerjigazetesi.ist\/en\/wp-json\/wp\/v2\/types\/post"}],"author":[{"embeddable":true,"href":"https:\/\/www.enerjigazetesi.ist\/en\/wp-json\/wp\/v2\/users\/1"}],"replies":[{"embeddable":true,"href":"https:\/\/www.enerjigazetesi.ist\/en\/wp-json\/wp\/v2\/comments?post=149372"}],"version-history":[{"count":0,"href":"https:\/\/www.enerjigazetesi.ist\/en\/wp-json\/wp\/v2\/posts\/149372\/revisions"}],"wp:featuredmedia":[{"embeddable":true,"href":"https:\/\/www.enerjigazetesi.ist\/en\/wp-json\/wp\/v2\/media\/149374"}],"wp:attachment":[{"href":"https:\/\/www.enerjigazetesi.ist\/en\/wp-json\/wp\/v2\/media?parent=149372"}],"wp:term":[{"taxonomy":"category","embeddable":true,"href":"https:\/\/www.enerjigazetesi.ist\/en\/wp-json\/wp\/v2\/categories?post=149372"},{"taxonomy":"post_tag","embeddable":true,"href":"https:\/\/www.enerjigazetesi.ist\/en\/wp-json\/wp\/v2\/tags?post=149372"}],"curies":[{"name":"wp","href":"https:\/\/api.w.org\/{rel}","templated":true}]}}