{"id":149308,"date":"2022-01-13T12:36:16","date_gmt":"2022-01-13T09:36:16","guid":{"rendered":"https:\/\/www.enerjigazetesi.ist\/?p=149308"},"modified":"2022-01-13T12:36:16","modified_gmt":"2022-01-13T09:36:16","slug":"egiad-esiad-ve-izsiad-is-dunyasindan-ekonomik-degerlendirme","status":"publish","type":"post","link":"https:\/\/www.enerjigazetesi.ist\/en\/egiad-esiad-ve-izsiad-is-dunyasindan-ekonomik-degerlendirme\/","title":{"rendered":"(Turkish) EG\u0130AD, ES\u0130AD ve \u0130ZS\u0130AD \u0130\u015f D\u00fcnyas\u0131&#8217;ndan Ekonomik De\u011ferlendirme"},"content":{"rendered":"<p class=\"qtranxs-available-languages-message qtranxs-available-languages-message-en\">Sorry, this entry is only available in <a href=\"https:\/\/www.enerjigazetesi.ist\/tr\/wp-json\/wp\/v2\/posts\/149308\" class=\"qtranxs-available-language-link qtranxs-available-language-link-tr\" title=\"Turkish\">Turkish<\/a>. For the sake of viewer convenience, the content is shown below in the alternative language. You may click the link to switch the active language.<\/p><p><\/p>\n<h2>EG\u0130AD, ES\u0130AD ve \u0130ZS\u0130AD i\u015f birli\u011finde d\u00fczenlenen \u00dcNL\u00dc &amp; Co Ara\u015ft\u0131rma B\u00f6l\u00fcm\u00fc K\u0131demli M\u00fcd\u00fcr\u00fc G\u00f6khan Uskuay\u2019\u0131n konuk konu\u015fmac\u0131 oldu\u011fu &#8220;\u00dcNL\u00dc &amp; Co 2022 Ekonomi ve Piyasa Beklentileri&#8221; konulu toplant\u0131, i\u015f d\u00fcnyas\u0131n\u0131n kat\u0131l\u0131m\u0131yla ger\u00e7ekle\u015fti. Online d\u00fczende webinar olarak ger\u00e7ekle\u015fen etkinlikte \u00dcnl\u00fc &amp; Co 2022 Strateji Raporu ve Piyasa Beklentileri de ele al\u0131nd\u0131.<\/h2>\n<p><img loading=\"lazy\" class=\"alignright wp-image-149313\" src=\"https:\/\/www.enerjigazetesi.ist\/wp-content\/uploads\/2022\/01\/egiad-esiad-ve-izsiad-is-dunyasindan-ekonomik-degerlendirme.jpg\" alt=\"\" width=\"320\" height=\"279\" srcset=\"https:\/\/www.enerjigazetesi.ist\/wp-content\/uploads\/2022\/01\/egiad-esiad-ve-izsiad-is-dunyasindan-ekonomik-degerlendirme.jpg 550w, https:\/\/www.enerjigazetesi.ist\/wp-content\/uploads\/2022\/01\/egiad-esiad-ve-izsiad-is-dunyasindan-ekonomik-degerlendirme-300x262.jpg 300w, https:\/\/www.enerjigazetesi.ist\/wp-content\/uploads\/2022\/01\/egiad-esiad-ve-izsiad-is-dunyasindan-ekonomik-degerlendirme-458x400.jpg 458w, https:\/\/www.enerjigazetesi.ist\/wp-content\/uploads\/2022\/01\/egiad-esiad-ve-izsiad-is-dunyasindan-ekonomik-degerlendirme-57x50.jpg 57w, https:\/\/www.enerjigazetesi.ist\/wp-content\/uploads\/2022\/01\/egiad-esiad-ve-izsiad-is-dunyasindan-ekonomik-degerlendirme-500x436.jpg 500w\" sizes=\"(max-width: 320px) 100vw, 320px\" \/>T\u00fcrkiye\u2019nin \u00f6nc\u00fc yat\u0131r\u0131m hizmetleri ve varl\u0131k y\u00f6netimi grubu <strong>\u00dcNL\u00dc &amp; Co<\/strong>\u2019nun bilgilendirme ve de\u011ferlendirmelerde bulundu\u011fu <strong>&#8220;\u00dcNL\u00dc &amp; Co 2022 Ekonomi ve Piyasa Beklentileri&#8221;<\/strong> ba\u015fl\u0131kl\u0131 webinar ile ekonomik g\u00fcndem masaya yat\u0131r\u0131ld\u0131. \u00dcNL\u00dc &amp; Co Ara\u015ft\u0131rma B\u00f6l\u00fcm\u00fc K\u0131demli M\u00fcd\u00fcr\u00fc <strong>G\u00f6khan Uskuay<\/strong>\u2019\u0131n konuk konu\u015fmac\u0131 oldu\u011fu webinarda global ekonominin etkileri, T\u00fcrkiye ekonomisinde son d\u00f6nemde ya\u015fanan de\u011fi\u015fimler ve piyasalara etkileri ele al\u0131nd\u0131. Zoom \u00fczerinden ger\u00e7ekle\u015fen toplant\u0131ya,<strong> EG\u0130AD, ES\u0130AD <\/strong>ve<strong> \u0130ZS\u0130AD \u00fcyesi<\/strong> i\u015f insanlar\u0131 yo\u011fun ilgi g\u00f6sterdi.<\/p>\n<h3>\u015e\u0130RKETLER\u0130M\u0130Z\u0130N S\u00dcRD\u00dcR\u00dcLEB\u0130L\u0130RL\u0130\u011e\u0130N\u0130 SA\u011eLAMALI VE \u0130ST\u0130HDAMI KORUMALIYIZ<\/h3>\n<p>EG\u0130AD Genel Sekreteri <strong>Prof. Dr. Ali Fatih Dalk\u0131l\u0131\u00e7<\/strong>&#8216;\u0131n moderat\u00f6rl\u00fc\u011f\u00fcnde ger\u00e7ekle\u015fen toplant\u0131n\u0131n a\u00e7\u0131l\u0131\u015f konu\u015fmas\u0131n\u0131 yapan EG\u0130AD Y\u00f6netim Kurulu Ba\u015fkan\u0131 Alp Avni Yelkenbi\u00e7er, konu\u015fmas\u0131na kay\u0131t d\u0131\u015f\u0131 ekonominin etkilerine de\u011finerek ba\u015flad\u0131. Yelkenbi\u00e7er,<em> \u201cEkonomik krizlerin en belirgin semptomlar\u0131ndan birisi i\u015fsizli\u011fin artmas\u0131d\u0131r. Bu yakla\u015f\u0131ma g\u00f6re T\u00fcrkiye&#8217;de hen\u00fcz bir i\u015fsizlik y\u00f6nl\u00fc ekonomik kriz yoktur fakat asgari \u00fccrete yap\u0131lan <strong>% 50<\/strong> oran\u0131ndaki zam a\u00e7\u0131s\u0131ndan irdelenmesi gereken baz\u0131 kritik noktalar vard\u0131r. \u00c7al\u0131\u015fanlar\u0131 <strong>sosyal g\u00fcvenlik, emeklilik, yasal \u00e7al\u0131\u015fma saatleri<\/strong> gibi temel haklardan, devleti vergi gelirinden mahrum b\u0131rakan kay\u0131t d\u0131\u015f\u0131 \u00e7al\u0131\u015fma T\u00fcrkiye ekonomisinin ba\u015fl\u0131ca sorunlar\u0131ndan birisidir. Son y\u0131llarda kay\u0131t d\u0131\u015f\u0131l\u0131kta, \u00f6zellikle \u00fccretli kesimde, \u00f6nemli bir gerileme olmakla birlikte T\u00fcrkiye, OECD \u00fclkeleri aras\u0131nda kay\u0131t d\u0131\u015f\u0131 \u00e7al\u0131\u015fman\u0131n en y\u00fcksek oldu\u011fu \u00fclkelerden biri olmaya devam ediyor. \u00c7e\u015fitli \u00e7al\u0131\u015fmalar genelde asgari \u00fccret art\u0131\u015flar\u0131n\u0131n, kay\u0131t d\u0131\u015f\u0131 istihdam \u00fczerinde olumsuz etkinin varl\u0131\u011f\u0131n\u0131 ortaya koyuyor. T\u00fcrkiye ba\u011flam\u0131nda ise 2004 y\u0131l\u0131nda ger\u00e7ekle\u015fen benzer boyuttaki <strong>asgari \u00fccret art\u0131\u015f\u0131n\u0131<\/strong> ara\u015ft\u0131ran az say\u0131daki \u00e7al\u0131\u015fma da kay\u0131t d\u0131\u015f\u0131l\u0131k etkisini sapt\u0131yor\u201d<\/em> dedi.<\/p>\n<p>Enflasyon ve kurda oynakl\u0131\u011f\u0131n azalt\u0131lmas\u0131, yani \u00f6ng\u00f6r\u00fclebilir olmas\u0131n\u0131n sa\u011flanmas\u0131n\u0131n \u00f6nemine de vurgu yapan Yelkenbi\u00e7er, <em>\u201c\u0130\u015fveren taraf\u0131na bakarsak yabanc\u0131 kur art\u0131\u015f\u0131 nedeniyle artan girdi maliyetleri ve daralan pazar nedeniyle \u00f6zellikle k\u00fc\u00e7\u00fck i\u015fletmelerin i\u015ften \u00e7\u0131karma gibi olumsuz geli\u015fmelerle ilerlemek durumunda olabilecekleri \u00f6ng\u00f6r\u00fclebilir. Bu noktada k\u00fc\u00e7\u00fck i\u015fletmelerin i\u015ften \u00e7\u0131karma gibi istenmeyen durumlardan ka\u00e7\u0131nmalar\u0131 noktas\u0131nda sosyal g\u00fcvenlik deste\u011fi, istihdam deste\u011fi, kredi limitleri ile ilgili art\u0131\u015f destekleri gibi farkl\u0131 finansman kaynaklar\u0131 yarat\u0131larak desteklenmeleri yerinde olacakt\u0131r. Enflasyonla m\u00fccadele ve kurla ilgili para politikalar\u0131n\u0131n g\u00f6zden ge\u00e7irilmesi gereklili\u011fi a\u00e7\u0131kt\u0131r. Aksi takdirde yap\u0131lan zam oran\u0131n\u0131n enflasyon kar\u015f\u0131s\u0131nda erimesinin \u00f6n\u00fcne ge\u00e7ilemeyecektir\u201d<\/em> diye konu\u015ftu.<\/p>\n<h3>\u0130HRACAT ODAKLI B\u00dcY\u00dcME \u0130\u00c7\u0130N Y\u00dcKSEK TEKNOLOJ\u0130Y\u0130 VE KATMA DE\u011eER\u0130 \u00d6NCELEYEN \u00dcRET\u0130M POL\u0130T\u0130KALARI \u015eART<\/h3>\n<p>ES\u0130AD Y\u00f6netim Kurulu Ba\u015fkan\u0131 Mustafa Karaba\u011fl\u0131 ise ihracat\u0131 art\u0131rarak b\u00fcy\u00fcmeyi ve cari a\u00e7\u0131\u011f\u0131 d\u00fc\u015f\u00fcrmeyi hedefleyen yeni ekonomik modelin ba\u015far\u0131l\u0131 olabilmesi i\u00e7in sanayide ve d\u0131\u015f ticarette ger\u00e7ek bir yap\u0131sal d\u00f6n\u00fc\u015f\u00fcm ihtiyac\u0131n\u0131n \u00f6nemini vurgulad\u0131. Y\u00fcksek teknolojiyi ve katma de\u011feri \u00f6nceleyen ve ithal girdiyi d\u00fc\u015f\u00fcrecek \u00fcretim politikalar\u0131 izlenmesinin gere\u011fini aktaran Karaba\u011fl\u0131, \u201cT\u00fcrkiye\u2019nin ihracat\u0131 2021 y\u0131l\u0131nda baz etkisiyle <strong>225,4 milyar dolarla<\/strong> tarihi rekor seviyeye ula\u015ft\u0131. Y\u0131ll\u0131k art\u0131\u015f oran\u0131 <strong>y\u00fczde 32,9<\/strong> oldu. \u0130thalat ise y\u0131ll\u0131k <strong>23,6 art\u0131\u015f<\/strong> ile, <strong>271,3 milyar dolar<\/strong> olarak ger\u00e7ekle\u015fti. Ege B\u00f6lgesi, 2021 y\u0131l\u0131 ilk 11 ay\u0131nda 22,3 milyar dolar ihracat ile T\u00fcrkiye ihracat\u0131n\u0131n <strong>y\u00fczde 11<\/strong>\u2019ini, \u0130zmir ise, <strong>13,4 milyar dolar<\/strong> ihracat ile, <strong>y\u00fczde 6,6<\/strong>\u2019s\u0131n\u0131 olu\u015fturuyor. Ancak,<strong> Covid 19<\/strong> ile birlikte tedarik zincirlerindeki k\u0131r\u0131lma ve \u00c7in\u2019den kayan sipari\u015flerle ihracatta yakalanan avantaj ge\u00e7ici olabilir. Ayr\u0131ca, \u00fclkemizde y\u00fcksek d\u00f6viz kurunun ihracat i\u00e7in olumlu olabilece\u011fi d\u00fc\u015f\u00fcn\u00fclse de bunun ge\u00e7ici oldu\u011fu, rekabet ko\u015fullar\u0131n\u0131n ortaya \u00e7\u0131kan avantaj\u0131 k\u0131sa s\u00fcrede yok etti\u011fi ve <strong>d\u00f6viz cinsinden<\/strong> toplamda elde edilen ger\u00e7ek gelirin de tam olarak art\u0131\u015f olarak yans\u0131mad\u0131\u011f\u0131 bir ger\u00e7ektir. \u00d6te yandan, ihtiya\u00e7 duyulan hammaddelerin ve ara mallar\u0131n ithal edildi\u011fi dikkate al\u0131n\u0131rsa <strong>y\u00fcksek kurun sanayi \u00fcretim endeksini<\/strong> d\u00fc\u015f\u00fcrebilece\u011fi ihtimal dahilindedir. Y\u00fcksek enflasyon engellenemedi\u011fi ve dengeli ve istikrarl\u0131 bir kura ula\u015f\u0131lmad\u0131\u011f\u0131 takdirde sanayi \u00fcretiminde dolay\u0131s\u0131yla ihracatta gerileme riski vard\u0131r. Mevcut ekonomik durum nedeniyle yat\u0131r\u0131m kararlar\u0131 ertelenmektedir. Ayr\u0131ca, ihracat\u00e7\u0131 ve ithalat\u00e7\u0131ya T\u00fcrk liras\u0131 uzla\u015fmal\u0131 vadeli d\u00f6viz sat\u0131\u015f\u0131 uygulamas\u0131, ihracat bedelinin <strong>y\u00fczde 25<\/strong>\u2019inin Merkez Bankas\u0131&#8217;na sat\u0131lmas\u0131 gibi uygulamalar\u0131n yaratt\u0131\u011f\u0131 belirsizlikler hem \u00fcreticiyi hem ihracat\u00e7\u0131y\u0131 tedirgin etmektedir. <strong>Eximbank<\/strong> ve reeskont kredilerine ne kadar kaynak aktar\u0131laca\u011f\u0131 konusu da \u00f6nemlidir\u201d dedi.<\/p>\n<h3>ENFLASYON \u0130LE ETK\u0130N M\u00dcCADELE \u015eART<\/h3>\n<p>Daha sonra s\u00f6z alan \u0130ZS\u0130AD Y\u00f6netim Kurulu Ba\u015fkan\u0131 Hasan K\u00fc\u00e7\u00fckkurt da faiz ve enflasyonun T\u00fcrkiye\u2019de 2021 y\u0131l\u0131n\u0131n en \u00f6nemli <strong>ekonomi g\u00fcndemini<\/strong> olu\u015fturdu\u011funu s\u00f6yleyerek konu\u015fmas\u0131na ba\u015flad\u0131. K\u00fc\u00e7\u00fckkurt, enflasyon ile m\u00fccadelede<strong> faiz art\u0131r\u0131m\u0131n\u0131n<\/strong> temel m\u00fcdahale y\u00f6ntemi oldu\u011fu d\u00fcnyada genel kabul g\u00f6r\u00fcrken T\u00fcrkiye olarak daha farkl\u0131 bir yol izlemenin tercih edildi\u011fine dikkat \u00e7ekti. K\u00fc\u00e7\u00fckkurt, faiz indirerek piyasalar\u0131n hareketlenece\u011fi, yat\u0131r\u0131m\u0131n artaca\u011f\u0131, bunun da enflasyonu geriletece\u011fi kabul\u00fc ile Merkez Bankas\u0131 eliyle y\u00fcr\u00fct\u00fclen faiz indirimlerinin d\u00f6vizin yukar\u0131 y\u00f6nl\u00fc ivmelenmesine sebep oldu\u011funu hat\u0131rlatarak, <em>\u201cBunun akabinde de k\u00fcresel piyasalarda zaten var olan enflasyon, \u00fclkemizde de h\u0131zla t\u0131rman\u0131\u015fa ge\u00e7mi\u015ftir. D\u00fc\u015f\u00fck faiz politikas\u0131 d\u00f6vizi y\u00fckseltirken ihracat\u0131 te\u015fvik etmesi olumlu bir manzara olu\u015ftursa da ithal ara mala muhta\u00e7 sanayimiz ve \u00fcreticilerimiz i\u00e7in y\u00fcksek d\u00f6viz ve neredeyse T\u00dcFE\u2019yi ikiye katlayan \u00dcretici Enflasyonu zorlu bir s\u00fcrece girmemize neden oldu. Bu sebeple hem \u00fcretim maliyetimiz y\u00fckseldi hem de \u00f6ng\u00f6r\u00fclemezlik sebebiyle finansmana ula\u015fma ve fiyatlamada s\u0131k\u0131nt\u0131 ya\u015famaya ba\u015flad\u0131k. Son olarak \u00e7\u0131kar\u0131lan kur korumal\u0131 mevduat ile d\u00f6vizdeki sert y\u00fckseli\u015f durdurulup belli seviyeye kadar d\u00f6viz geri getirilse de Aral\u0131k ay\u0131 enflasyonu rekor seviyede gelerek y\u0131ll\u0131k enflasyonumuzu y\u00fczde 36\u2019ya ta\u015f\u0131d\u0131\u201d dedi. 2022\u2019nin zor bir y\u0131l olaca\u011f\u0131 konusunda uyar\u0131da bulunan K\u00fc\u00e7\u00fckkurt, \u201cBu s\u00fcre\u00e7te y\u00fcksek enflasyon ile \u00f6n\u00fcn\u00fc g\u00f6rmeye \u00e7al\u0131\u015fan \u00fcreticileri zor bir y\u0131l\u0131n bekledi\u011fini d\u00fc\u015f\u00fcn\u00fcyorum. Ayn\u0131 \u015fekilde t\u00fcketiciler i\u00e7in de bu seviyede bir enflasyonun son derece zorlay\u0131c\u0131 olaca\u011f\u0131 da bir ger\u00e7ek. \u0130\u015f aleminin siyasetten bekledi\u011fi k\u00fcresel ekonomi ile entegre, ekonomi biliminin gereklerini yerine getiren, \u00f6ng\u00f6r\u00fclebilir ve s\u00fcrd\u00fcr\u00fclebilir bir ekonomik ortam\u0131n yarat\u0131lmas\u0131d\u0131r. D\u00fcnya ile entegre, demokratik de\u011ferleri y\u00fccelten, uluslararas\u0131 piyasalarda g\u00fcven telkin eden, spek\u00fclasyon i\u00e7in de\u011fil yat\u0131r\u0131m i\u00e7in likiditenin geldi\u011fi bir T\u00fcrkiye beklentimiz ve arzumuzu koruyoruz. Ayaklar\u0131 yere basan, \u00f6n\u00fcn\u00fc g\u00f6ren ve \u00fcretim iklimine girmi\u015f bir T\u00fcrkiye yaratmak hepimizin g\u00f6revi. Do\u011fru politikalar y\u00fcr\u00fct\u00fcld\u00fc\u011f\u00fc ve enflasyon ile m\u00fccadelede denenmi\u015f ve sonu\u00e7 al\u0131nm\u0131\u015f ad\u0131mlar at\u0131ld\u0131\u011f\u0131 takdirde 2022 y\u0131l\u0131n\u0131n g\u00f6rece daha makul bir y\u0131l olaca\u011f\u0131na y\u00f6nelik inanc\u0131m\u0131 koruyorum. Ancak aksi durumda 2022 y\u0131l\u0131nda enflasyon ve y\u00fcksek d\u00f6viz sarmal\u0131na girmi\u015f bir T\u00fcrkiye manzaras\u0131n\u0131n ka\u00e7\u0131n\u0131lmaz oldu\u011funu d\u00fc\u015f\u00fcn\u00fcyorum\u201d<\/em> dedi.<\/p>\n<p>\u00dcNL\u00dc &amp; Co \u0130zmir \u015eubesi Direkt\u00f6r\u00fc Onur Kayral\u2019\u0131n k\u0131sa firma tan\u0131t\u0131m\u0131n\u0131n sonras\u0131nda D\u00fcnya ve T\u00fcrkiye ekonomik dengeler \u00fczerine ayr\u0131nt\u0131l\u0131 bir sunum yapan \u00dcNL\u00dc &amp; Co Ara\u015ft\u0131rma B\u00f6l\u00fcm\u00fc K\u0131demli M\u00fcd\u00fcr\u00fc G\u00f6khan Uskuay, Omicron varyant\u0131n\u0131n h\u0131zl\u0131 ama etkisiz olmas\u0131 sebebiyle D\u00fcnya\u2019n\u0131n pandemi a\u00e7\u0131s\u0131ndan daha normelle\u015fen bir s\u00fcrece girece\u011fini belirterek, emtia fiyatlar\u0131ndaki dengesizli\u011fin bu sene sona erece\u011fini kaydetti. D\u00fcnya\u2019n\u0131n <strong>2021<\/strong>\u2019i <strong>y\u00fczde 6.1\u2019<\/strong>lik b\u00fcy\u00fcme ile kapatt\u0131\u011f\u0131n\u0131 en b\u00fcy\u00fck y\u00fckseli\u015fi \u00c7in\u2019in yakalad\u0131\u011f\u0131n\u0131 belirten Uskuay, <strong>2022<\/strong> ve <strong>2023\u2019te<\/strong> s\u0131ras\u0131yla bu y\u00fckseli\u015f oran\u0131n\u0131n <strong>y\u00fczde 4.7<\/strong> ve <strong>y\u00fczde 3.5<\/strong> olarak beklendi\u011fini ifade etti. T\u00fcrkiye ekonomisine ili\u015fkin de ayr\u0131nt\u0131l\u0131 de\u011ferlendirmede bulunan Uskuay, <em>\u201c<strong>Emtia fiyatlar\u0131<\/strong> \u00f6n\u00fcm\u00fczdeki sene i\u00e7inde bir sorun olmaktan \u00e7\u0131kacak. 1980\u2019lerden bu yana en y\u00fcksek enflasyonla kar\u015f\u0131 kar\u015f\u0131yay\u0131z. Hem talep hem arz \u015foku sebebiyle enflasyon y\u00fckseldi. Tedarik zincirindeki normalle\u015fme ile enflasyonda bir nebze normalle\u015fme olacak. 2022\u2019te ilk 6 ayda tepe yap\u0131p d\u00fc\u015fme olacak. 2022\u2019de D\u00fcnya\u2019da en y\u00fcksek negatif reel faiz TL\u2019de g\u00f6r\u00fclecek. G-7 Merkez Bankalar\u0131n\u0131n faiz art\u0131r\u0131m s\u00fcre\u00e7leri ve FED\u2019in niceliksel s\u0131k\u0131la\u015ft\u0131rmas\u0131 yurtd\u0131\u015f\u0131 finansal ko\u015fullar\u0131 zorla\u015ft\u0131racak. TCMB rezervlerini heteredoks politikalar ile artt\u0131rmaya \u00e7al\u0131\u015facak, faiz d\u0131\u015f\u0131 politikalar ile kuru savunacak. TL son 20 y\u0131l\u0131n en b\u00fcy\u00fck de\u011fer kay\u0131plar\u0131ndan birini ya\u015fad\u0131. Dolarizasyon e\u011filimini k\u0131rmak, TL\u2019de istikrar kazanan de\u011fer kayb\u0131n\u0131 durdurmak i\u00e7in yurt i\u00e7i bireysel yat\u0131r\u0131mc\u0131lara kur getirisi garantisi verildi. <strong>2022\u2019de<\/strong> T\u00fcrkiye i\u00e7in<strong> y\u00fczde 4<\/strong>\u2019l\u00fck bir b\u00fcy\u00fcme, enflasyonun da <strong>y\u00fczde 45<\/strong> ile kapat\u0131lmas\u0131 beklentisi bulunuyor\u201d<\/em> dedi.<\/p>","protected":false},"excerpt":{"rendered":"<p>Sorry, this entry is only available in Turkish. For the sake of viewer convenience, the content is shown below in the alternative language. You may click the link to switch the active language. EG\u0130AD, ES\u0130AD ve \u0130ZS\u0130AD i\u015f birli\u011finde d\u00fczenlenen \u00dcNL\u00dc &amp; Co Ara\u015ft\u0131rma B\u00f6l\u00fcm\u00fc K\u0131demli M\u00fcd\u00fcr\u00fc G\u00f6khan Uskuay\u2019\u0131n konuk konu\u015fmac\u0131 oldu\u011fu &#8220;\u00dcNL\u00dc &amp; Co [&hellip;]<\/p>\n","protected":false},"author":1,"featured_media":149313,"comment_status":"open","ping_status":"open","sticky":false,"template":"","format":"standard","meta":[],"categories":[53],"tags":[100120],"views":100,"_links":{"self":[{"href":"https:\/\/www.enerjigazetesi.ist\/en\/wp-json\/wp\/v2\/posts\/149308"}],"collection":[{"href":"https:\/\/www.enerjigazetesi.ist\/en\/wp-json\/wp\/v2\/posts"}],"about":[{"href":"https:\/\/www.enerjigazetesi.ist\/en\/wp-json\/wp\/v2\/types\/post"}],"author":[{"embeddable":true,"href":"https:\/\/www.enerjigazetesi.ist\/en\/wp-json\/wp\/v2\/users\/1"}],"replies":[{"embeddable":true,"href":"https:\/\/www.enerjigazetesi.ist\/en\/wp-json\/wp\/v2\/comments?post=149308"}],"version-history":[{"count":0,"href":"https:\/\/www.enerjigazetesi.ist\/en\/wp-json\/wp\/v2\/posts\/149308\/revisions"}],"wp:featuredmedia":[{"embeddable":true,"href":"https:\/\/www.enerjigazetesi.ist\/en\/wp-json\/wp\/v2\/media\/149313"}],"wp:attachment":[{"href":"https:\/\/www.enerjigazetesi.ist\/en\/wp-json\/wp\/v2\/media?parent=149308"}],"wp:term":[{"taxonomy":"category","embeddable":true,"href":"https:\/\/www.enerjigazetesi.ist\/en\/wp-json\/wp\/v2\/categories?post=149308"},{"taxonomy":"post_tag","embeddable":true,"href":"https:\/\/www.enerjigazetesi.ist\/en\/wp-json\/wp\/v2\/tags?post=149308"}],"curies":[{"name":"wp","href":"https:\/\/api.w.org\/{rel}","templated":true}]}}