{"id":149282,"date":"2022-01-12T23:08:34","date_gmt":"2022-01-12T20:08:34","guid":{"rendered":"https:\/\/www.enerjigazetesi.ist\/?p=149282"},"modified":"2022-01-12T23:18:04","modified_gmt":"2022-01-12T20:18:04","slug":"tuketici-arastirmasi-elektrikli-araca-gecisin-kacinilmaz-oldugunu-gosteriyor","status":"publish","type":"post","link":"https:\/\/www.enerjigazetesi.ist\/en\/tuketici-arastirmasi-elektrikli-araca-gecisin-kacinilmaz-oldugunu-gosteriyor\/","title":{"rendered":"(Turkish) Ara\u015ft\u0131rma Elektrikli Araca Ge\u00e7i\u015fin Ka\u00e7\u0131n\u0131lmaz Oldu\u011funu G\u00f6steriyor&#8230;"},"content":{"rendered":"<p class=\"qtranxs-available-languages-message qtranxs-available-languages-message-en\">Sorry, this entry is only available in <a href=\"https:\/\/www.enerjigazetesi.ist\/tr\/wp-json\/wp\/v2\/posts\/149282\" class=\"qtranxs-available-language-link qtranxs-available-language-link-tr\" title=\"Turkish\">Turkish<\/a>. For the sake of viewer convenience, the content is shown below in the alternative language. You may click the link to switch the active language.<\/p><p><\/p>\n<h2>End\u00fcstri, sivil toplum ve kent y\u00f6netimlerini kapsayan 45&#8217;i a\u015fk\u0131n kurulu\u015fun temsil etti\u011fi <strong>Elektrikli Ula\u015f\u0131m Platformu (Platform for Electromobility<\/strong>), kamuoyuyla payla\u015ft\u0131\u011f\u0131 raporunda, t\u00fcketicilerin elektrikli ara\u00e7lara (EV) ge\u00e7i\u015fini de\u011ferlendiriyor. Element Energy taraf\u0131ndan y\u00fcr\u00fct\u00fclen ve Avrupa genelinde yeni otomobil sat\u0131n alan 14.000 t\u00fcketiciyle ger\u00e7ekle\u015ftirilen alg\u0131 ara\u015ft\u0131rmas\u0131, t\u00fcketicilerin elektrikli ara\u00e7lara haz\u0131r oldu\u011funu g\u00f6steriyor.<\/h2>\n<h3><strong>Avrupal\u0131 t\u00fcketiciler elektrikli ara\u00e7 talep ediyor<\/strong><\/h3>\n<p>Bug\u00fcn yay\u0131nlanan ara\u015ft\u0131rma, <strong>2025 y\u0131l\u0131na kadar elektrikli ara\u00e7lar\u0131n Avrupa&#8217;da en \u00e7ok talep edilen ula\u015f\u0131m bi\u00e7imi olaca\u011f\u0131n\u0131<\/strong> g\u00f6steriyor. T\u00fcketicilerin tercihlerinde \u00f6nemli de\u011fi\u015fiklik oldu\u011funu kaydeden ara\u015ft\u0131rma, kat\u0131l\u0131mc\u0131lar\u0131n <strong>\u00fc\u00e7te ikisinin<\/strong> g\u00fcn\u00fcm\u00fczde bir elektrikli araca sahip oldu\u011funu ya da<img loading=\"lazy\" class=\"alignright wp-image-149284\" src=\"https:\/\/www.enerjigazetesi.ist\/wp-content\/uploads\/2022\/01\/tuketici-arastirmasi-elektrikli-araca-gecisin-kacinilmaz-oldugunu-gosteriyor.jpg\" alt=\"\" width=\"320\" height=\"180\" srcset=\"https:\/\/www.enerjigazetesi.ist\/wp-content\/uploads\/2022\/01\/tuketici-arastirmasi-elektrikli-araca-gecisin-kacinilmaz-oldugunu-gosteriyor.jpg 550w, https:\/\/www.enerjigazetesi.ist\/wp-content\/uploads\/2022\/01\/tuketici-arastirmasi-elektrikli-araca-gecisin-kacinilmaz-oldugunu-gosteriyor-300x169.jpg 300w, https:\/\/www.enerjigazetesi.ist\/wp-content\/uploads\/2022\/01\/tuketici-arastirmasi-elektrikli-araca-gecisin-kacinilmaz-oldugunu-gosteriyor-500x281.jpg 500w, https:\/\/www.enerjigazetesi.ist\/wp-content\/uploads\/2022\/01\/tuketici-arastirmasi-elektrikli-araca-gecisin-kacinilmaz-oldugunu-gosteriyor-80x45.jpg 80w\" sizes=\"(max-width: 320px) 100vw, 320px\" \/> sat\u0131n almay\u0131 d\u00fc\u015f\u00fcnd\u00fc\u011f\u00fcn\u00fc ortaya koyuyor.<\/p>\n<p>T\u00fcketicilerin <strong>sat\u0131n alma karar\u0131nda en \u00f6nemli etkenin ilk maliyet oldu\u011fu g\u00f6r\u00fcl\u00fcyor<\/strong>. Raporda ayn\u0131 zamanda, elektrikli ara\u00e7lar\u0131n fiyat paritesi <strong>i\u00e7ten yanmal\u0131 motorla \u00e7al\u0131\u015fan ara\u00e7lara<\/strong> ula\u015ft\u0131\u011f\u0131nda, piyasan\u0131n h\u0131zla elektrikli ara\u00e7lar lehine evirilece\u011fi belirtiliyor. Bu bulgular, Avrupa\u2019daki otomobiller ve kamyonetleri kapsayan <strong>CO2 standartlar\u0131na<\/strong> ili\u015fkin <strong>yeni d\u00fczenlemelerin \u00f6nemini<\/strong> do\u011fruluyor. Yeni binek otomobillerin ve minib\u00fcslerin <strong>CO2 emisyonu sal\u0131m\u0131n\u0131na<\/strong>\u00a0y\u00f6nelik haz\u0131rlanan ve \u00f6nemli de\u011fi\u015fiklikler \u00f6ng\u00f6ren bu yeni d\u00fczenlemenin, elektrikli ara\u00e7lar\u0131n piyasadaki al\u0131m\u0131n\u0131 desteklemesi \u00f6ng\u00f6r\u00fcl\u00fcyor. Elektrikli Ula\u015f\u0131m Platformu, revize edilen <strong>mevzuat\u0131n<\/strong>, \u00f6nemli \u00f6l\u00e7\u00fcde daha iddial\u0131 hedefler koymas\u0131 ve t\u00fcketici talebini kar\u015f\u0131lamak \u00fczere ge\u00e7ici hedefler belirlemesi gerekti\u011fini belirtiyor.<\/p>\n<p><strong>Elektrikli Ula\u015f\u0131m Platformu\u2019nun yeni y\u00f6netim kurulu ba\u015fkan\u0131 Am\u00e9lie Pans<\/strong>, <em>\u201cElektrikli ara\u00e7lara ge\u00e7i\u015f, end\u00fcstrinin ve karar vericilerin beklentisinden daha h\u0131zl\u0131 ger\u00e7ekle\u015fiyor. T\u00fcketicilerin taleplerini kar\u015f\u0131lad\u0131\u011f\u0131m\u0131zdan emin olmak i\u00e7in hepimizin uygun \u015fekilde yan\u0131t vermemiz gerekiyor. Avrupa&#8217;n\u0131n neresinde ya\u015farsa ya\u015fas\u0131n herkesin, <strong>elektrikli ara\u00e7lara diledi\u011fi zaman ge\u00e7mesini<\/strong> sa\u011flamak hepimizin ortak sorumlulu\u011fu&#8221;<\/em> ifadelerini kulland\u0131.<\/p>\n<h3><strong>T\u00fcketiciler e-yak\u0131tlar\u0131 tercih etmiyor<\/strong><\/h3>\n<p>\u00c7al\u0131\u015fma, t\u00fcketicilerin elektrikli ara\u00e7lar\u0131 e-yak\u0131tlarla \u00e7al\u0131\u015fanlara k\u0131yasla tercih edece\u011fini g\u00f6steriyor. E-yak\u0131tlar\u0131n maliyetine ili\u015fkin iyimser senaryolarda dahi, bu yak\u0131tlar\u0131n piyasaya s\u00fcr\u00fclmesi halinde ara\u00e7lar\u0131n kullan\u0131m maliyeti art\u0131yor. Bu durumun, yeni otomobil al\u0131c\u0131lar\u0131n\u0131n <strong>elektrikli ara\u00e7lara ge\u00e7mesi<\/strong> i\u00e7in te\u015fvik sa\u011flayaca\u011f\u0131 \u00f6ng\u00f6r\u00fcl\u00fcyor.<\/p>\n<p><strong>Pans<\/strong>, <em>\u201cBu raporda e-yak\u0131tlar\u0131n t\u00fcketicilere fayda sa\u011flamad\u0131\u011f\u0131n\u0131 ve t\u00fcketicilerin bunu istemediklerini g\u00f6r\u00fcyoruz. H\u00fck\u00fcmetlerin, yat\u0131r\u0131mlar\u0131n\u0131 bu yak\u0131tlar yerine, piyasadaki elektrikli ara\u00e7lar\u0131n k\u0131sa vadede artmas\u0131na y\u00f6nelik ve bu ara\u00e7lar\u0131n <strong>sat\u0131n alma fiyat\u0131n\u0131<\/strong> i\u00e7ten yanmal\u0131 motorla \u00e7al\u0131\u015fan ara\u00e7lar\u0131n paritesine \u00e7ekmeye odaklamal\u0131d\u0131r\u201d<\/em> dedi.<\/p>\n<h3><strong>Elektrikli ara\u00e7lar\u0131n <\/strong>\u015farj a\u011f\u0131<strong>yla desteklenmesi gerekiyor<\/strong><\/h3>\n<p>G\u00fcn\u00fcm\u00fczde \u015farj istasyonlar\u0131na eri\u015fim alg\u0131s\u0131, <strong>elektrikli ara\u00e7 talebine<\/strong> engel olu\u015fturmuyor. Ancak \u00e7al\u0131\u015fma, <strong>kamu \u015farj noktalar\u0131n\u0131n devreye al\u0131nmas\u0131<\/strong>n\u0131n h\u0131zla ger\u00e7ekle\u015fmemesi durumunda, elektrikli ula\u015f\u0131ma ge\u00e7i\u015fin baltalanabilece\u011fini g\u00f6steriyor.<\/p>\n<p>Pans s\u00f6zlerini, <em>&#8220;<strong>Avrupa Birli\u011fi<\/strong>\u2019nin <strong>Alternatif Yak\u0131tlar Altyap\u0131s\u0131<\/strong> ve<strong> Binalarda Enerji Performans\u0131<\/strong> direktifleri do\u011fru zamanda revize ediliyor. <strong>Kamu<\/strong> ve<strong> \u00f6zel sekt\u00f6r<\/strong> \u015farj istasyonlar\u0131na eri\u015fimin kolayla\u015ft\u0131r\u0131lmas\u0131n\u0131 da i\u00e7eren g\u00fc\u00e7l\u00fc bir \u015farj a\u011f\u0131, herkesin <strong>elektrikli ula\u015f\u0131mdan<\/strong> fayda sa\u011flamas\u0131 i\u00e7in \u00f6nem ta\u015f\u0131yor\u201d \u015feklinde tamaml\u0131yor.&#8221;<\/em><\/p>\n<p><strong>Elektrikli Ula\u015f\u0131m Platformu Hakk\u0131nda Detayl\u0131 Bilgi \u0130\u00e7in:<\/strong> <a href=\"https:\/\/www.platformelectromobility.eu\/\" target=\"_blank\" rel=\"noopener\">https:\/\/www.platformelectromobility.eu\/ <\/a>adresini ziyaret edebilirsiniz.<\/p>","protected":false},"excerpt":{"rendered":"<p>Sorry, this entry is only available in Turkish. For the sake of viewer convenience, the content is shown below in the alternative language. You may click the link to switch the active language. End\u00fcstri, sivil toplum ve kent y\u00f6netimlerini kapsayan 45&#8217;i a\u015fk\u0131n kurulu\u015fun temsil etti\u011fi Elektrikli Ula\u015f\u0131m Platformu (Platform for Electromobility), kamuoyuyla payla\u015ft\u0131\u011f\u0131 raporunda, t\u00fcketicilerin [&hellip;]<\/p>\n","protected":false},"author":1,"featured_media":149284,"comment_status":"open","ping_status":"open","sticky":false,"template":"","format":"standard","meta":[],"categories":[51,53],"tags":[100116,64981,58002,100113,52175,100114,100117,100115],"views":180,"_links":{"self":[{"href":"https:\/\/www.enerjigazetesi.ist\/en\/wp-json\/wp\/v2\/posts\/149282"}],"collection":[{"href":"https:\/\/www.enerjigazetesi.ist\/en\/wp-json\/wp\/v2\/posts"}],"about":[{"href":"https:\/\/www.enerjigazetesi.ist\/en\/wp-json\/wp\/v2\/types\/post"}],"author":[{"embeddable":true,"href":"https:\/\/www.enerjigazetesi.ist\/en\/wp-json\/wp\/v2\/users\/1"}],"replies":[{"embeddable":true,"href":"https:\/\/www.enerjigazetesi.ist\/en\/wp-json\/wp\/v2\/comments?post=149282"}],"version-history":[{"count":0,"href":"https:\/\/www.enerjigazetesi.ist\/en\/wp-json\/wp\/v2\/posts\/149282\/revisions"}],"wp:featuredmedia":[{"embeddable":true,"href":"https:\/\/www.enerjigazetesi.ist\/en\/wp-json\/wp\/v2\/media\/149284"}],"wp:attachment":[{"href":"https:\/\/www.enerjigazetesi.ist\/en\/wp-json\/wp\/v2\/media?parent=149282"}],"wp:term":[{"taxonomy":"category","embeddable":true,"href":"https:\/\/www.enerjigazetesi.ist\/en\/wp-json\/wp\/v2\/categories?post=149282"},{"taxonomy":"post_tag","embeddable":true,"href":"https:\/\/www.enerjigazetesi.ist\/en\/wp-json\/wp\/v2\/tags?post=149282"}],"curies":[{"name":"wp","href":"https:\/\/api.w.org\/{rel}","templated":true}]}}