{"id":149237,"date":"2022-01-12T11:47:06","date_gmt":"2022-01-12T08:47:06","guid":{"rendered":"https:\/\/www.enerjigazetesi.ist\/?p=149237"},"modified":"2022-01-12T11:48:33","modified_gmt":"2022-01-12T08:48:33","slug":"yapi-kredi-yayinlari-ve-tuprastan-bizans-doneminde-anadolu-serisi","status":"publish","type":"post","link":"https:\/\/www.enerjigazetesi.ist\/en\/yapi-kredi-yayinlari-ve-tuprastan-bizans-doneminde-anadolu-serisi\/","title":{"rendered":"(Turkish) Yap\u0131 Kredi Yay\u0131nlar\u0131 ve T\u00fcpra\u015f&#8217;tan &#8216;Bizans D\u00f6nemi\u2019nde Anadolu&#8217; Serisi"},"content":{"rendered":"<p class=\"qtranxs-available-languages-message qtranxs-available-languages-message-en\">Sorry, this entry is only available in <a href=\"https:\/\/www.enerjigazetesi.ist\/tr\/wp-json\/wp\/v2\/posts\/149237\" class=\"qtranxs-available-language-link qtranxs-available-language-link-tr\" title=\"Turkish\">Turkish<\/a>. For the sake of viewer convenience, the content is shown below in the alternative language. You may click the link to switch the active language.<\/p><p><\/p>\n<h2><em><strong>T\u00fcpra\u015f<\/strong><\/em>\u00a0ve <em><strong>Yap\u0131 Kredi Yay\u0131nlar\u0131\u00a0<\/strong><\/em>i\u015f birli\u011fiyle 2011 y\u0131l\u0131nda ba\u015flat\u0131lan ve\u00a0tamamland\u0131\u011f\u0131 zaman Anadolu k\u00fclt\u00fcr tarihi i\u00e7in ara\u015ft\u0131rmac\u0131lara ve okurlara kapsaml\u0131 bir k\u00fclliyat sunacak olan <strong>\u201cAnadolu Uygarl\u0131klar\u0131 Serisi\u201d<\/strong>\u00a0toplam <strong>12\u00a0<\/strong>kitaptan olu\u015fuyor.<\/h2>\n<p>Seri kapsam\u0131nda yay\u0131mlanan <strong>10&#8217;uncu kitap<\/strong><em><strong>\u00a0<\/strong><\/em>olan<em><strong>\u00a0<\/strong><\/em><em><strong>Bizans D\u00f6nemi\u2019nde Anadolu,<\/strong><\/em> konusunda uzman yerli ve yabanc\u0131 Bizans ara\u015ft\u0131rmac\u0131lar\u0131n\u0131n kaleme ald\u0131\u011f\u0131<strong> 32 makale<\/strong> arac\u0131l\u0131\u011f\u0131yla hem <strong>Bizans<\/strong> k\u00fclt\u00fcr\u00fcne <img loading=\"lazy\" class=\"alignright wp-image-149239\" src=\"https:\/\/www.enerjigazetesi.ist\/wp-content\/uploads\/2022\/01\/yapi-kredi-yayinlari-ve-tuprastan-bizans-doneminde-anadolu-serisi.jpg\" alt=\"\" width=\"320\" height=\"233\" srcset=\"https:\/\/www.enerjigazetesi.ist\/wp-content\/uploads\/2022\/01\/yapi-kredi-yayinlari-ve-tuprastan-bizans-doneminde-anadolu-serisi.jpg 550w, https:\/\/www.enerjigazetesi.ist\/wp-content\/uploads\/2022\/01\/yapi-kredi-yayinlari-ve-tuprastan-bizans-doneminde-anadolu-serisi-300x218.jpg 300w, https:\/\/www.enerjigazetesi.ist\/wp-content\/uploads\/2022\/01\/yapi-kredi-yayinlari-ve-tuprastan-bizans-doneminde-anadolu-serisi-500x364.jpg 500w, https:\/\/www.enerjigazetesi.ist\/wp-content\/uploads\/2022\/01\/yapi-kredi-yayinlari-ve-tuprastan-bizans-doneminde-anadolu-serisi-69x50.jpg 69w\" sizes=\"(max-width: 320px) 100vw, 320px\" \/>hem de <strong>\u201cBizans Anadolusu\u201d<\/strong>na \u0131\u015f\u0131k tutuyor.<\/p>\n<p><strong>Siyasi, b\u00fcrokratik, askeri, iktisadi ve dini hayat hakk\u0131ndaki makaleler, devlet ayg\u0131t\u0131<\/strong> ve toplumsal yap\u0131 \u00fczerine e\u011filirken; <strong>edebiyat, sa\u011fl\u0131k, sanat<\/strong> ve <strong>maddi izler temal\u0131 makaleler, g\u00fcndelik hayatla ilgili<\/strong> de\u011ferli bilgiler sunuyor. Kitab\u0131n son b\u00f6l\u00fcm\u00fcnde; okuyucu, <strong>Bizans Anadolusu<\/strong>\u2019nun farkl\u0131 b\u00f6lgelerine odaklanan makaleler \u00fczerinden<strong> tarihsel bir yolculu\u011fa<\/strong> davet ediliyor.<\/p>\n<p><strong>\u0130mparator I. Theodosius<\/strong>\u2019un <strong>395 y\u0131l\u0131nda<\/strong> \u00f6l\u00fcm\u00fcnden sonra, <strong>Man\u015f Denizi<\/strong> k\u0131y\u0131lar\u0131ndan \u0130ran s\u0131n\u0131r\u0131na kadar uzanan geni\u015f Roma topraklar\u0131 bat\u0131 ve do\u011fu olarak ikiye ayr\u0131l\u0131r. Her ne kadar imparatorlu\u011fun bat\u0131 par\u00e7as\u0131 5. y\u00fczy\u0131l\u0131n ikinci yar\u0131s\u0131nda tarihe kar\u0131\u015fsa da Roma \u0130mparatorlu\u011fu varl\u0131\u011f\u0131n\u0131 do\u011fudaki topraklar\u0131nda <strong>1453 y\u0131l\u0131na kadar<\/strong> s\u00fcrd\u00fcr\u00fcr. Ba\u015fkenti Roma\u2019dan Byzantion kentine (yeni ad\u0131yla Konstantinopolis\u2019e) ta\u015f\u0131nan, zaman i\u00e7inde H\u0131ristiyanla\u015fan bu imparatorluk i\u00e7in <strong>\u201cBizans\u201d<\/strong> ad\u0131, ilk kez 16. y\u00fczy\u0131lda Alman h\u00fcmanist ve filolog Hieronymus Wolf taraf\u0131ndan kullan\u0131lm\u0131\u015f, 19. y\u00fczy\u0131l ve sonras\u0131nda bu terim yayg\u0131nla\u015fm\u0131\u015ft\u0131r. Ancak, bu kitapta bahsedilen insanlar kendilerini hep<strong> \u201cRomal\u0131\u201d<\/strong>, devletlerini de <strong>\u201cRoma \u0130mparatorlu\u011fu\u201d<\/strong> olarak adland\u0131rm\u0131\u015f; kom\u015fular\u0131 da onlar\u0131 <strong>\u201cRomal\u0131lar\u201d<\/strong> olarak bilmi\u015ftir. Yakla\u015f\u0131k <strong>11 y\u00fczy\u0131l boyunca<\/strong> varl\u0131\u011f\u0131n\u0131 s\u00fcrd\u00fcren <strong>Bizans \u0130mparatorlu\u011fu<\/strong>, <strong>Anadolu\u2019da<\/strong> en uzun s\u00fcre h\u00fck\u00fcm s\u00fcren devletlerden biri olmu\u015ftur. A\u011f\u0131rl\u0131kl\u0131 olarak <strong>Yunanca<\/strong> konu\u015fulan ve <strong>H\u0131ristiyan<\/strong> olan <strong>Bizans d\u00fcnyas\u0131n\u0131n<\/strong> <strong>co\u011frafi, be\u015fer\u00ee <\/strong>ve<strong> ekonomik<\/strong> be\u015fi\u011fi <strong>Anadolu<\/strong>\u2019dur. <strong>14. y\u00fczy\u0131l<\/strong> itibar\u0131yla Anadolu\u2019nun kaybedilmesi, k\u0131sa s\u00fcrede imparatorlu\u011fun sonunu getirmi\u015ftir. <strong>13. y\u00fczy\u0131l\u0131n<\/strong> ortas\u0131nda \u0130mparator 1<strong>. Theodoros Laskaris<\/strong>\u2019in, mektuplar\u0131ndan birinde Anadolu\u2019ya <strong>\u201cKutsal diyar, anam, Anadolu!\u201d<\/strong> diye seslenmesi, bu topraklar\u0131n imparatorluk i\u00e7in ne denli ya\u015famsal oldu\u011funu g\u00f6stermektedir.<\/p>\n<h3><strong>Serinin bug\u00fcne kadar yay\u0131nlanan kitaplar listesi:<\/strong><\/h3>\n<p>1- Urartu &#8211; Do\u011fu\u2019da De\u011fi\u015fim \/ Transformation in the East<\/p>\n<p>2- Frigler: Midas&#8217;\u0131n \u00dclkesinde, An\u0131tlar\u0131n G\u00f6lgesinde \/ Phrygians: In the Land of Midas, In the Shadow of Monuments<\/p>\n<p>3- Hititler &#8211; Bir Anadolu \u0130mparatorlu\u011fu \/ Hittites-An Anatolian Empire<\/p>\n<p>4- Pergamon &#8211; Anadolu\u2019da Hellenistik Bir Ba\u015fkent \/ A Hellenistic Capital in Anatolia<\/p>\n<p>5- Lukka\u2019dan Likya\u2019ya &#8211; Sarpedon ve Aziz Nikolaos\u2019un \u00dclkesi \/ From Lukka to Lycia The Land of Sarpedon and St. Nicholas<\/p>\n<p>6- Persler &#8211; Anadolu\u2019da Kudret ve G\u00f6rkem \/ The Persians &#8211; Power and Glory in Anatolia<\/p>\n<p>7- Assurlular Dicle\u2019den Toroslar\u2019a Tanr\u0131 Assur\u2019un Krall\u0131\u011f\u0131 \/ The Assyrians Kingdom of the God of Assur from Tigris to Taurus<\/p>\n<p>8- Hellenistik ve Roma D\u00f6nemlerinde Anadolu-Krallar, \u0130mparatorlar ve Kent Devletleri \/ Hellenistic and Roman Anatolia Kings, Emperors, City States<\/p>\n<p>9- Karial\u0131lar: Denizcilerden Kent Kuruculara\/ The Carians: From Seafarers to City Builders<\/p>\n<p>10- Bizans D\u00f6nemi\u2019nde Anadolu \/ Anatolia in The Byzantine Period<\/p>","protected":false},"excerpt":{"rendered":"<p>Sorry, this entry is only available in Turkish. For the sake of viewer convenience, the content is shown below in the alternative language. You may click the link to switch the active language. T\u00fcpra\u015f\u00a0ve Yap\u0131 Kredi Yay\u0131nlar\u0131\u00a0i\u015f birli\u011fiyle 2011 y\u0131l\u0131nda ba\u015flat\u0131lan ve\u00a0tamamland\u0131\u011f\u0131 zaman Anadolu k\u00fclt\u00fcr tarihi i\u00e7in ara\u015ft\u0131rmac\u0131lara ve okurlara kapsaml\u0131 bir k\u00fclliyat sunacak olan [&hellip;]<\/p>\n","protected":false},"author":1,"featured_media":149239,"comment_status":"open","ping_status":"open","sticky":false,"template":"","format":"standard","meta":[],"categories":[53],"tags":[100097,83981,100099,100098,100096,1000,83978],"views":164,"_links":{"self":[{"href":"https:\/\/www.enerjigazetesi.ist\/en\/wp-json\/wp\/v2\/posts\/149237"}],"collection":[{"href":"https:\/\/www.enerjigazetesi.ist\/en\/wp-json\/wp\/v2\/posts"}],"about":[{"href":"https:\/\/www.enerjigazetesi.ist\/en\/wp-json\/wp\/v2\/types\/post"}],"author":[{"embeddable":true,"href":"https:\/\/www.enerjigazetesi.ist\/en\/wp-json\/wp\/v2\/users\/1"}],"replies":[{"embeddable":true,"href":"https:\/\/www.enerjigazetesi.ist\/en\/wp-json\/wp\/v2\/comments?post=149237"}],"version-history":[{"count":0,"href":"https:\/\/www.enerjigazetesi.ist\/en\/wp-json\/wp\/v2\/posts\/149237\/revisions"}],"wp:featuredmedia":[{"embeddable":true,"href":"https:\/\/www.enerjigazetesi.ist\/en\/wp-json\/wp\/v2\/media\/149239"}],"wp:attachment":[{"href":"https:\/\/www.enerjigazetesi.ist\/en\/wp-json\/wp\/v2\/media?parent=149237"}],"wp:term":[{"taxonomy":"category","embeddable":true,"href":"https:\/\/www.enerjigazetesi.ist\/en\/wp-json\/wp\/v2\/categories?post=149237"},{"taxonomy":"post_tag","embeddable":true,"href":"https:\/\/www.enerjigazetesi.ist\/en\/wp-json\/wp\/v2\/tags?post=149237"}],"curies":[{"name":"wp","href":"https:\/\/api.w.org\/{rel}","templated":true}]}}