{"id":149232,"date":"2022-01-12T11:32:41","date_gmt":"2022-01-12T08:32:41","guid":{"rendered":"https:\/\/www.enerjigazetesi.ist\/?p=149232"},"modified":"2022-01-12T12:43:35","modified_gmt":"2022-01-12T09:43:35","slug":"turk-telekom-dan-yillik-31-milyon-kilowatt-saat-enerji-tasarrufu","status":"publish","type":"post","link":"https:\/\/www.enerjigazetesi.ist\/en\/turk-telekom-dan-yillik-31-milyon-kilowatt-saat-enerji-tasarrufu\/","title":{"rendered":"(Turkish) &#8217;T\u00fcrk Telekom&#8217;dan Y\u0131ll\u0131k 31 Milyon Kilowatt Saat Enerji Tasarrufu"},"content":{"rendered":"<p class=\"qtranxs-available-languages-message qtranxs-available-languages-message-en\">Sorry, this entry is only available in <a href=\"https:\/\/www.enerjigazetesi.ist\/tr\/wp-json\/wp\/v2\/posts\/149232\" class=\"qtranxs-available-language-link qtranxs-available-language-link-tr\" title=\"Turkish\">Turkish<\/a>. For the sake of viewer convenience, the content is shown below in the alternative language. You may click the link to switch the active language.<\/p><p><\/p>\n<h2><strong>T\u00fcrk Telekom<\/strong>, enerji kaynaklar\u0131n\u0131n verimli kullan\u0131lmas\u0131, yenilenebilir enerji kaynaklar\u0131n\u0131n yayg\u0131nla\u015ft\u0131r\u0131lmas\u0131 ve s\u00fcrd\u00fcr\u00fclebilir gelecek i\u00e7in \u00e7al\u0131\u015fmalar\u0131n\u0131 s\u00fcrd\u00fcr\u00fcyor.<\/h2>\n<p><img loading=\"lazy\" class=\"alignright wp-image-149256\" src=\"https:\/\/www.enerjigazetesi.ist\/wp-content\/uploads\/2022\/01\/turk-telekom-dan-yillik-31-milyon-kilowatt-saat-enerji-tasarrufu-4.jpg\" alt=\"\" width=\"280\" height=\"359\" srcset=\"https:\/\/www.enerjigazetesi.ist\/wp-content\/uploads\/2022\/01\/turk-telekom-dan-yillik-31-milyon-kilowatt-saat-enerji-tasarrufu-4.jpg 550w, https:\/\/www.enerjigazetesi.ist\/wp-content\/uploads\/2022\/01\/turk-telekom-dan-yillik-31-milyon-kilowatt-saat-enerji-tasarrufu-4-234x300.jpg 234w, https:\/\/www.enerjigazetesi.ist\/wp-content\/uploads\/2022\/01\/turk-telekom-dan-yillik-31-milyon-kilowatt-saat-enerji-tasarrufu-4-312x400.jpg 312w, https:\/\/www.enerjigazetesi.ist\/wp-content\/uploads\/2022\/01\/turk-telekom-dan-yillik-31-milyon-kilowatt-saat-enerji-tasarrufu-4-39x50.jpg 39w, https:\/\/www.enerjigazetesi.ist\/wp-content\/uploads\/2022\/01\/turk-telekom-dan-yillik-31-milyon-kilowatt-saat-enerji-tasarrufu-4-500x641.jpg 500w\" sizes=\"(max-width: 280px) 100vw, 280px\" \/>Bu kapsamda T\u00fcrk Telekom, <strong>sabit<\/strong> ve <strong>mobil \u015febekede<\/strong> toplam elektrik t\u00fcketimini<strong> son 5 y\u0131l<\/strong>da <strong>% 3<\/strong> oran\u0131nda d\u00fc\u015f\u00fcrd\u00fc. B\u00f6ylece y\u0131ll\u0131k ortalama <strong>31 milyon kilowatt saat\u00a0(kWh)<\/strong> enerji tasarrufu sa\u011flarken,<strong> son 5 y\u0131lda<\/strong> y\u0131ll\u0131k ortalama <strong>15 bin ton karbon emisyonunu<\/strong> engelledi.<\/p>\n<h3><strong>\u201cEnerji verimlili\u011fi ile s\u00fcrd\u00fcr\u00fclebilir gelece\u011fe katk\u0131 sa\u011fl\u0131yoruz\u201d<\/strong><\/h3>\n<p><strong>T\u00fcrk Telekom Kurumsal Risk ve \u0130\u015f S\u00fcreklili\u011fi Ba\u015fkan\u0131 Ali G\u00fcrsoy<\/strong>, Enerji Verimlili\u011fi Haftas\u0131 dolay\u0131s\u0131yla yapt\u0131\u011f\u0131 a\u00e7\u0131klamada <span style=\"text-decoration: underline;\">\u015funlar\u0131 s\u00f6yledi:<\/span><em>\u201c<strong>T\u00fcrk Telekom<\/strong> olarak, gelecek nesillere ya\u015fanabilir bir d\u00fcnya b\u0131rakma hedefiyle, i\u015f modellerimizde, stratejilerimizde ve kurumsal kararlar\u0131m\u0131zda s\u00fcrd\u00fcr\u00fclebilirli\u011fin evrensel ilkelerini \u00f6nceliklendiriyoruz. Bu do\u011frultuda; <strong>tasarruf, enerji verimlili\u011fi<\/strong> ve<strong> yenilenebilir enerji<\/strong> alanlar\u0131nda yat\u0131r\u0131mlar\u0131m\u0131za devam ediyoruz. <strong>G\u00fc\u00e7l\u00fc abone b\u00fcy\u00fcmesine ba\u011fl\u0131<\/strong> olarak <strong>data kullan\u0131m miktarlar\u0131<\/strong>nda<strong> art\u0131\u015f\u0131n s\u00fcrd\u00fc\u011f\u00fc<\/strong> ve <strong>altyap\u0131 yat\u0131r\u0131mlar\u0131n\u0131n artt\u0131\u011f\u0131<\/strong> 2021 y\u0131l\u0131nda abone ba\u015f\u0131na <strong>d\u00fc\u015fen elektrik t\u00fcketimini<\/strong> bir \u00f6nceki y\u0131la g\u00f6re azaltmay\u0131 ba\u015fard\u0131k. \u0130htiya\u00e7 olmad\u0131\u011f\u0131nda ayd\u0131nlatmalar\u0131n kapat\u0131lmas\u0131, \u0131s\u0131tma ve so\u011futma cihazlar\u0131n\u0131n <strong>optimum de\u011ferlerde<\/strong> ayarlanmas\u0131, kullan\u0131lmayan elektrikli ekipmanlar\u0131n tamamen kapat\u0131lmas\u0131, <strong>enerji verimlili\u011fi sa\u011flayan<\/strong> <strong>elektronik aletlerin<\/strong> v<strong>e ayd\u0131nlatma sistemlerinin<\/strong> tercih edilmesi gibi bireysel \u00f6nemlerin de etkisiyle <strong>s\u00fcrd\u00fcr\u00fclebilir bir gelece\u011fe<\/strong> sa\u011flad\u0131\u011f\u0131m\u0131z katk\u0131dan gurur duyuyoruz.\u201d<\/em><\/p>","protected":false},"excerpt":{"rendered":"<p>Sorry, this entry is only available in Turkish. For the sake of viewer convenience, the content is shown below in the alternative language. You may click the link to switch the active language. T\u00fcrk Telekom, enerji kaynaklar\u0131n\u0131n verimli kullan\u0131lmas\u0131, yenilenebilir enerji kaynaklar\u0131n\u0131n yayg\u0131nla\u015ft\u0131r\u0131lmas\u0131 ve s\u00fcrd\u00fcr\u00fclebilir gelecek i\u00e7in \u00e7al\u0131\u015fmalar\u0131n\u0131 s\u00fcrd\u00fcr\u00fcyor. Bu kapsamda T\u00fcrk Telekom, sabit ve [&hellip;]<\/p>\n","protected":false},"author":1,"featured_media":149235,"comment_status":"open","ping_status":"open","sticky":false,"template":"","format":"standard","meta":[],"categories":[51,53,52],"tags":[45946,103,12,1727,1296,2526,793],"views":233,"_links":{"self":[{"href":"https:\/\/www.enerjigazetesi.ist\/en\/wp-json\/wp\/v2\/posts\/149232"}],"collection":[{"href":"https:\/\/www.enerjigazetesi.ist\/en\/wp-json\/wp\/v2\/posts"}],"about":[{"href":"https:\/\/www.enerjigazetesi.ist\/en\/wp-json\/wp\/v2\/types\/post"}],"author":[{"embeddable":true,"href":"https:\/\/www.enerjigazetesi.ist\/en\/wp-json\/wp\/v2\/users\/1"}],"replies":[{"embeddable":true,"href":"https:\/\/www.enerjigazetesi.ist\/en\/wp-json\/wp\/v2\/comments?post=149232"}],"version-history":[{"count":0,"href":"https:\/\/www.enerjigazetesi.ist\/en\/wp-json\/wp\/v2\/posts\/149232\/revisions"}],"wp:featuredmedia":[{"embeddable":true,"href":"https:\/\/www.enerjigazetesi.ist\/en\/wp-json\/wp\/v2\/media\/149235"}],"wp:attachment":[{"href":"https:\/\/www.enerjigazetesi.ist\/en\/wp-json\/wp\/v2\/media?parent=149232"}],"wp:term":[{"taxonomy":"category","embeddable":true,"href":"https:\/\/www.enerjigazetesi.ist\/en\/wp-json\/wp\/v2\/categories?post=149232"},{"taxonomy":"post_tag","embeddable":true,"href":"https:\/\/www.enerjigazetesi.ist\/en\/wp-json\/wp\/v2\/tags?post=149232"}],"curies":[{"name":"wp","href":"https:\/\/api.w.org\/{rel}","templated":true}]}}