{"id":14918,"date":"2013-09-05T10:35:43","date_gmt":"2013-09-05T07:35:43","guid":{"rendered":"https:\/\/www.enerjigazetesi.ist\/?p=14918"},"modified":"2013-09-05T11:16:16","modified_gmt":"2013-09-05T08:16:16","slug":"cin-gunes-elektrigine-beklentilerin-uzerinde-destek","status":"publish","type":"post","link":"https:\/\/www.enerjigazetesi.ist\/en\/cin-gunes-elektrigine-beklentilerin-uzerinde-destek\/","title":{"rendered":"(Turkish) \u00c7in G\u00fcne\u015f Elektri\u011fine Beklentilerin \u00dczerinde Destek&#8230;"},"content":{"rendered":"<p class=\"qtranxs-available-languages-message qtranxs-available-languages-message-en\">Sorry, this entry is only available in <a href=\"https:\/\/www.enerjigazetesi.ist\/tr\/wp-json\/wp\/v2\/posts\/14918\" class=\"qtranxs-available-language-link qtranxs-available-language-link-tr\" title=\"Turkish\">Turkish<\/a>. For the sake of viewer convenience, the content is shown below in the alternative language. You may click the link to switch the active language.<\/p><p><strong>\u00c7in h\u00fck\u00fcmeti beklenenin \u00fczerindeki al\u0131m destekleri ile fotovoltaik sekt\u00f6r\u00fcn\u00fc\u00a0 destekliyor. \u00c7in Ulusal Kalk\u0131nma ve Reform Komisyonu g\u00fcne\u015f elektri\u011fi \u00fcretimi i\u00e7in\u00a0 sa\u011flanacak al\u0131m fiyat\u0131 deste\u011fini a\u00e7\u0131klad\u0131.<\/strong><\/p>\n<p>Komisyon taraf\u0131ndan yap\u0131lan\u00a0 a\u00e7\u0131k<a href=\"https:\/\/www.enerjigazetesi.ist\/wp-content\/uploads\/2013\/09\/cin-gunes-elektrigine-beklentilerin-uzerinde-destek-acikladi.jpg\"><img loading=\"lazy\" class=\"alignleft size-medium wp-image-14919\" title=\"cin-gunes-elektrigine-beklentilerin-uzerinde-destek-acikladi\" src=\"https:\/\/www.enerjigazetesi.ist\/wp-content\/uploads\/2013\/09\/cin-gunes-elektrigine-beklentilerin-uzerinde-destek-acikladi-300x192.jpg\" alt=\"\" width=\"300\" height=\"192\" srcset=\"https:\/\/www.enerjigazetesi.ist\/wp-content\/uploads\/2013\/09\/cin-gunes-elektrigine-beklentilerin-uzerinde-destek-acikladi-300x192.jpg 300w, https:\/\/www.enerjigazetesi.ist\/wp-content\/uploads\/2013\/09\/cin-gunes-elektrigine-beklentilerin-uzerinde-destek-acikladi-78x50.jpg 78w, https:\/\/www.enerjigazetesi.ist\/wp-content\/uploads\/2013\/09\/cin-gunes-elektrigine-beklentilerin-uzerinde-destek-acikladi.jpg 390w\" sizes=\"(max-width: 300px) 100vw, 300px\" \/><\/a>lamada desteklerin yat\u0131r\u0131mlar\u0131n \u00f6l\u00e7eklerine ve b\u00f6lgelerine de\u011fi\u015fen\u00a0 oranlarda uygulanaca\u011f\u0131 ifade edilirken, b\u00f6lgelendirmenin g\u00fcne\u015f enerjisi\u00a0 alan\u0131ndaki avantajl\u0131 durum ve in\u015faat maliyetleri kriterlerine g\u00f6re belirlendi\u011fi\u00a0 belirtildi.<\/p>\n<p>A\u00e7\u0131klamada ayr\u0131ca desteklerin 20 y\u0131l boyunca uygulanaca\u011f\u0131 belirtilirken,\u00a0 maliyetlerdeki de\u011fi\u015fme ve g\u00fcne\u015f enerjisindeki kurulu g\u00fc\u00e7 art\u0131\u015f\u0131na ba\u011fl\u0131 olarak\u00a0 ise al\u0131m fiyatlar\u0131n\u0131n de\u011fi\u015febilece\u011fi kaydedildi.<\/p>\n<p>\u0130lgili karara g\u00f6re konut ve binalarda kurulacak da\u011f\u0131t\u0131k g\u00fcne\u015f enerjisi\u00a0 sistemlerinde \u00fcretilecek g\u00fcne\u015f elektri\u011fi i\u00e7in al\u0131m fiyat\u0131, kilovat-saat ba\u015f\u0131na\u00a0 0.42 y\u00fcen (1 y\u00fcen = 16 dolar-sent) olarak uygulanacak.<\/p>\n<p><strong>Haberin Devam\u0131 \u0130\u00e7in<\/strong> <a href=\"http:\/\/www.yesilekonomi.com\/yenilenebilir-enerji\/cin-gunes-elektrigine-beklentilerin-uzerinde-destek-acikladi\" target=\"_blank\">TIKLAYIN&gt;&gt;<\/a><\/p>\n<p>Kaynak: <a href=\"http:\/\/www.yesilekonomi.com\/yenilenebilir-enerji\/cin-gunes-elektrigine-beklentilerin-uzerinde-destek-acikladi\" target=\"_blank\">Ye\u015fil Ekonomi<\/a><\/p>","protected":false},"excerpt":{"rendered":"<p>Sorry, this entry is only available in Turkish. For the sake of viewer convenience, the content is shown below in the alternative language. You may click the link to switch the active language.\u00c7in h\u00fck\u00fcmeti beklenenin \u00fczerindeki al\u0131m destekleri ile fotovoltaik sekt\u00f6r\u00fcn\u00fc\u00a0 destekliyor. \u00c7in Ulusal Kalk\u0131nma ve Reform Komisyonu g\u00fcne\u015f elektri\u011fi \u00fcretimi i\u00e7in\u00a0 sa\u011flanacak al\u0131m fiyat\u0131 [&hellip;]<\/p>\n","protected":false},"author":1,"featured_media":14919,"comment_status":"open","ping_status":"open","sticky":false,"template":"","format":"standard","meta":[],"categories":[53,49],"tags":[886,63,67,1009,165,502,227,1169,13],"views":554,"_links":{"self":[{"href":"https:\/\/www.enerjigazetesi.ist\/en\/wp-json\/wp\/v2\/posts\/14918"}],"collection":[{"href":"https:\/\/www.enerjigazetesi.ist\/en\/wp-json\/wp\/v2\/posts"}],"about":[{"href":"https:\/\/www.enerjigazetesi.ist\/en\/wp-json\/wp\/v2\/types\/post"}],"author":[{"embeddable":true,"href":"https:\/\/www.enerjigazetesi.ist\/en\/wp-json\/wp\/v2\/users\/1"}],"replies":[{"embeddable":true,"href":"https:\/\/www.enerjigazetesi.ist\/en\/wp-json\/wp\/v2\/comments?post=14918"}],"version-history":[{"count":14,"href":"https:\/\/www.enerjigazetesi.ist\/en\/wp-json\/wp\/v2\/posts\/14918\/revisions"}],"predecessor-version":[{"id":14955,"href":"https:\/\/www.enerjigazetesi.ist\/en\/wp-json\/wp\/v2\/posts\/14918\/revisions\/14955"}],"wp:featuredmedia":[{"embeddable":true,"href":"https:\/\/www.enerjigazetesi.ist\/en\/wp-json\/wp\/v2\/media\/14919"}],"wp:attachment":[{"href":"https:\/\/www.enerjigazetesi.ist\/en\/wp-json\/wp\/v2\/media?parent=14918"}],"wp:term":[{"taxonomy":"category","embeddable":true,"href":"https:\/\/www.enerjigazetesi.ist\/en\/wp-json\/wp\/v2\/categories?post=14918"},{"taxonomy":"post_tag","embeddable":true,"href":"https:\/\/www.enerjigazetesi.ist\/en\/wp-json\/wp\/v2\/tags?post=14918"}],"curies":[{"name":"wp","href":"https:\/\/api.w.org\/{rel}","templated":true}]}}