{"id":149146,"date":"2022-01-10T15:03:15","date_gmt":"2022-01-10T12:03:15","guid":{"rendered":"https:\/\/www.enerjigazetesi.ist\/?p=149146"},"modified":"2022-01-10T15:03:15","modified_gmt":"2022-01-10T12:03:15","slug":"10-ocak-calisan-gazeteciler-gunu-icin-nostalji-22-fotograf-sergisi-acildi","status":"publish","type":"post","link":"https:\/\/www.enerjigazetesi.ist\/en\/10-ocak-calisan-gazeteciler-gunu-icin-nostalji-22-fotograf-sergisi-acildi\/","title":{"rendered":"(Turkish) 10 Ocak \u00c7al\u0131\u015fan Gazeteciler G\u00fcn\u00fc \u0130\u00e7in &#8216;Nostalji 22&#8217; Foto\u011fraf Sergisi A\u00e7\u0131ld\u0131"},"content":{"rendered":"<p class=\"qtranxs-available-languages-message qtranxs-available-languages-message-en\">Sorry, this entry is only available in <a href=\"https:\/\/www.enerjigazetesi.ist\/tr\/wp-json\/wp\/v2\/posts\/149146\" class=\"qtranxs-available-language-link qtranxs-available-language-link-tr\" title=\"Turkish\">Turkish<\/a>. For the sake of viewer convenience, the content is shown below in the alternative language. You may click the link to switch the active language.<\/p><p><\/p>\n<h2>Gebze Center AVM, 10 Ocak \u00c7al\u0131\u015fan Gazeteciler G\u00fcn\u00fc nedeniyle, Gebze Gazeteciler Cemiyeti taraf\u0131ndan haz\u0131rlanan &#8216;Nostalji 22&#8217; foto\u011fraf sergisini ziyaret\u00e7ilerinin kat\u0131l\u0131m\u0131na a\u00e7t\u0131.<\/h2>\n<p><strong>Gebze Center\u00a0AVM<\/strong>&#8216;de yap\u0131lan Nostalji 22 foto\u011fraf sergisine ilgi yo\u011fun oldu. Serginin a\u00e7\u0131l\u0131\u015f t\u00f6reni <img loading=\"lazy\" class=\"alignright wp-image-149148\" src=\"https:\/\/www.enerjigazetesi.ist\/wp-content\/uploads\/2022\/01\/10-ocak-calisan-gazeteciler-gunu-icin-nostalji-22-fotograf-sergisi-acildi-2.jpg\" alt=\"\" width=\"320\" height=\"213\" srcset=\"https:\/\/www.enerjigazetesi.ist\/wp-content\/uploads\/2022\/01\/10-ocak-calisan-gazeteciler-gunu-icin-nostalji-22-fotograf-sergisi-acildi-2.jpg 550w, https:\/\/www.enerjigazetesi.ist\/wp-content\/uploads\/2022\/01\/10-ocak-calisan-gazeteciler-gunu-icin-nostalji-22-fotograf-sergisi-acildi-2-300x200.jpg 300w, https:\/\/www.enerjigazetesi.ist\/wp-content\/uploads\/2022\/01\/10-ocak-calisan-gazeteciler-gunu-icin-nostalji-22-fotograf-sergisi-acildi-2-500x333.jpg 500w, https:\/\/www.enerjigazetesi.ist\/wp-content\/uploads\/2022\/01\/10-ocak-calisan-gazeteciler-gunu-icin-nostalji-22-fotograf-sergisi-acildi-2-75x50.jpg 75w, https:\/\/www.enerjigazetesi.ist\/wp-content\/uploads\/2022\/01\/10-ocak-calisan-gazeteciler-gunu-icin-nostalji-22-fotograf-sergisi-acildi-2-450x300.jpg 450w\" sizes=\"(max-width: 320px) 100vw, 320px\" \/>protokol ve bas\u0131n mensuplar\u0131n\u0131n yo\u011fun kat\u0131l\u0131mlar\u0131yla ger\u00e7ekle\u015ftirildi. A\u00e7\u0131l\u0131\u015f program\u0131na AK Parti Kocaeli Milletvekili Cemil Yaman, 24. D\u00f6nem CHP Kocaeli Milletvekili Mehmet Hilal Kaplan, Gebze Kaymakam\u0131 Mustafa G\u00fcler, Gebze Belediye Ba\u015fkan\u0131 Zinnur B\u00fcy\u00fckg\u00f6z, Kocaeli B\u00fcy\u00fck\u015fehir Belediyesi Ba\u015fkanvekili Ya\u015far \u00c7akmak, siyasi partilerin \u0130l\u00e7e Ba\u015fkanlar\u0131, kamu kurum ve kurulu\u015flar\u0131n\u0131n temsilcileri de kat\u0131ld\u0131.<\/p>\n<p><strong>10 Ocak 1961<\/strong> tarihinde <strong>212 say\u0131l\u0131 kanun<\/strong> ile y\u00fcr\u00fcrl\u00fc\u011fe girerek, <strong>bas\u0131n mesle\u011fi icras\u0131nda<\/strong> emek veren bas\u0131n mensuplar\u0131n\u0131n haklar\u0131n\u0131 d\u00fczenleyen ve <strong>&#8216;\u00c7al\u0131\u015fan Gazeteciler G\u00fcn\u00fc&#8217;<\/strong> olarak kabul edilen bu \u00f6zel g\u00fcn nedeniyle d\u00fczenlenen <strong>Nostalji 22 Sergisi<\/strong>\u2019nde ge\u00e7mi\u015f y\u0131larla ait \u00e7e\u015fitli gazeteler yer ald\u0131. Gazetelerin o d\u00f6nemki<strong> habercilik anlay\u0131\u015f\u0131, \u00fclke<\/strong> ve<strong> yerel g\u00fcndemde<\/strong> yer alan konulardan olu\u015fan <strong>gazete g\u00f6rsellerinin<\/strong> bulundu\u011fu <strong>sergi ziyaret\u00e7ilerin yo\u011fun ilgisiyle<\/strong> kar\u015f\u0131la\u015ft\u0131.<\/p>","protected":false},"excerpt":{"rendered":"<p>Sorry, this entry is only available in Turkish. For the sake of viewer convenience, the content is shown below in the alternative language. You may click the link to switch the active language. Gebze Center AVM, 10 Ocak \u00c7al\u0131\u015fan Gazeteciler G\u00fcn\u00fc nedeniyle, Gebze Gazeteciler Cemiyeti taraf\u0131ndan haz\u0131rlanan &#8216;Nostalji 22&#8217; foto\u011fraf sergisini ziyaret\u00e7ilerinin kat\u0131l\u0131m\u0131na a\u00e7t\u0131. Gebze [&hellip;]<\/p>\n","protected":false},"author":1,"featured_media":149149,"comment_status":"open","ping_status":"open","sticky":false,"template":"","format":"standard","meta":[],"categories":[51,53],"tags":[100057,64623,64628,100056,100055],"views":115,"_links":{"self":[{"href":"https:\/\/www.enerjigazetesi.ist\/en\/wp-json\/wp\/v2\/posts\/149146"}],"collection":[{"href":"https:\/\/www.enerjigazetesi.ist\/en\/wp-json\/wp\/v2\/posts"}],"about":[{"href":"https:\/\/www.enerjigazetesi.ist\/en\/wp-json\/wp\/v2\/types\/post"}],"author":[{"embeddable":true,"href":"https:\/\/www.enerjigazetesi.ist\/en\/wp-json\/wp\/v2\/users\/1"}],"replies":[{"embeddable":true,"href":"https:\/\/www.enerjigazetesi.ist\/en\/wp-json\/wp\/v2\/comments?post=149146"}],"version-history":[{"count":0,"href":"https:\/\/www.enerjigazetesi.ist\/en\/wp-json\/wp\/v2\/posts\/149146\/revisions"}],"wp:featuredmedia":[{"embeddable":true,"href":"https:\/\/www.enerjigazetesi.ist\/en\/wp-json\/wp\/v2\/media\/149149"}],"wp:attachment":[{"href":"https:\/\/www.enerjigazetesi.ist\/en\/wp-json\/wp\/v2\/media?parent=149146"}],"wp:term":[{"taxonomy":"category","embeddable":true,"href":"https:\/\/www.enerjigazetesi.ist\/en\/wp-json\/wp\/v2\/categories?post=149146"},{"taxonomy":"post_tag","embeddable":true,"href":"https:\/\/www.enerjigazetesi.ist\/en\/wp-json\/wp\/v2\/tags?post=149146"}],"curies":[{"name":"wp","href":"https:\/\/api.w.org\/{rel}","templated":true}]}}