{"id":149134,"date":"2022-01-10T14:21:41","date_gmt":"2022-01-10T11:21:41","guid":{"rendered":"https:\/\/www.enerjigazetesi.ist\/?p=149134"},"modified":"2022-01-10T14:26:59","modified_gmt":"2022-01-10T11:26:59","slug":"iklimlendirme-sektoru-nde-bir-aile-sirketinin-tohumdan-cinara-hikayesi","status":"publish","type":"post","link":"https:\/\/www.enerjigazetesi.ist\/en\/iklimlendirme-sektoru-nde-bir-aile-sirketinin-tohumdan-cinara-hikayesi\/","title":{"rendered":"(Turkish) \u0130klimlendirme Sekt\u00f6r\u00fcnde Bir Aile \u015eirketinin Tohumdan \u00c7\u0131nara Hikayesi&#8230;"},"content":{"rendered":"<p class=\"qtranxs-available-languages-message qtranxs-available-languages-message-en\">Sorry, this entry is only available in <a href=\"https:\/\/www.enerjigazetesi.ist\/tr\/wp-json\/wp\/v2\/posts\/149134\" class=\"qtranxs-available-language-link qtranxs-available-language-link-tr\" title=\"Turkish\">Turkish<\/a>. For the sake of viewer convenience, the content is shown below in the alternative language. You may click the link to switch the active language.<\/p><p><\/p>\n<h2><strong>Form \u015eirketler Grubu\u2019nun kendi tarihini kal\u0131c\u0131la\u015ft\u0131rmak \u00fczere yay\u0131mlad\u0131\u011f\u0131 \u201c\u0130lk G\u00fcnden Bug\u00fcne, FORM Grubu\u2019nun Klima Sekt\u00f6r\u00fcndeki 56 Y\u0131l\u0131\u201d isimli kitap iklimlendirme sekt\u00f6r\u00fcn\u00fcn ilklerine, T\u00fcrkiye\u2019nin \u00e7a\u011fda\u015fla\u015fma ser\u00fcvenine ve d\u00fcnya tarihindeki d\u00f6n\u00fcm noktalar\u0131na da \u0131\u015f\u0131k tutuyor.\u00a0<\/strong><\/h2>\n<p>T\u00fcrkiye\u2019de iklimlendirme sekt\u00f6r\u00fcn\u00fcn \u00f6nc\u00fc kurumlar\u0131ndan Form \u015eirketler Grubu, 56. y\u0131l\u0131 kapsam\u0131nda bir aile ve \u015firket hat\u0131rat\u0131 yay\u0131mlad\u0131.\u00a0<strong>\u201c\u0130lk G\u00fcnden Bug\u00fcne, FORM Grubu\u2019nun Klima Sekt\u00f6r\u00fcndeki 56 Y\u0131l\u0131\u201d<\/strong>\u00a0ismiyle yay\u0131mlanan kitap, ba\u015fta \u015firket kurucular\u0131\u00a0<strong>Bedi Korun<\/strong>\u00a0ve\u00a0<strong>Figen <img loading=\"lazy\" class=\"alignright wp-image-149136\" src=\"https:\/\/www.enerjigazetesi.ist\/wp-content\/uploads\/2022\/01\/iklimlendirme-sektoru-nde-bir-aile-sirketinin-tohumdan-cinara-hikayesi-2.jpg\" alt=\"\" width=\"280\" height=\"373\" srcset=\"https:\/\/www.enerjigazetesi.ist\/wp-content\/uploads\/2022\/01\/iklimlendirme-sektoru-nde-bir-aile-sirketinin-tohumdan-cinara-hikayesi-2.jpg 550w, https:\/\/www.enerjigazetesi.ist\/wp-content\/uploads\/2022\/01\/iklimlendirme-sektoru-nde-bir-aile-sirketinin-tohumdan-cinara-hikayesi-2-225x300.jpg 225w, https:\/\/www.enerjigazetesi.ist\/wp-content\/uploads\/2022\/01\/iklimlendirme-sektoru-nde-bir-aile-sirketinin-tohumdan-cinara-hikayesi-2-300x400.jpg 300w, https:\/\/www.enerjigazetesi.ist\/wp-content\/uploads\/2022\/01\/iklimlendirme-sektoru-nde-bir-aile-sirketinin-tohumdan-cinara-hikayesi-2-38x50.jpg 38w, https:\/\/www.enerjigazetesi.ist\/wp-content\/uploads\/2022\/01\/iklimlendirme-sektoru-nde-bir-aile-sirketinin-tohumdan-cinara-hikayesi-2-500x666.jpg 500w\" sizes=\"(max-width: 280px) 100vw, 280px\" \/>Korun<\/strong>\u00a0olmak \u00fczere Form ailesinin ar\u015fivinden \u00e7\u0131kanlar ve an\u0131lar\u0131ndan s\u00fcz\u00fclen bilgilerle derlendi. Ayn\u0131 zamanda kurulu\u015fundan itibaren farkl\u0131 d\u00f6nemlerde Form\u2019a bir s\u00fcre emek vermi\u015f <strong>50\u2019ye yak\u0131n ismin<\/strong> ki\u015fisel belleklerinden <strong>s\u00fcz\u00fclenler, resim, yaz\u0131\u015fma, evraklar<\/strong> ve<strong> kurumsal kay\u0131tlara d\u00fc\u015f\u00fclen notlar<\/strong>, bu kitap i\u00e7in harmanland\u0131.<\/p>\n<p>\u0130klimlendirme sekt\u00f6r\u00fcn\u00fcn pek \u00e7ok ilkine, T\u00fcrkiye\u2019de model bir aile \u015firketinin<strong> tohumdan yar\u0131m as\u0131rl\u0131k bir \u00e7\u0131nara<\/strong> evrilmesine, T\u00fcrkiye\u2019de sanayinin geli\u015fimine, T\u00fcrkiye\u2019nin \u00e7a\u011fda\u015fla\u015fma ser\u00fcvenine ve d\u00fcnya tarihinin d\u00f6n\u00fcm noktalar\u0131na \u0131\u015f\u0131k tutan bu derlemede, pek \u00e7ok de\u011ferli ve benzersiz tecr\u00fcbeler da\u011farc\u0131\u011f\u0131 kronolojik bir s\u0131rayla tekrar sunuluyor.<\/p>\n<p>Bu konuda konu\u015fan\u00a0<strong>Form Y\u00fcr\u00fctme Kurulu Ba\u015fkan\u0131 Tun\u00e7 Korun<\/strong>\u00a0<span style=\"text-decoration: underline;\">\u015f\u00f6yle dedi:<\/span> <em>\u201cBu kitap fikri, ilk olarak <strong>Korun Ailesi<\/strong>\u2019nin biyografisini ar\u015fivleme amac\u0131yla ortaya \u00e7\u0131ksa da kitab\u0131n haz\u0131rl\u0131klar\u0131 ba\u015flad\u0131ktan sonra daha net g\u00f6rd\u00fck ki <strong>Korun Ailesi<\/strong> ve<strong> FORM<\/strong> i\u00e7 i\u00e7e ge\u00e7mi\u015f ortak bir tarihe uzan\u0131yor.<\/em><\/p>\n<p><em>Form \u015eirketler Grubu olarak <strong>50. y\u0131l\u0131m\u0131za<\/strong> \u00f6zel <strong>2015 y\u0131l\u0131nda<\/strong> haz\u0131rlad\u0131\u011f\u0131m\u0131z <strong>\u201cDuayenlerin Tan\u0131kl\u0131\u011f\u0131nda T\u00fcrkiye Klima Sekt\u00f6r\u00fc\u201d<\/strong> adl\u0131 kitaptan sonra, kendi kurumsal tarih\u00e7emizi de tan\u0131klar e\u015fli\u011finde kayda ge\u00e7erek T\u00fcrkiye tarihinde k\u00fc\u00e7\u00fck de olsa bir iz b\u0131rakmak istedik. B\u00f6ylelikle Form \u015eirketler Grubu\u2019nun 55 y\u0131l\u0131 a\u015fk\u0131n tarih\u00e7esiyle ilgili yer yer h\u00fcz\u00fcnlendiren, yer yer g\u00fcl\u00fcmseten, olduk\u00e7a detayl\u0131 bir an\u0131 kitab\u0131 ortaya \u00e7\u0131kt\u0131. Kitap her ne kadar Form\u2019un yar\u0131m asr\u0131 a\u015fk\u0131n \u015firket tarihine \u00f6zel haz\u0131rlanm\u0131\u015f olsa da bu uzun, yorucu ama bir o kadar da keyifli ser\u00fcvenin detaylar\u0131n\u0131 okurken ayn\u0131 zamanda T\u00fcrkiye\u2019nin yak\u0131n tarihine de bu kitapla tan\u0131kl\u0131k edeceksiniz.\u201d<\/em><\/p>\n<p>Grubun daha \u00f6nce \u00e7\u0131kard\u0131\u011f\u0131 <strong>\u201cDuayenlerin Tan\u0131kl\u0131\u011f\u0131nda T\u00fcrkiye Klima Sekt\u00f6r\u00fc\u201d<\/strong> isimli kitab\u0131 da haz\u0131rlayan <strong>\u0130zzeddin \u00c7al\u0131\u015flar\u2019\u0131n<\/strong> kaleminden \u00e7\u0131kan kitap, birbirinden ilgin\u00e7<strong> g\u00f6rsel hazinesini<\/strong> ise Form \u015eirketler Grubu <strong>kurumsal ar\u015fivinden<\/strong> al\u0131yor.<\/p>","protected":false},"excerpt":{"rendered":"<p>Sorry, this entry is only available in Turkish. For the sake of viewer convenience, the content is shown below in the alternative language. You may click the link to switch the active language. Form \u015eirketler Grubu\u2019nun kendi tarihini kal\u0131c\u0131la\u015ft\u0131rmak \u00fczere yay\u0131mlad\u0131\u011f\u0131 \u201c\u0130lk G\u00fcnden Bug\u00fcne, FORM Grubu\u2019nun Klima Sekt\u00f6r\u00fcndeki 56 Y\u0131l\u0131\u201d isimli kitap iklimlendirme sekt\u00f6r\u00fcn\u00fcn ilklerine, [&hellip;]<\/p>\n","protected":false},"author":1,"featured_media":149137,"comment_status":"open","ping_status":"open","sticky":false,"template":"","format":"standard","meta":[],"categories":[53,52],"tags":[100051,3191,3172,25499,100052,100053],"views":126,"_links":{"self":[{"href":"https:\/\/www.enerjigazetesi.ist\/en\/wp-json\/wp\/v2\/posts\/149134"}],"collection":[{"href":"https:\/\/www.enerjigazetesi.ist\/en\/wp-json\/wp\/v2\/posts"}],"about":[{"href":"https:\/\/www.enerjigazetesi.ist\/en\/wp-json\/wp\/v2\/types\/post"}],"author":[{"embeddable":true,"href":"https:\/\/www.enerjigazetesi.ist\/en\/wp-json\/wp\/v2\/users\/1"}],"replies":[{"embeddable":true,"href":"https:\/\/www.enerjigazetesi.ist\/en\/wp-json\/wp\/v2\/comments?post=149134"}],"version-history":[{"count":0,"href":"https:\/\/www.enerjigazetesi.ist\/en\/wp-json\/wp\/v2\/posts\/149134\/revisions"}],"wp:featuredmedia":[{"embeddable":true,"href":"https:\/\/www.enerjigazetesi.ist\/en\/wp-json\/wp\/v2\/media\/149137"}],"wp:attachment":[{"href":"https:\/\/www.enerjigazetesi.ist\/en\/wp-json\/wp\/v2\/media?parent=149134"}],"wp:term":[{"taxonomy":"category","embeddable":true,"href":"https:\/\/www.enerjigazetesi.ist\/en\/wp-json\/wp\/v2\/categories?post=149134"},{"taxonomy":"post_tag","embeddable":true,"href":"https:\/\/www.enerjigazetesi.ist\/en\/wp-json\/wp\/v2\/tags?post=149134"}],"curies":[{"name":"wp","href":"https:\/\/api.w.org\/{rel}","templated":true}]}}