{"id":149129,"date":"2022-01-10T13:58:04","date_gmt":"2022-01-10T10:58:04","guid":{"rendered":"https:\/\/www.enerjigazetesi.ist\/?p=149129"},"modified":"2022-01-10T13:58:04","modified_gmt":"2022-01-10T10:58:04","slug":"goktekin-enerji-24-193-kw-gucundeki-lisansli-ges-yatirim-hisselerini-devretti","status":"publish","type":"post","link":"https:\/\/www.enerjigazetesi.ist\/en\/goktekin-enerji-24-193-kw-gucundeki-lisansli-ges-yatirim-hisselerini-devretti\/","title":{"rendered":"(Turkish) G\u00f6ktekin Enerji 24.193 kW G\u00fcc\u00fcndeki Lisansl\u0131 GES Yat\u0131r\u0131m Hisselerini Devretti"},"content":{"rendered":"<p class=\"qtranxs-available-languages-message qtranxs-available-languages-message-en\">Sorry, this entry is only available in <a href=\"https:\/\/www.enerjigazetesi.ist\/tr\/wp-json\/wp\/v2\/posts\/149129\" class=\"qtranxs-available-language-link qtranxs-available-language-link-tr\" title=\"Turkish\">Turkish<\/a>. For the sake of viewer convenience, the content is shown below in the alternative language. You may click the link to switch the active language.<\/p><p><\/p>\n<h2>G\u00fcne\u015f ve r\u00fczg\u00e2r enerjisi ba\u015fta olmak \u00fczere yenilenebilir enerji kaynaklar\u0131 alan\u0131nda m\u00fchendislik, tedarik ve projelendirme hizmetleri sunan G\u00f6ktekin Enerji, Bitlis\u2019in Adilcevaz il\u00e7esinde yer alan 24.193 kW kurulu g\u00fcc\u00fcndeki lisansl\u0131 GES yat\u0131r\u0131m\u0131n\u0131n %100 hissesini, m\u00fchendislik, enerji, in\u015faat, madencilik ve otelcilik alanlar\u0131nda\u00a0faaliyet\u00a0g\u00f6steren\u00a0Birle\u015fim\u00a0Grup\u2019a\u00a0devretti.<\/h2>\n<p>G\u00f6ktekin Enerji Y\u00f6netim Kurulu Ba\u015fkan\u0131 <strong>Abdullah G\u00f6ktekin<\/strong> ve Birle\u015fim Grup Y\u00f6netim Kurulu Ba\u015fkan\u0131 <strong>Mesut Altan<\/strong>\u2019\u0131n ve Y\u00f6netim Kurulu Ba\u015fkan Vekili <strong>\u0130dris \u00c7ak\u0131r<\/strong>\u2019\u0131n imzalar\u0131yla ger\u00e7ekle\u015fen <strong>hisse devir t\u00f6reni<\/strong>nde <strong>G\u00f6ktekin Enerji <\/strong>ve <strong>Birle\u015fim Grup\u2019<\/strong>un \u00fcst d\u00fczey yetkilileri ile kredit\u00f6r <img loading=\"lazy\" class=\"alignright wp-image-149131\" src=\"https:\/\/www.enerjigazetesi.ist\/wp-content\/uploads\/2022\/01\/goktekin-enerji-24-193-kw-gucundeki-lisansli-ges-yatirim-hisselerini-devretti-2.jpg\" alt=\"\" width=\"320\" height=\"215\" srcset=\"https:\/\/www.enerjigazetesi.ist\/wp-content\/uploads\/2022\/01\/goktekin-enerji-24-193-kw-gucundeki-lisansli-ges-yatirim-hisselerini-devretti-2.jpg 550w, https:\/\/www.enerjigazetesi.ist\/wp-content\/uploads\/2022\/01\/goktekin-enerji-24-193-kw-gucundeki-lisansli-ges-yatirim-hisselerini-devretti-2-300x201.jpg 300w, https:\/\/www.enerjigazetesi.ist\/wp-content\/uploads\/2022\/01\/goktekin-enerji-24-193-kw-gucundeki-lisansli-ges-yatirim-hisselerini-devretti-2-500x335.jpg 500w, https:\/\/www.enerjigazetesi.ist\/wp-content\/uploads\/2022\/01\/goktekin-enerji-24-193-kw-gucundeki-lisansli-ges-yatirim-hisselerini-devretti-2-75x50.jpg 75w\" sizes=\"(max-width: 320px) 100vw, 320px\" \/>banka olan QNB Finansbank\u2019\u0131n B\u00f6lge M\u00fcd\u00fcr\u00fc <strong>Er\u00e7in Demirkol<\/strong> ile Ticari \u015eube M\u00fcd\u00fcr\u00fc<strong> Dilek Babilo\u011flu<\/strong>\u2018da yer ald\u0131.<\/p>\n<p>G\u00f6ktekin Enerji Y\u00f6netim Kurulu Ba\u015fkan\u0131 Abdullah G\u00f6ktekin, G\u00fclbahar Elektrik \u00dcretim A.\u015e.\u2019nin Birle\u015fim Grup\u2019a devrine ili\u015fkin; <em><strong>\u201cBiz bu projeyi ald\u0131\u011f\u0131m\u0131zda sat\u0131\u015f ama\u00e7l\u0131 de\u011fil de uzun vadede elimizde tutaca\u011f\u0131m\u0131z de\u011ferli bir yat\u0131r\u0131m olarak d\u00fc\u015f\u00fcnd\u00fck. Ancak gelinen noktada Birle\u015fim Grup gibi enerjiden in\u015faata bir\u00e7ok alanda faaliyet g\u00f6steren \u00f6nemli bir gruba devretmi\u015f olmaktan dolay\u0131 \u00e7ok memnunuz. Her iki taraf ad\u0131na hay\u0131rl\u0131 olmas\u0131n\u0131 dilerim. G\u00f6ktekin Enerji olarak bundan sonra da hem yurt i\u00e7inde, hem de yurt d\u0131\u015f\u0131nda g\u00fcne\u015f ve r\u00fczg\u00e2r enerjisi \u00fczerine yat\u0131r\u0131mlara devam edece\u011fiz. 2021\u2019de Avrupa\u2019da \u00fc\u00e7 farkl\u0131 yat\u0131r\u0131m i\u00e7in ciddi \u00e7al\u0131\u015fmalar\u0131m\u0131z oldu. Bu y\u0131l\u0131n ba\u015f\u0131nda bunlar\u0131 neticelendirece\u011fiz ve bu devirden elde edilen kaynak da bu yurtd\u0131\u015f\u0131 projelerinde de\u011ferlendirilecek. Birle\u015fim Grup\u2019un ger\u00e7ekle\u015ftirece\u011fimiz yurt d\u0131\u015f\u0131 yat\u0131r\u0131mlar\u0131m\u0131zla ilgili de pozitif yakla\u015f\u0131m\u0131 bizi ayr\u0131ca memnun etti. \u0130leride kendileri ile bu konuda yeniden bir araya gelebiliriz.\u201d<\/strong><\/em> dedi.<\/p>\n<p>Birle\u015fim Grup Y\u00f6netim Kurulu Ba\u015fkan\u0131 Mesut Altan ise; \u2018<em><strong>\u2019Birle\u015fim Grup olarak yenilenebilir enerji alan\u0131nda yat\u0131r\u0131mlar\u0131m\u0131za ba\u015flad\u0131\u011f\u0131m\u0131z g\u00fcnden bug\u00fcne kadar 3 ayr\u0131 lokasyonda toplam 55,2 MWp kurulu g\u00fcc\u00fcnde lisansl\u0131 g\u00fcne\u015f enerji santrallerini b\u00fcnyemize katt\u0131k. \u00a02022 ve sonraki y\u0131llarda da gerek yurt i\u00e7i gerekse yurt d\u0131\u015f\u0131 projelerimizle ye\u015fil enerji alan\u0131ndaki kurulu g\u00fcc\u00fcm\u00fcz\u00fc \u00f6nce 100 MW\u2019a, devam\u0131nda da 500 MW\u2019a kadar \u00e7\u0131kartmay\u0131 hedefliyoruz. Mevcut 55,2 MWp kurulu g\u00fcc\u00fcm\u00fczle yakla\u015f\u0131k 86.000 MWh elektrik enerjisi \u00fcreterek ortalama 40.000 konutun y\u0131ll\u0131k elektrik ihtiyac\u0131n\u0131 kar\u015f\u0131l\u0131yoruz. \u00a0\u00dcretti\u011fimiz elektrik kayna\u011f\u0131n\u0131 s\u0131f\u0131r emisyonlu, yenilenebilir temiz enerji kayna\u011f\u0131 olan g\u00fcne\u015f enerjisinden sa\u011flayarak karbon emisyonunu \u00f6nemli \u00f6l\u00e7\u00fcde azalt\u0131p y\u0131lda 55.728 ton karbonun atmosfere sal\u0131n\u0131m\u0131n\u0131n engellenmesinde rol oynuyoruz. Bundan sonra yenilenebilir enerji alan\u0131nda yapaca\u011f\u0131m\u0131z yat\u0131r\u0131mlarla s\u00fcrd\u00fcr\u00fclebilirlik konusunda \u00fclkemiz i\u00e7in daha fazla katma de\u011fer yaratmay\u0131 hedefliyoruz.\u201d<\/strong><\/em> dedi.<\/p>\n<p>QNB Finansbank B\u00f6lge M\u00fcd\u00fcr\u00fc Er\u00e7in Demirkol da \u015funlar\u0131 s\u00f6yledi; <em><strong>\u2018\u2019S\u00fcrd\u00fcr\u00fclebilirli\u011fi ve kapsay\u0131c\u0131l\u0131\u011f\u0131 oda\u011f\u0131na alan bir banka olarak, t\u00fcm i\u015f kollar\u0131m\u0131zda karbon emisyonlar\u0131n\u0131 azaltan projelerde yer almay\u0131 \u00e7ok \u00f6nemsiyoruz. QNB Finansbank olarak bu projelerde kredit\u00f6r banka olmaktan b\u00fcy\u00fck mutluluk duyuyoruz. Banka olarak, s\u00fcrd\u00fcr\u00fclebilir kalk\u0131nma konusundaki \u00e7al\u0131\u015fmalar \u00f6nceli\u011fimiz. \u2018Ye\u015fil Enerji\u2019 ve \u2018S\u00fcrd\u00fcr\u00fclebilir Enerji\u2019 projelerinde yer alma, emisyonlar\u0131 azaltma ve iklim de\u011fi\u015fikli\u011fiyle m\u00fccadele etme konusunda kararl\u0131y\u0131z.\u201d\u00a0<\/strong><\/em>diye belirtti.<\/p>\n<h3><strong>Y\u0131lda 36.4 milyon kWs temiz enerji \u00fcretiyor<\/strong><\/h3>\n<p>G\u00f6ktekin Enerji, 2020 y\u0131l\u0131nda G\u00fclbahar Elektrik \u00dcretim A.\u015e. firmas\u0131n\u0131 b\u00fcnyesine katarak T\u00fcrkiye\u2019nin b\u00fcy\u00fck \u00f6l\u00e7ekli lisansl\u0131 GES projelerinden birinin yat\u0131r\u0131mc\u0131s\u0131 oldu. Y\u0131lsonunda tamamlanarak devreye giren santralde 58.000&#8217;den fazla <strong>PV g\u00fcne\u015f paneli<\/strong> kullan\u0131ld\u0131. Bu paneller g\u00fcne\u015f enerjisini elektri\u011fe d\u00f6n\u00fc\u015ft\u00fcrerek y\u0131lda <strong>36.4 milyon kWs<\/strong> enerji \u00fcretilmesini sa\u011fl\u0131yor. Santral <strong>ye\u015fil enerji \u00fcretmesi<\/strong> sebebiyle ayn\u0131 zamanda y\u0131lda <strong>21.8 milyon kg sera gaz\u0131<\/strong>n\u0131n da atmosfere sal\u0131n\u0131m\u0131n\u0131 engellemi\u015f oluyor. Bu da <strong>1 milyon a\u011fac\u0131n<\/strong> y\u0131lda ortalama temizledi\u011fi <strong>karbondioksit miktar\u0131na<\/strong> denk gelmektedir.<\/p>","protected":false},"excerpt":{"rendered":"<p>Sorry, this entry is only available in Turkish. For the sake of viewer convenience, the content is shown below in the alternative language. You may click the link to switch the active language. G\u00fcne\u015f ve r\u00fczg\u00e2r enerjisi ba\u015fta olmak \u00fczere yenilenebilir enerji kaynaklar\u0131 alan\u0131nda m\u00fchendislik, tedarik ve projelendirme hizmetleri sunan G\u00f6ktekin Enerji, Bitlis\u2019in Adilcevaz il\u00e7esinde [&hellip;]<\/p>\n","protected":false},"author":1,"featured_media":149132,"comment_status":"open","ping_status":"open","sticky":false,"template":"","format":"standard","meta":[],"categories":[51,53,49],"tags":[75819,6029,29013,67678,2206,431,100050],"views":471,"_links":{"self":[{"href":"https:\/\/www.enerjigazetesi.ist\/en\/wp-json\/wp\/v2\/posts\/149129"}],"collection":[{"href":"https:\/\/www.enerjigazetesi.ist\/en\/wp-json\/wp\/v2\/posts"}],"about":[{"href":"https:\/\/www.enerjigazetesi.ist\/en\/wp-json\/wp\/v2\/types\/post"}],"author":[{"embeddable":true,"href":"https:\/\/www.enerjigazetesi.ist\/en\/wp-json\/wp\/v2\/users\/1"}],"replies":[{"embeddable":true,"href":"https:\/\/www.enerjigazetesi.ist\/en\/wp-json\/wp\/v2\/comments?post=149129"}],"version-history":[{"count":0,"href":"https:\/\/www.enerjigazetesi.ist\/en\/wp-json\/wp\/v2\/posts\/149129\/revisions"}],"wp:featuredmedia":[{"embeddable":true,"href":"https:\/\/www.enerjigazetesi.ist\/en\/wp-json\/wp\/v2\/media\/149132"}],"wp:attachment":[{"href":"https:\/\/www.enerjigazetesi.ist\/en\/wp-json\/wp\/v2\/media?parent=149129"}],"wp:term":[{"taxonomy":"category","embeddable":true,"href":"https:\/\/www.enerjigazetesi.ist\/en\/wp-json\/wp\/v2\/categories?post=149129"},{"taxonomy":"post_tag","embeddable":true,"href":"https:\/\/www.enerjigazetesi.ist\/en\/wp-json\/wp\/v2\/tags?post=149129"}],"curies":[{"name":"wp","href":"https:\/\/api.w.org\/{rel}","templated":true}]}}