{"id":149078,"date":"2022-01-10T11:13:32","date_gmt":"2022-01-10T08:13:32","guid":{"rendered":"https:\/\/www.enerjigazetesi.ist\/?p=149078"},"modified":"2022-01-10T11:14:07","modified_gmt":"2022-01-10T08:14:07","slug":"enerji-maliyetlerini-dusurmek-icin-karbon-notr-olmak-hedeflenmeli","status":"publish","type":"post","link":"https:\/\/www.enerjigazetesi.ist\/en\/enerji-maliyetlerini-dusurmek-icin-karbon-notr-olmak-hedeflenmeli\/","title":{"rendered":"(Turkish) Enerji Maliyetlerini D\u00fc\u015f\u00fcrmek \u0130\u00e7in &#8216;Karbon N\u00f6tr&#8217; Olmak Hedeflenmeli"},"content":{"rendered":"<p class=\"qtranxs-available-languages-message qtranxs-available-languages-message-en\">Sorry, this entry is only available in <a href=\"https:\/\/www.enerjigazetesi.ist\/tr\/wp-json\/wp\/v2\/posts\/149078\" class=\"qtranxs-available-language-link qtranxs-available-language-link-tr\" title=\"Turkish\">Turkish<\/a>. For the sake of viewer convenience, the content is shown below in the alternative language. You may click the link to switch the active language.<\/p><p><\/p>\n<h2>Yeni y\u0131l ile birlikte elektri\u011fe ve do\u011fal gaza gelen y\u00fcksek zamlar\u0131n ard\u0131ndan ba\u015fta sanayi kurulu\u015flar\u0131 olmak \u00fczere her \u00f6l\u00e7ekten i\u015fletme, enerji maliyetlerini d\u00fc\u015f\u00fcrmenin yollar\u0131n\u0131 aramaya ba\u015flad\u0131. T\u00fcrkiye\u2019nin ilk global enerji hizmet \u015firketi ESCON Enerji\u2019nin Genel M\u00fcd\u00fcr\u00fc Onur \u00dcnl\u00fc, Enerji Verimlili\u011fi Haftas\u0131 dolay\u0131s\u0131yla yapt\u0131\u011f\u0131 a\u00e7\u0131klamada, i\u015fletmelerin enerji maliyetlerini d\u00fc\u015f\u00fcrecek ad\u0131mlar\u0131 anlatt\u0131.<\/h2>\n<h3><strong>Onur \u00dcnl\u00fc: \u201c\u0130\u015fletmeler 2050 y\u0131l\u0131n\u0131 beklemeden karbon n\u00f6tr olmay\u0131 hedeflemeli\u201d<\/strong><\/h3>\n<h3><strong><img loading=\"lazy\" class=\"alignright wp-image-149080\" src=\"https:\/\/www.enerjigazetesi.ist\/wp-content\/uploads\/2022\/01\/enerji-maliyetlerini-dusurmek-icin-karbon-notr-olmak-hedeflenmeli-1.jpg\" alt=\"\" width=\"320\" height=\"250\" srcset=\"https:\/\/www.enerjigazetesi.ist\/wp-content\/uploads\/2022\/01\/enerji-maliyetlerini-dusurmek-icin-karbon-notr-olmak-hedeflenmeli-1.jpg 470w, https:\/\/www.enerjigazetesi.ist\/wp-content\/uploads\/2022\/01\/enerji-maliyetlerini-dusurmek-icin-karbon-notr-olmak-hedeflenmeli-1-300x234.jpg 300w, https:\/\/www.enerjigazetesi.ist\/wp-content\/uploads\/2022\/01\/enerji-maliyetlerini-dusurmek-icin-karbon-notr-olmak-hedeflenmeli-1-64x50.jpg 64w\" sizes=\"(max-width: 320px) 100vw, 320px\" \/><\/strong><\/h3>\n<p>\u0130\u015fletmelerin vakit kaybetmeden karbon n\u00f6tr olmay\u0131 hedeflemeleri gerekti\u011fini s\u00f6yleyen <strong>ESCON Enerji Genel M\u00fcd\u00fcr\u00fc Onur \u00dcnl\u00fc<\/strong>, <em>\u201c\u00d6zellikle pandemi ile birlikte k\u00fcresel ortamda ya\u015fanan belirsizlikler, enerji maliyetlerinde ciddi bir art\u0131\u015fa neden oluyor. Bu maliyet art\u0131\u015f\u0131 i\u015fletmelerin kontrol edebilece\u011fi bir durum de\u011fil. Dolay\u0131s\u0131yla i\u015fletmeler kendi y\u00f6netebilecekleri konulara odaklanmal\u0131. Bu da <strong>karbon n\u00f6tr olma hedefi<\/strong>dir. \u0130\u015fletmeler hi\u00e7 vakit kaybetmeden, Avrupa Birli\u011fi\u2019nin hedef olarak belirledi\u011fi 2050 y\u0131l\u0131n\u0131 beklemeden karbon ayak izlerini s\u0131f\u0131rlamaya odaklanmal\u0131, bu y\u00f6nde taahh\u00fctlerini a\u00e7\u0131klamal\u0131d\u0131r\u201d<\/em> dedi.<\/p>\n<h3><strong>\u201cKarbon n\u00f6tr olan i\u015fletmelerin rekabet\u00e7ili\u011fi art\u0131yor\u201d<\/strong><\/h3>\n<p>Karbon ayak izini d\u00fc\u015f\u00fcren i\u015fletmelerin enerji maliyetlerinin d\u00fc\u015ft\u00fc\u011f\u00fcne ve kaynaklar\u0131n\u0131 daha verimli kulland\u0131klar\u0131na dikkat \u00e7eken <strong>\u00dcnl\u00fc,<\/strong> <em>\u201c\u00dcretim tesislerinde ve binalar\u0131nda karbon n\u00f6tr olmay\u0131 hedefleyen \u015firketler, operasyonel iyile\u015ftirmeler ile enerji kullan\u0131mlar\u0131n\u0131 azalt\u0131rken, kulland\u0131klar\u0131 enerjiyi de yenilenebilir kaynaklardan tedarik ediyorlar. Pek \u00e7ok sekt\u00f6rde en b\u00fcy\u00fck gider kalemlerinden biri olan enerji maliyetlerinin bu \u00e7al\u0131\u015fmalar neticesinde d\u00fc\u015f\u00fcr\u00fclmesi i\u015fletmelerin rekabet\u00e7ili\u011fini ve s\u00fcrd\u00fcr\u00fclebilirli\u011fini sa\u011flarken, yeni pazarlara eri\u015fim imkan\u0131n\u0131 da art\u0131r\u0131yor\u201d<\/em> diye konu\u015ftu.<\/p>\n<p>Y\u00fcksek enerji kullan\u0131m\u0131n\u0131n \u00e7evreye etkilerine de de\u011finen <strong>\u00dcnl\u00fc<\/strong> \u015f\u00f6yle devam etti; <em>\u201c<strong>2050 y\u0131l\u0131nda<\/strong> karbon n\u00f6tr olabilmek i\u00e7in \u00f6n\u00fcm\u00fczdeki<strong> 28 senede<\/strong> harcamam\u0131z gereken enerji, e\u011fer g\u00fcn\u00fcm\u00fczdeki gibi harcamaya devam edersek <strong>5 y\u0131l<\/strong> sonra bitecek. Dolay\u0131s\u0131yla yaln\u0131zca i\u015fletmelerimiz i\u00e7in de\u011fil gezegenimiz ve gelece\u011fimiz i\u00e7in de bir an \u00f6nce karbon n\u00f6tr olma hedefine y\u00f6nelik kararl\u0131 ad\u0131mlar atmak zorunday\u0131z.\u201d<\/em><\/p>\n<h3><strong>Onur \u00dcnl\u00fc: \u201c\u0130\u015fletmeler bir kuru\u015f dahi harcamadan enerji verimli hale gelebilir\u201d<\/strong><\/h3>\n<p>ESCON Enerji olarak ge\u00e7en y\u0131l haz\u0131rlad\u0131klar\u0131 rapor ile <strong>enerji verimlili\u011fi \u00e7al\u0131\u015fmalar\u0131<\/strong> yap\u0131ld\u0131\u011f\u0131 takdirde T\u00fcrk sanayisinin ortalama <strong>y\u00fczde 30<\/strong> gibi y\u00fcksek bir enerji potansiyeline sahip oldu\u011funu ortaya koyduklar\u0131n\u0131 hat\u0131rlatan <strong>Onur \u00dcnl\u00fc<\/strong>,<em> \u201cESCON olarak enerji verimlili\u011fi alan\u0131ndaki \u00e7al\u0131\u015fmalar\u0131m\u0131z\u0131 bir ad\u0131m daha ileri ta\u015f\u0131mak \u00fczere i\u015f modelimizde bir d\u00f6n\u00fc\u015f\u00fcm ger\u00e7ekle\u015ftirdik. Sekt\u00f6rde bir ilke daha imza atarak, yeni vizyonumuzu, \u2018i\u015fletmeleri karbon n\u00f6tr hale getirmek\u2019 olarak belirledik. Bu kapsamda yurt i\u00e7inde ve yurt d\u0131\u015f\u0131nda karbon n\u00f6tr olmay\u0131 hedefleyen i\u015fletmelere y\u00f6nelik \u00e7al\u0131\u015fmalar ger\u00e7ekle\u015ftirece\u011fiz. Bu konu, <strong>S\u0131n\u0131rda Karbon D\u00fczenlemesi<\/strong>\u2019nin etkisiyle i\u015fletmelerin g\u00fcndeminde her ge\u00e7en g\u00fcn daha fazla yer tutacak. Dolay\u0131s\u0131yla h\u0131zl\u0131 aksiyon alan i\u015fletmeler, sekt\u00f6rlerine \u00f6nc\u00fcl\u00fck ederken, yeni d\u00fcnya d\u00fczeninde rekabet etmeyi sa\u011flayacak<strong> karbon n\u00f6tr yap\u0131ya<\/strong> \u00e7ok daha h\u0131zl\u0131 ula\u015facaklar\u201d<\/em> a\u00e7\u0131klamas\u0131nda bulundu. \u00dcnl\u00fc, karbon n\u00f6tr olmay\u0131 hedefleyen i\u015fletmelerin Enerji Performans S\u00f6zle\u015fmeleri, te\u015fvikler ve di\u011fer destek mekanizmalar\u0131ndan yararlanabileceklerini de s\u00f6zlerine ekledi.<\/p>","protected":false},"excerpt":{"rendered":"<p>Sorry, this entry is only available in Turkish. For the sake of viewer convenience, the content is shown below in the alternative language. You may click the link to switch the active language. Yeni y\u0131l ile birlikte elektri\u011fe ve do\u011fal gaza gelen y\u00fcksek zamlar\u0131n ard\u0131ndan ba\u015fta sanayi kurulu\u015flar\u0131 olmak \u00fczere her \u00f6l\u00e7ekten i\u015fletme, enerji maliyetlerini [&hellip;]<\/p>\n","protected":false},"author":1,"featured_media":149081,"comment_status":"open","ping_status":"open","sticky":false,"template":"","format":"standard","meta":[],"categories":[53,52],"tags":[40807,26559,85432,1247,93390,793],"views":169,"_links":{"self":[{"href":"https:\/\/www.enerjigazetesi.ist\/en\/wp-json\/wp\/v2\/posts\/149078"}],"collection":[{"href":"https:\/\/www.enerjigazetesi.ist\/en\/wp-json\/wp\/v2\/posts"}],"about":[{"href":"https:\/\/www.enerjigazetesi.ist\/en\/wp-json\/wp\/v2\/types\/post"}],"author":[{"embeddable":true,"href":"https:\/\/www.enerjigazetesi.ist\/en\/wp-json\/wp\/v2\/users\/1"}],"replies":[{"embeddable":true,"href":"https:\/\/www.enerjigazetesi.ist\/en\/wp-json\/wp\/v2\/comments?post=149078"}],"version-history":[{"count":0,"href":"https:\/\/www.enerjigazetesi.ist\/en\/wp-json\/wp\/v2\/posts\/149078\/revisions"}],"wp:featuredmedia":[{"embeddable":true,"href":"https:\/\/www.enerjigazetesi.ist\/en\/wp-json\/wp\/v2\/media\/149081"}],"wp:attachment":[{"href":"https:\/\/www.enerjigazetesi.ist\/en\/wp-json\/wp\/v2\/media?parent=149078"}],"wp:term":[{"taxonomy":"category","embeddable":true,"href":"https:\/\/www.enerjigazetesi.ist\/en\/wp-json\/wp\/v2\/categories?post=149078"},{"taxonomy":"post_tag","embeddable":true,"href":"https:\/\/www.enerjigazetesi.ist\/en\/wp-json\/wp\/v2\/tags?post=149078"}],"curies":[{"name":"wp","href":"https:\/\/api.w.org\/{rel}","templated":true}]}}