{"id":149016,"date":"2022-01-08T14:53:32","date_gmt":"2022-01-08T11:53:32","guid":{"rendered":"https:\/\/www.enerjigazetesi.ist\/?p=149016"},"modified":"2022-01-08T14:57:43","modified_gmt":"2022-01-08T11:57:43","slug":"golbis-ile-pedallar-yesile-dogru-cevriliyor-doga-kazaniyor","status":"publish","type":"post","link":"https:\/\/www.enerjigazetesi.ist\/en\/golbis-ile-pedallar-yesile-dogru-cevriliyor-doga-kazaniyor\/","title":{"rendered":"(Turkish) &#8217;G\u00d6LB\u0130S&#8217; ile Pedallar Ye\u015file Do\u011fru \u00c7evriliyor, Do\u011fa Kazan\u0131yor!"},"content":{"rendered":"<p class=\"qtranxs-available-languages-message qtranxs-available-languages-message-en\">Sorry, this entry is only available in <a href=\"https:\/\/www.enerjigazetesi.ist\/tr\/wp-json\/wp\/v2\/posts\/149016\" class=\"qtranxs-available-language-link qtranxs-available-language-link-tr\" title=\"Turkish\">Turkish<\/a>. For the sake of viewer convenience, the content is shown below in the alternative language. You may click the link to switch the active language.<\/p><p><\/p>\n<h2>Sa\u011fl\u0131kl\u0131 ve \u00e7evreci ula\u015f\u0131m \u015fekli olan bisikletin kent i\u00e7i kullan\u0131m\u0131n\u0131n yayg\u0131nla\u015ft\u0131r\u0131lmas\u0131 amac\u0131yla \u00e7al\u0131\u015fmalar\u0131n\u0131 aral\u0131ks\u0131z s\u00fcrd\u00fcren <strong>G\u00f6lba\u015f\u0131 Belediyesi<\/strong>, <strong>G\u00d6LB\u0130S projesi<\/strong>ni hayata ge\u00e7irdi.<\/h2>\n<p><strong>G\u00f6lba\u015f\u0131 Belediyesi<\/strong> taraf\u0131ndan i\u015fletilen <strong>Ak\u0131ll\u0131 Bisiklet Projesi<\/strong> sistemi ile <strong>\u00e7evre dostu<\/strong> bu proje vatanda\u015flar\u0131n hizmetine sunuldu. \u0130stasyon ilk olarak <strong>Atat\u00fcrk Sahil Park ve Vilayetler Evi<\/strong>\u2019ne <img loading=\"lazy\" class=\"alignright wp-image-149018\" src=\"https:\/\/www.enerjigazetesi.ist\/wp-content\/uploads\/2022\/01\/golbis-ile-pedallar-yesile-dogru-cevriliyor-doga-kazaniyor-2.jpg\" alt=\"\" width=\"320\" height=\"225\" srcset=\"https:\/\/www.enerjigazetesi.ist\/wp-content\/uploads\/2022\/01\/golbis-ile-pedallar-yesile-dogru-cevriliyor-doga-kazaniyor-2.jpg 550w, https:\/\/www.enerjigazetesi.ist\/wp-content\/uploads\/2022\/01\/golbis-ile-pedallar-yesile-dogru-cevriliyor-doga-kazaniyor-2-300x211.jpg 300w, https:\/\/www.enerjigazetesi.ist\/wp-content\/uploads\/2022\/01\/golbis-ile-pedallar-yesile-dogru-cevriliyor-doga-kazaniyor-2-500x351.jpg 500w, https:\/\/www.enerjigazetesi.ist\/wp-content\/uploads\/2022\/01\/golbis-ile-pedallar-yesile-dogru-cevriliyor-doga-kazaniyor-2-71x50.jpg 71w\" sizes=\"(max-width: 320px) 100vw, 320px\" \/>kuruldu. <strong>56 km<\/strong>\u2019lik <strong>bisiklet yolumuzu<\/strong> tamamlanarak istasyon say\u0131lar\u0131n\u0131 art\u0131rma \u00e7al\u0131\u015fmalar\u0131 da s\u00fcrd\u00fcr\u00fclmektedir. <strong>G\u00d6LB\u0130S<\/strong> sayesinde<strong> toplu ula\u015f\u0131m<\/strong> \u00fczerindeki y\u00fck azalacak,<strong> trafi\u011fin bir nebzede olsa<\/strong> hafiflemesine, daha <strong>\u00e7evreci bir ula\u015f\u0131m arac\u0131na<\/strong> vesile olunacakt\u0131r. \u00d6zellikle de <strong>yerli<\/strong> ve<strong> yabanc\u0131 turistler<\/strong> projeye yo\u011fun ilgi g\u00f6stermektedir.<\/p>\n<p><strong>Nisan 2020<\/strong>&#8216;de engelli vatanda\u015flar\u0131nda d\u00fc\u015f\u00fcn\u00fcld\u00fc\u011f\u00fc projede <strong>engelsiz bir G\u00f6lba\u015f\u0131 olma<\/strong> yolunda pek \u00e7ok ad\u0131m at\u0131l\u0131rken bireysel farkl\u0131l\u0131\u011f\u0131 olan vatanda\u015flar\u0131n hayatlar\u0131n\u0131 kolayla\u015ft\u0131ran i\u015flere imza at\u0131larak; 4 farkl\u0131 noktaya (Atat\u00fcrk Sahil Park\u0131, Mevl\u00e2na Park\u0131, Hasvak Hastanesi Kamp\u00fcs Alan\u0131 ve Z\u00fcbeyde Han\u0131m K\u00fclt\u00fcr Merkezi <strong>\u015farj istasyonu<\/strong> kuruldu. <strong>Engelsiz oyun parklar\u0131<\/strong>n\u0131n kurulumu i\u00e7inde <strong>et\u00fct \u00e7al\u0131\u015fmalar\u0131na<\/strong> ba\u015fland\u0131.<\/p>\n<h3><strong>Geri D\u00f6n\u00fc\u015f\u00fcme de Katk\u0131 Sa\u011flan\u0131yor&#8230;<\/strong><\/h3>\n<p><strong>Do\u011fada <\/strong>yer alan\u00a0her at\u0131k ise <strong>Fen \u0130\u015fleri M\u00fcd\u00fcrl\u00fc\u011f\u00fc<\/strong> at\u00f6lyesinde <strong>sanata d\u00f6n\u00fc\u015ft\u00fcr\u00fcl\u00fcrken<\/strong> <em>Fen \u0130\u015fleri M\u00fcd\u00fcrl\u00fc\u011f\u00fc<\/em>&#8216;n\u00fcn <strong>at\u0131k malzemeleri kullanarak<\/strong> yapt\u0131\u011f\u0131 <strong>dekoratif hediyelik e\u015fyalarla<\/strong> dikkat \u00e7ekici \u00e7al\u0131\u015fmalara imza at\u0131l\u0131rken <strong>geri d\u00f6n\u00fc\u015f\u00fcme de katk\u0131<\/strong> sa\u011flan\u0131yor&#8230;<\/p>\n<p>Sarp ALTINEL \/ Enerji Gazetesi &#8211; <a href=\"mailto:sarp.altinel@enerjigazetesi.ist\" target=\"_blank\" rel=\"noopener\">sarp.altinel@enerjigazetesi.ist<\/a><\/p>","protected":false},"excerpt":{"rendered":"<p>Sorry, this entry is only available in Turkish. For the sake of viewer convenience, the content is shown below in the alternative language. You may click the link to switch the active language. Sa\u011fl\u0131kl\u0131 ve \u00e7evreci ula\u015f\u0131m \u015fekli olan bisikletin kent i\u00e7i kullan\u0131m\u0131n\u0131n yayg\u0131nla\u015ft\u0131r\u0131lmas\u0131 amac\u0131yla \u00e7al\u0131\u015fmalar\u0131n\u0131 aral\u0131ks\u0131z s\u00fcrd\u00fcren G\u00f6lba\u015f\u0131 Belediyesi, G\u00d6LB\u0130S projesini hayata ge\u00e7irdi. G\u00f6lba\u015f\u0131 [&hellip;]<\/p>\n","protected":false},"author":1,"featured_media":149019,"comment_status":"open","ping_status":"open","sticky":false,"template":"","format":"standard","meta":[],"categories":[53],"tags":[91521,100025,55941,91462,100026,2529,70511,100024],"views":129,"_links":{"self":[{"href":"https:\/\/www.enerjigazetesi.ist\/en\/wp-json\/wp\/v2\/posts\/149016"}],"collection":[{"href":"https:\/\/www.enerjigazetesi.ist\/en\/wp-json\/wp\/v2\/posts"}],"about":[{"href":"https:\/\/www.enerjigazetesi.ist\/en\/wp-json\/wp\/v2\/types\/post"}],"author":[{"embeddable":true,"href":"https:\/\/www.enerjigazetesi.ist\/en\/wp-json\/wp\/v2\/users\/1"}],"replies":[{"embeddable":true,"href":"https:\/\/www.enerjigazetesi.ist\/en\/wp-json\/wp\/v2\/comments?post=149016"}],"version-history":[{"count":0,"href":"https:\/\/www.enerjigazetesi.ist\/en\/wp-json\/wp\/v2\/posts\/149016\/revisions"}],"wp:featuredmedia":[{"embeddable":true,"href":"https:\/\/www.enerjigazetesi.ist\/en\/wp-json\/wp\/v2\/media\/149019"}],"wp:attachment":[{"href":"https:\/\/www.enerjigazetesi.ist\/en\/wp-json\/wp\/v2\/media?parent=149016"}],"wp:term":[{"taxonomy":"category","embeddable":true,"href":"https:\/\/www.enerjigazetesi.ist\/en\/wp-json\/wp\/v2\/categories?post=149016"},{"taxonomy":"post_tag","embeddable":true,"href":"https:\/\/www.enerjigazetesi.ist\/en\/wp-json\/wp\/v2\/tags?post=149016"}],"curies":[{"name":"wp","href":"https:\/\/api.w.org\/{rel}","templated":true}]}}