{"id":148970,"date":"2022-01-07T14:57:01","date_gmt":"2022-01-07T11:57:01","guid":{"rendered":"https:\/\/www.enerjigazetesi.ist\/?p=148970"},"modified":"2022-01-07T15:06:32","modified_gmt":"2022-01-07T12:06:32","slug":"varta-yuzde-100-geri-donusumlu-yeni-ambalajlari-ile-raflarda-yerini-aldi","status":"publish","type":"post","link":"https:\/\/www.enerjigazetesi.ist\/en\/varta-yuzde-100-geri-donusumlu-yeni-ambalajlari-ile-raflarda-yerini-aldi\/","title":{"rendered":"(Turkish) Varta %100 Geri D\u00f6n\u00fc\u015f\u00fcml\u00fc Yeni Ambalajlar\u0131 ile Raflarda Yerini Ald\u0131"},"content":{"rendered":"<p class=\"qtranxs-available-languages-message qtranxs-available-languages-message-en\">Sorry, this entry is only available in <a href=\"https:\/\/www.enerjigazetesi.ist\/tr\/wp-json\/wp\/v2\/posts\/148970\" class=\"qtranxs-available-language-link qtranxs-available-language-link-tr\" title=\"Turkish\">Turkish<\/a>. For the sake of viewer convenience, the content is shown below in the alternative language. You may click the link to switch the active language.<\/p><p><\/p>\n<h2>Eyl\u00fcl 2021\u2019de, \u2018\u2019performans ve s\u00fcrd\u00fcr\u00fclebilirlik\u2019\u2019 ba\u015fl\u0131\u011f\u0131 alt\u0131nda, bir relansman ger\u00e7ekle\u015ftiren VARTA\u2019n\u0131n logosu ve \u00fcr\u00fcnlerinin\u00a0 ambalajlar\u0131 yenilendi. Daha modern ve teknik bir tasar\u0131m ile yenilenen marka, kullan\u0131c\u0131lar\u0131n ihtiya\u00e7lar\u0131n\u0131 dikkate alarak hareket etti.<\/h2>\n<h3><strong>TASARIM YEN\u0130LEND\u0130, \u00dcR\u00dcN SE\u00c7\u0130M\u0130 KOLAYLA\u015eTI<\/strong><\/h3>\n<p><img loading=\"lazy\" class=\"alignright wp-image-148972\" src=\"https:\/\/www.enerjigazetesi.ist\/wp-content\/uploads\/2022\/01\/varta-yuzde-100-geri-donusumlu-yeni-ambalajlari-ile-raflarda-yerini-aldi-1.jpg\" alt=\"\" width=\"210\" height=\"246\" srcset=\"https:\/\/www.enerjigazetesi.ist\/wp-content\/uploads\/2022\/01\/varta-yuzde-100-geri-donusumlu-yeni-ambalajlari-ile-raflarda-yerini-aldi-1.jpg 426w, https:\/\/www.enerjigazetesi.ist\/wp-content\/uploads\/2022\/01\/varta-yuzde-100-geri-donusumlu-yeni-ambalajlari-ile-raflarda-yerini-aldi-1-256x300.jpg 256w, https:\/\/www.enerjigazetesi.ist\/wp-content\/uploads\/2022\/01\/varta-yuzde-100-geri-donusumlu-yeni-ambalajlari-ile-raflarda-yerini-aldi-1-341x400.jpg 341w, https:\/\/www.enerjigazetesi.ist\/wp-content\/uploads\/2022\/01\/varta-yuzde-100-geri-donusumlu-yeni-ambalajlari-ile-raflarda-yerini-aldi-1-43x50.jpg 43w\" sizes=\"(max-width: 210px) 100vw, 210px\" \/>Bir teknoloji lideri olan Varta; t\u00fcm <strong>pil, fener<\/strong> ve<strong> ta\u015f\u0131nabilir \u015farj cihaz\u0131<\/strong> \u00fcr\u00fcnlerinde<strong> yeni \u00fcr\u00fcn<\/strong> ve <strong>ambalaj tasar\u0131mlar\u0131n\u0131<\/strong> tan\u0131tt\u0131. Varta ambalajlar\u0131n \u00fczerinde bulunan sade ve kolay anla\u015f\u0131l\u0131r cihaz sembol y\u00f6nlendirmesi, ile do\u011fru pilin do\u011fru cihazda kullan\u0131lmas\u0131n\u0131 sa\u011flayarak t\u00fcketicinin bilin\u00e7li se\u00e7im yapmas\u0131n\u0131 sa\u011fl\u0131yor.<\/p>\n<h3><strong>\u00c7EVRESEL AYAK \u0130Z\u0130 EN AZA \u0130ND\u0130R\u0130L\u0130YOR<\/strong><\/h3>\n<p>VARTA, 2027 y\u0131l\u0131na kadar ki hedefi; <strong>PAS-2060<\/strong>&#8216;a g\u00f6re <strong>CO2 n\u00f6tr \u00fcretime<\/strong> ula\u015fmak.\u00a0 Bu hedef do\u011frultusunda yeni blister ambalajlar\u0131n \u00e7o\u011fu, <strong>FSC sertifikal\u0131<\/strong> ve <strong>%100 geri d\u00f6n\u00fc\u015ft\u00fcr\u00fclebilir kartondan<\/strong> imal edilmeye ba\u015fland\u0131. Varta, \u00fcretim faaliyetlerindeki <strong>plastik kullan\u0131m\u0131n\u0131 her y\u0131l minimum 94 ton azaltmay\u0131<\/strong> hedefliyor.<\/p>\n<p>Yeni malzemelere ek olarak, art\u0131k her <strong>alkalin pil<\/strong> ve <strong>\u015farj edilebilir pil<\/strong> ambalaj\u0131nda, <strong>bir pil \u00e7\u0131kart\u0131ld\u0131ktan sonra ambalaj\u0131n tekrar kapat\u0131labilmesine olanak, tan\u0131yan ak\u0131ll\u0131 a\u00e7ma\/kapama mekanizmas\u0131<\/strong> bulunuyor. B\u00f6ylece, pillerin istenmeden <strong>ambalajdan d\u00fc\u015fmesi<\/strong> engelleniyor.<\/p>\n<p>Ayn\u0131 zamanda <strong>\u00f6mr\u00fcn\u00fc tamamlayan pillerin<\/strong>,<strong> geri d\u00f6n\u00fc\u015f\u00fcme<\/strong> gidene kadar <strong>orijinal ambalaj\u0131n\u0131n<\/strong> i\u00e7inde saklanmas\u0131 da bir kolayl\u0131k olarak t\u00fcketiciye sunuluyor<strong>.<\/strong><\/p>","protected":false},"excerpt":{"rendered":"<p>Sorry, this entry is only available in Turkish. For the sake of viewer convenience, the content is shown below in the alternative language. You may click the link to switch the active language. Eyl\u00fcl 2021\u2019de, \u2018\u2019performans ve s\u00fcrd\u00fcr\u00fclebilirlik\u2019\u2019 ba\u015fl\u0131\u011f\u0131 alt\u0131nda, bir relansman ger\u00e7ekle\u015ftiren VARTA\u2019n\u0131n logosu ve \u00fcr\u00fcnlerinin\u00a0 ambalajlar\u0131 yenilendi. Daha modern ve teknik bir tasar\u0131m [&hellip;]<\/p>\n","protected":false},"author":1,"featured_media":148973,"comment_status":"open","ping_status":"open","sticky":false,"template":"","format":"standard","meta":[],"categories":[51,53,52],"tags":[100001,99996,99998,99997,99995,99999,37957,99994],"views":215,"_links":{"self":[{"href":"https:\/\/www.enerjigazetesi.ist\/en\/wp-json\/wp\/v2\/posts\/148970"}],"collection":[{"href":"https:\/\/www.enerjigazetesi.ist\/en\/wp-json\/wp\/v2\/posts"}],"about":[{"href":"https:\/\/www.enerjigazetesi.ist\/en\/wp-json\/wp\/v2\/types\/post"}],"author":[{"embeddable":true,"href":"https:\/\/www.enerjigazetesi.ist\/en\/wp-json\/wp\/v2\/users\/1"}],"replies":[{"embeddable":true,"href":"https:\/\/www.enerjigazetesi.ist\/en\/wp-json\/wp\/v2\/comments?post=148970"}],"version-history":[{"count":3,"href":"https:\/\/www.enerjigazetesi.ist\/en\/wp-json\/wp\/v2\/posts\/148970\/revisions"}],"predecessor-version":[{"id":148975,"href":"https:\/\/www.enerjigazetesi.ist\/en\/wp-json\/wp\/v2\/posts\/148970\/revisions\/148975"}],"wp:featuredmedia":[{"embeddable":true,"href":"https:\/\/www.enerjigazetesi.ist\/en\/wp-json\/wp\/v2\/media\/148973"}],"wp:attachment":[{"href":"https:\/\/www.enerjigazetesi.ist\/en\/wp-json\/wp\/v2\/media?parent=148970"}],"wp:term":[{"taxonomy":"category","embeddable":true,"href":"https:\/\/www.enerjigazetesi.ist\/en\/wp-json\/wp\/v2\/categories?post=148970"},{"taxonomy":"post_tag","embeddable":true,"href":"https:\/\/www.enerjigazetesi.ist\/en\/wp-json\/wp\/v2\/tags?post=148970"}],"curies":[{"name":"wp","href":"https:\/\/api.w.org\/{rel}","templated":true}]}}