{"id":148917,"date":"2022-01-06T15:30:02","date_gmt":"2022-01-06T12:30:02","guid":{"rendered":"https:\/\/www.enerjigazetesi.ist\/?p=148917"},"modified":"2022-01-06T15:34:37","modified_gmt":"2022-01-06T12:34:37","slug":"aspilsanin-li-iyon-pil-uretim-tesisi-makine-sistemleri-kayseriye-ulasti","status":"publish","type":"post","link":"https:\/\/www.enerjigazetesi.ist\/en\/aspilsanin-li-iyon-pil-uretim-tesisi-makine-sistemleri-kayseriye-ulasti\/","title":{"rendered":"(Turkish) ASP\u0130LSAN&#8217;\u0131n &#8216;Li-iyon Pil \u00dcretim Tesisi&#8217; Makine Sistemleri Kayseri&#8217;ye Ula\u015ft\u0131"},"content":{"rendered":"<p class=\"qtranxs-available-languages-message qtranxs-available-languages-message-en\">Sorry, this entry is only available in <a href=\"https:\/\/www.enerjigazetesi.ist\/tr\/wp-json\/wp\/v2\/posts\/148917\" class=\"qtranxs-available-language-link qtranxs-available-language-link-tr\" title=\"Turkish\">Turkish<\/a>. For the sake of viewer convenience, the content is shown below in the alternative language. You may click the link to switch the active language.<\/p><p><\/p>\n<h2>ASP\u0130LSAN Enerji Genel M\u00fcd\u00fcr\u00fc Ferhat \u00d6zsoy taraf\u0131ndan 02 Aral\u0131k 2021&#8217;de G\u00fcney Kore&#8217;den yola \u00e7\u0131km\u0131\u015f olan makine <img loading=\"lazy\" class=\"alignright wp-image-148921\" src=\"https:\/\/www.enerjigazetesi.ist\/wp-content\/uploads\/2022\/01\/aspilsanin-li-iyon-pil-uretim-tesisinin-makine-sistemleri-kayseriye-ulasti-1.jpg\" alt=\"\" width=\"320\" height=\"217\" srcset=\"https:\/\/www.enerjigazetesi.ist\/wp-content\/uploads\/2022\/01\/aspilsanin-li-iyon-pil-uretim-tesisinin-makine-sistemleri-kayseriye-ulasti-1.jpg 550w, https:\/\/www.enerjigazetesi.ist\/wp-content\/uploads\/2022\/01\/aspilsanin-li-iyon-pil-uretim-tesisinin-makine-sistemleri-kayseriye-ulasti-1-300x203.jpg 300w, https:\/\/www.enerjigazetesi.ist\/wp-content\/uploads\/2022\/01\/aspilsanin-li-iyon-pil-uretim-tesisinin-makine-sistemleri-kayseriye-ulasti-1-500x339.jpg 500w, https:\/\/www.enerjigazetesi.ist\/wp-content\/uploads\/2022\/01\/aspilsanin-li-iyon-pil-uretim-tesisinin-makine-sistemleri-kayseriye-ulasti-1-74x50.jpg 74w\" sizes=\"(max-width: 320px) 100vw, 320px\" \/>sistemlerinin 03 Ocak 2022 tarihinde T\u00fcrkiye&#8217;ye ula\u015fm\u0131\u015f oldu\u011fu ve toplam da 79 konteynerin Kayseri&#8217;ye getirildi\u011fi belirtildi.<\/h2>\n<p><strong>Nisan ay\u0131 sonunda<\/strong>\u00a0seri \u00fcretime ba\u015flayacak olan <strong>25 bin metrekarelik<\/strong> kapal\u0131 alana sahip <strong>lityum iyon pil \u00fcretim tesisi<\/strong> ile T\u00fcrkiye <em>lityum iyon silindirik pil seri \u00fcretim tesisi<\/em> <strong>lityum-iyon teknolojisi<\/strong> ile tan\u0131\u015fm\u0131\u015f olacak.<\/p>\n<p>\u00d6zsoy yapt\u0131\u011f\u0131 a\u00e7\u0131klamada ise, <em>&#8220;ASP\u0130LSAN Enerji, bu yeni yat\u0131r\u0131m\u0131yla birlikte b\u00f6lgede tek pil h\u00fccresi \u00fcreten \u015firket haline gelecektir. Zaman i\u00e7inde de maliyet azalt\u0131c\u0131 tedbirler geli\u015ftirmek suretiyle \u00e7ok daha rekabet\u00e7i duruma gelmeyi ve y\u0131ll\u0131k<strong> 220 MWh<\/strong> \u00fcretim kapasitesiyle d\u0131\u015fa ba\u011f\u0131ml\u0131l\u0131\u011f\u0131 azaltmay\u0131 planlamaktay\u0131z.&#8221;<\/em> ifadelerini kulland\u0131.<\/p>","protected":false},"excerpt":{"rendered":"<p>Sorry, this entry is only available in Turkish. For the sake of viewer convenience, the content is shown below in the alternative language. You may click the link to switch the active language. ASP\u0130LSAN Enerji Genel M\u00fcd\u00fcr\u00fc Ferhat \u00d6zsoy taraf\u0131ndan 02 Aral\u0131k 2021&#8217;de G\u00fcney Kore&#8217;den yola \u00e7\u0131km\u0131\u015f olan makine sistemlerinin 03 Ocak 2022 tarihinde T\u00fcrkiye&#8217;ye [&hellip;]<\/p>\n","protected":false},"author":1,"featured_media":148922,"comment_status":"open","ping_status":"open","sticky":false,"template":"","format":"standard","meta":[],"categories":[51,53],"tags":[45013,2625,28613,1039,99981,80369,40219],"views":160,"_links":{"self":[{"href":"https:\/\/www.enerjigazetesi.ist\/en\/wp-json\/wp\/v2\/posts\/148917"}],"collection":[{"href":"https:\/\/www.enerjigazetesi.ist\/en\/wp-json\/wp\/v2\/posts"}],"about":[{"href":"https:\/\/www.enerjigazetesi.ist\/en\/wp-json\/wp\/v2\/types\/post"}],"author":[{"embeddable":true,"href":"https:\/\/www.enerjigazetesi.ist\/en\/wp-json\/wp\/v2\/users\/1"}],"replies":[{"embeddable":true,"href":"https:\/\/www.enerjigazetesi.ist\/en\/wp-json\/wp\/v2\/comments?post=148917"}],"version-history":[{"count":0,"href":"https:\/\/www.enerjigazetesi.ist\/en\/wp-json\/wp\/v2\/posts\/148917\/revisions"}],"wp:featuredmedia":[{"embeddable":true,"href":"https:\/\/www.enerjigazetesi.ist\/en\/wp-json\/wp\/v2\/media\/148922"}],"wp:attachment":[{"href":"https:\/\/www.enerjigazetesi.ist\/en\/wp-json\/wp\/v2\/media?parent=148917"}],"wp:term":[{"taxonomy":"category","embeddable":true,"href":"https:\/\/www.enerjigazetesi.ist\/en\/wp-json\/wp\/v2\/categories?post=148917"},{"taxonomy":"post_tag","embeddable":true,"href":"https:\/\/www.enerjigazetesi.ist\/en\/wp-json\/wp\/v2\/tags?post=148917"}],"curies":[{"name":"wp","href":"https:\/\/api.w.org\/{rel}","templated":true}]}}