{"id":148816,"date":"2022-01-05T11:58:24","date_gmt":"2022-01-05T08:58:24","guid":{"rendered":"https:\/\/www.enerjigazetesi.ist\/?p=148816"},"modified":"2022-01-05T12:02:29","modified_gmt":"2022-01-05T09:02:29","slug":"accelerate2030-hizlandirma-programi-nin-kamu-sektoru-ayagi-gerceklesti","status":"publish","type":"post","link":"https:\/\/www.enerjigazetesi.ist\/en\/accelerate2030-hizlandirma-programi-nin-kamu-sektoru-ayagi-gerceklesti\/","title":{"rendered":"(Turkish) &#8217;Accelerate2030 H\u0131zland\u0131rma Program\u0131&#8217;n\u0131n Kamu Sekt\u00f6r\u00fc Aya\u011f\u0131 Ger\u00e7ekle\u015fti"},"content":{"rendered":"<p class=\"qtranxs-available-languages-message qtranxs-available-languages-message-en\">Sorry, this entry is only available in <a href=\"https:\/\/www.enerjigazetesi.ist\/tr\/wp-json\/wp\/v2\/posts\/148816\" class=\"qtranxs-available-language-link qtranxs-available-language-link-tr\" title=\"Turkish\">Turkish<\/a>. For the sake of viewer convenience, the content is shown below in the alternative language. You may click the link to switch the active language.<\/p><p><\/p>\n<h2>Birle\u015fmi\u015f Milletler S\u00fcrd\u00fcr\u00fclebilir Kalk\u0131nma Ama\u00e7lar\u0131 do\u011frultusunda \u00e7\u00f6z\u00fcm geli\u015ftiren, ileri a\u015fama pozitif etki odakl\u0131 giri\u015fimlere y\u00f6nelik h\u0131zland\u0131rma program\u0131 Accelerate2030 kapsam\u0131nda giri\u015fimler, Ankara&#8217;da ilgili bakanl\u0131klar\u0131 ziyaret etti; d\u00fczenlenen fiziksel networking etkinli\u011finde kamu ve uluslararas\u0131 kurulu\u015flarla bir araya gelerek i\u015f birli\u011fi f\u0131rsatlar\u0131n\u0131 \u00e7e\u015fitlendirdi.<\/h2>\n<p><strong>Impact Hub<\/strong> ve <strong>Birle\u015fmi\u015f Milletler Kalk\u0131nma Program\u0131<\/strong>&#8216;n\u0131n <strong>(UNDP)<\/strong> ortakl\u0131\u011f\u0131nda ba\u015flat\u0131lan, T\u00fcrkiye&#8217;de 2021 y\u0131l\u0131nda <strong>Alman Federal Ekonomik \u0130\u015f Birli\u011fi<\/strong> ve <strong>Kalk\u0131nma Bakanl\u0131\u011f\u0131 (BMZ)<\/strong> taraf\u0131ndan finanse edilen ve <strong>Alman Uluslararas\u0131 \u0130\u015f Birli\u011fi Kurumu (G\u0130Z)<\/strong> taraf\u0131ndan hayata <img loading=\"lazy\" class=\"alignright wp-image-148818\" src=\"https:\/\/www.enerjigazetesi.ist\/wp-content\/uploads\/2022\/01\/accelerate2030-un-kamu-sektoru-ayagi-yapildi-2.jpg\" alt=\"\" width=\"320\" height=\"222\" srcset=\"https:\/\/www.enerjigazetesi.ist\/wp-content\/uploads\/2022\/01\/accelerate2030-un-kamu-sektoru-ayagi-yapildi-2.jpg 550w, https:\/\/www.enerjigazetesi.ist\/wp-content\/uploads\/2022\/01\/accelerate2030-un-kamu-sektoru-ayagi-yapildi-2-300x208.jpg 300w, https:\/\/www.enerjigazetesi.ist\/wp-content\/uploads\/2022\/01\/accelerate2030-un-kamu-sektoru-ayagi-yapildi-2-500x347.jpg 500w, https:\/\/www.enerjigazetesi.ist\/wp-content\/uploads\/2022\/01\/accelerate2030-un-kamu-sektoru-ayagi-yapildi-2-72x50.jpg 72w\" sizes=\"(max-width: 320px) 100vw, 320px\" \/>ge\u00e7irilen <strong>PEP &#8211; Ekonomik F\u0131rsatlar\u0131n Desteklenmesi Program\u0131<\/strong> kapsam\u0131nda ger\u00e7ekle\u015ftirilen <strong>Accelerate2030 program\u0131<\/strong>n\u0131n kamu sekt\u00f6r\u00fc aya\u011f\u0131<strong> Kas\u0131m ay\u0131nda<\/strong> ba\u015flad\u0131. <strong>T\u00fcrkiye Giri\u015fimcilik Vakf\u0131, Impact Hub Istanbul<\/strong> ve<strong> UNDP T\u00fcrkiye<\/strong> i\u015f birli\u011finde hayata ge\u00e7irilen programa kat\u0131lan kamu kurumlar\u0131na sosyal giri\u015fimlerle i\u015f birli\u011fi geli\u015ftirme e\u011fitimi verildikten sonra <strong>online networking etkinli\u011fi<\/strong>yle iki taraf aras\u0131nda i\u015f birliklerinin geli\u015fmesi sa\u011fland\u0131. Bu etkinlik sonras\u0131nda <strong>06 &#8211; 07 Aral\u0131k 2021<\/strong> tarihinde, giri\u015fimler <strong>Ankara<\/strong> ziyaretinde bulunarak hem ilgili bakanl\u0131klar\u0131 ziyaret etti hem de fiziksel olarak ger\u00e7ekle\u015ftirilen <strong>networking etkinli\u011finde<\/strong> kamu ve uluslararas\u0131 kurulu\u015flarla bir araya gelerek <strong>i\u015f birli\u011fi f\u0131rsatlar\u0131n\u0131<\/strong> \u00e7e\u015fitlendirdiler.<\/p>\n<p>Programa kat\u0131lan ve aralar\u0131nda temel hedef gruplar\u0131ndan biri olan<strong> Ge\u00e7ici Koruma Alt\u0131ndaki Suriyeliler<\/strong> taraf\u0131ndan kurulmu\u015f ya da g\u00f6\u00e7menlerin ihtiya\u00e7lar\u0131n\u0131 g\u00f6zeten <strong>3 giri\u015fim<\/strong> bulunan toplamda<strong> 15 giri\u015fim<\/strong>, T.C. Sanayi ve Teknoloji Bakan Yard\u0131mc\u0131s\u0131<strong> Mehmet Fatih Kac\u0131r<\/strong>&#8216;\u0131, T.C. D\u0131\u015fi\u015fleri Bakanl\u0131\u011f\u0131 AB Ba\u015fkanl\u0131\u011f\u0131 Mali \u0130\u015f Birli\u011fi ve Proje Uygulama M\u00fcd\u00fcr\u00fc <strong>B\u00fclent \u00d6zcan<\/strong>&#8216;\u0131 ve T.C. Tar\u0131m ve Orman Bakanl\u0131\u011f\u0131 Tar\u0131m Reformu Genel M\u00fcd\u00fcrl\u00fc\u011f\u00fc Tar\u0131m Teknolojileri ve Mekanizasyon Daire Ba\u015fkan\u0131 <strong>Mustafa Gezici&#8217;<\/strong>yi makamlar\u0131nda ziyaret etti. Yap\u0131lan ziyaretlerde ilgili birimlere kendilerini tan\u0131tma f\u0131rsat\u0131 bulmalar\u0131n\u0131n yan\u0131nda, faaliyetlerini birbirleriyle payla\u015ft\u0131lar. Ziyaretlerin yan\u0131 s\u0131ra giri\u015fimler, etki odakl\u0131 bir <strong>teknopark<\/strong> olan <strong>OST\u0130M Teknopark<\/strong> i\u00e7inde yer alan <strong>Inno:14 H\u0131zland\u0131rma Merkezi<\/strong>&#8216;ni de yerinde ziyaret ettiler.<\/p>\n<p>Giri\u015fimler, <strong>7 Aral\u0131k 2021<\/strong> g\u00fcn\u00fc <strong>ODT\u00dc Teknokent Bili\u015fim \u0130novasyon Merkezi<\/strong> i\u00e7inde yer alan <strong>CoZone&#8217;<\/strong>da \u00e7e\u015fitli bakanl\u0131klardan, kalk\u0131nma ajanslar\u0131ndan, belediyelerden,<strong> T\u00dcB\u0130TAK<\/strong> ve <strong>TTGV<\/strong>&#8216;den ve Ankara ekosisteminde yer alan \u00e7e\u015fitli <strong>STK<\/strong> ve <strong>uluslararas\u0131 kurulu\u015flardan<\/strong> temsilcilerle bir araya gelerek yaratt\u0131klar\u0131 etkiyi b\u00fcy\u00fctmek i\u00e7in yo\u011fun bir <strong>networking faaliyetine<\/strong> girdiler. <em>ABD B\u00fcy\u00fckel\u00e7ili\u011fi, World Food Programme, UNDP, Turkish Grameen Bank, GIZ, ILO, PwC Ankara, UNHCR, Viveka, Impact Hub Ankara<\/em> ve <em>Eski\u015fehir B\u00fcy\u00fck\u015fehir Belediyesi<\/em> bu kurulu\u015flar aras\u0131nda yer ald\u0131.<\/p>\n<p>Ger\u00e7ekle\u015ftirilen ziyaretler ve i\u015f birlikleriyle giri\u015fimlerin <strong>S\u00fcrd\u00fcr\u00fclebilir Kalk\u0131nma Ama\u00e7lar\u0131na<\/strong> y\u00f6nelik \u00e7\u00f6z\u00fcmlerini <strong>kamu sekt\u00f6r\u00fc<\/strong> ve<strong> uluslararas\u0131 kurulu\u015flardan destek<\/strong> alarak daha <strong>geni\u015f kitlelere yaymas\u0131n\u0131<\/strong> ve<strong> i\u015flerini b\u00fcy\u00fctme olana\u011f\u0131<\/strong> bulmalar\u0131n\u0131 sa\u011flamak hedefleniyor.<\/p>","protected":false},"excerpt":{"rendered":"<p>Sorry, this entry is only available in Turkish. For the sake of viewer convenience, the content is shown below in the alternative language. You may click the link to switch the active language. Birle\u015fmi\u015f Milletler S\u00fcrd\u00fcr\u00fclebilir Kalk\u0131nma Ama\u00e7lar\u0131 do\u011frultusunda \u00e7\u00f6z\u00fcm geli\u015ftiren, ileri a\u015fama pozitif etki odakl\u0131 giri\u015fimlere y\u00f6nelik h\u0131zland\u0131rma program\u0131 Accelerate2030 kapsam\u0131nda giri\u015fimler, Ankara&#8217;da ilgili [&hellip;]<\/p>\n","protected":false},"author":1,"featured_media":148819,"comment_status":"open","ping_status":"open","sticky":false,"template":"","format":"standard","meta":[],"categories":[53],"tags":[99939,94274,66853,99940,99942,99941,99943],"views":110,"_links":{"self":[{"href":"https:\/\/www.enerjigazetesi.ist\/en\/wp-json\/wp\/v2\/posts\/148816"}],"collection":[{"href":"https:\/\/www.enerjigazetesi.ist\/en\/wp-json\/wp\/v2\/posts"}],"about":[{"href":"https:\/\/www.enerjigazetesi.ist\/en\/wp-json\/wp\/v2\/types\/post"}],"author":[{"embeddable":true,"href":"https:\/\/www.enerjigazetesi.ist\/en\/wp-json\/wp\/v2\/users\/1"}],"replies":[{"embeddable":true,"href":"https:\/\/www.enerjigazetesi.ist\/en\/wp-json\/wp\/v2\/comments?post=148816"}],"version-history":[{"count":0,"href":"https:\/\/www.enerjigazetesi.ist\/en\/wp-json\/wp\/v2\/posts\/148816\/revisions"}],"wp:featuredmedia":[{"embeddable":true,"href":"https:\/\/www.enerjigazetesi.ist\/en\/wp-json\/wp\/v2\/media\/148819"}],"wp:attachment":[{"href":"https:\/\/www.enerjigazetesi.ist\/en\/wp-json\/wp\/v2\/media?parent=148816"}],"wp:term":[{"taxonomy":"category","embeddable":true,"href":"https:\/\/www.enerjigazetesi.ist\/en\/wp-json\/wp\/v2\/categories?post=148816"},{"taxonomy":"post_tag","embeddable":true,"href":"https:\/\/www.enerjigazetesi.ist\/en\/wp-json\/wp\/v2\/tags?post=148816"}],"curies":[{"name":"wp","href":"https:\/\/api.w.org\/{rel}","templated":true}]}}