{"id":148723,"date":"2022-01-03T13:42:02","date_gmt":"2022-01-03T10:42:02","guid":{"rendered":"https:\/\/www.enerjigazetesi.ist\/?p=148723"},"modified":"2022-01-03T13:42:02","modified_gmt":"2022-01-03T10:42:02","slug":"50-inci-yasini-kutlayacak-olan-milliyet-sanat-yeni-yilin-ilk-sayisini-yayimladi","status":"publish","type":"post","link":"https:\/\/www.enerjigazetesi.ist\/en\/50-inci-yasini-kutlayacak-olan-milliyet-sanat-yeni-yilin-ilk-sayisini-yayimladi\/","title":{"rendered":"(Turkish) 50&#8217;inci Ya\u015f\u0131n\u0131 Kutlayacak Olan &#8216;Milliyet Sanat&#8217; Yeni Y\u0131l\u0131n \u0130lk Say\u0131s\u0131n\u0131 Yay\u0131mlad\u0131!"},"content":{"rendered":"<p class=\"qtranxs-available-languages-message qtranxs-available-languages-message-en\">Sorry, this entry is only available in <a href=\"https:\/\/www.enerjigazetesi.ist\/tr\/wp-json\/wp\/v2\/posts\/148723\" class=\"qtranxs-available-language-link qtranxs-available-language-link-tr\" title=\"Turkish\">Turkish<\/a>. For the sake of viewer convenience, the content is shown below in the alternative language. You may click the link to switch the active language.<\/p><p><\/p>\n<h2><strong>\u201cT\u00fcrk Resminin Bohem ve Asi F\u0131r\u00e7as\u0131\u201d \u0130brahim \u00c7all\u0131, \u0130talya\u2019n\u0131n Sancho Panza\u2019s\u0131 Serra Y\u0131lmaz, yeni alb\u00fcm\u00fcyle Alicia Keys, Murakami\u2019nin \u00f6yk\u00fcs\u00fcnden uyarlanan <em>\u201cDrive My<\/em><\/strong> <strong><em>Car\u201d<\/em><\/strong><strong> filmi, \u201cYarg\u0131\u201d dizisi ve arabesk m\u00fczikaliyle U\u011fur Aslan<\/strong> <strong>ve \u00e7ok daha fazlas\u0131 Milliyet Sanat\u2019\u0131n Ocak 2022 say\u0131s\u0131nda\u2026<\/strong><\/h2>\n<p><strong>Milliyet Sanat<\/strong>, <strong>Ocak 2022 <\/strong>say\u0131s\u0131n\u0131n kapa\u011f\u0131nda <strong>T\u00fcrk resminin yar\u0131s\u0131ndan fazlas\u0131n\u0131n hocas\u0131<\/strong> olan<strong> \u0130brahim \u00c7all\u0131<\/strong>\u2019y\u0131 a\u011f\u0131rl\u0131yor. Sanat\u00e7\u0131n\u0131n, bug\u00fcne kadar d\u00fczenlenen en kapsaml\u0131 sergisi <strong>\u201c\u0130brahim \u00c7all\u0131, T\u00fcrk Resminin Bohem ve Asi F\u0131r\u00e7as\u0131\u201d<\/strong>, b\u00fcy\u00fck ustan\u0131n <strong>ya\u011fl\u0131 boya tablolar\u0131<\/strong> ve<strong> <img loading=\"lazy\" class=\"alignright wp-image-148727\" src=\"https:\/\/www.enerjigazetesi.ist\/wp-content\/uploads\/2022\/01\/50inci-yasini-kutlayacak-olan-milliyet-sanat-yeni-yilin-ilk-sayisini-yayimladi.jpg\" alt=\"\" width=\"240\" height=\"326\" srcset=\"https:\/\/www.enerjigazetesi.ist\/wp-content\/uploads\/2022\/01\/50inci-yasini-kutlayacak-olan-milliyet-sanat-yeni-yilin-ilk-sayisini-yayimladi.jpg 250w, https:\/\/www.enerjigazetesi.ist\/wp-content\/uploads\/2022\/01\/50inci-yasini-kutlayacak-olan-milliyet-sanat-yeni-yilin-ilk-sayisini-yayimladi-221x300.jpg 221w, https:\/\/www.enerjigazetesi.ist\/wp-content\/uploads\/2022\/01\/50inci-yasini-kutlayacak-olan-milliyet-sanat-yeni-yilin-ilk-sayisini-yayimladi-37x50.jpg 37w\" sizes=\"(max-width: 240px) 100vw, 240px\" \/>eskizlerinden<\/strong> olu\u015fan<strong> 80 eseri<\/strong> \u0130zmir\u2019deki Folkart Gallery\u2019de bir araya getiriyor. Pera M\u00fczesi\u2019nin <strong>\u201c\u0130stanbul\u2019dan Bizans\u2019a\u201d<\/strong> ve <strong>\u201c\u0130stanbul\u2019da Bu Ne Bizantinizm!\u201d<\/strong> ba\u015fl\u0131kl\u0131 iki sergisi, Akbank Sanat\u2019\u0131n <strong>\u201cSe\u00e7ilmi\u015f Cehalet\u201d<\/strong> sergisi \u00fczerine yaz\u0131lar; Anna Laudel\u2019de a\u00e7t\u0131\u011f\u0131 ki\u015fisel sergisi \u00fczerine <strong>Emin Mete Erdo\u011fan<\/strong>\u2019\u0131n, \u201cTan\u0131d\u0131k Cepheler\u201d adl\u0131 ikili sergilerini anlatan <strong>G\u00f6k\u00e7en Ataman Tanyer <\/strong>ve <strong>Setenay Alpsoy<\/strong>\u2019un, \u201cBariyerler\u201d serisiyle CONTEXT Art Miami\u2019de Gama Gallery\u2019nin se\u00e7kisinde yer alan sanat\u00e7\u0131 <strong>POLVO<\/strong>\u2019nun, eserlerinde <strong>cinsiyet, cinsellik <\/strong>ve<strong> e\u015fitlik<\/strong> kavramlar\u0131n\u0131 sorgulayan <strong>Ebru Duruman<\/strong>\u2019\u0131n r\u00f6portajlar\u0131 gibi, T\u00fcrkiye\u2019nin g\u00fcncel sanat ya\u015fam\u0131na dair bir\u00e7ok farkl\u0131 i\u00e7erik de <strong>plastik sanatlar<\/strong> sayfalar\u0131nda okurlar\u0131 bekliyor.<\/p>\n<p><strong>\u201cUzak Yak\u0131n Mimarl\u0131k\u201d <\/strong>k\u00f6\u015fesinde<strong> \u0130rem Maro<\/strong>, ge\u00e7en ay sessiz sedas\u0131z hayata veda eden \u0130talyan as\u0131ll\u0131 \u0130ngiliz mimar Richard Rogers\u2019\u0131 ve Paris\u2019teki Pompidou K\u00fclt\u00fcr Merkezi ile Londra\u2019daki Lloyd\u2019s Binas\u0131, Millenium Dome gibi ikonik yap\u0131lar\u0131n\u0131 ele al\u0131yor.<\/p>\n<p><strong>Asu Maro<\/strong> ile <strong>Ay\u0131n S\u00f6yle\u015fisi<\/strong> b\u00f6l\u00fcm\u00fcn\u00fcn ocak say\u0131s\u0131ndaki konu\u011fu, pandemiyle ara verdi\u011fi <em>\u201cDon Ki\u015fot\u201d<\/em> oyununun Sancho Panza\u2019s\u0131 olarak \u0130talya\u2019da sahnelere d\u00f6nen <strong>Serra Y\u0131lmaz<\/strong> oluyor. Yeni y\u0131lda, 20. y\u0131l\u0131n\u0131 kutlayan<strong> \u201cCahil Periler\u201d<\/strong> filminin dizi uyarlamas\u0131nda da izleyici kar\u015f\u0131s\u0131na \u00e7\u0131kmaya haz\u0131rlanan <strong>Y\u0131lmaz<\/strong> kariyerine, \u00e7ocuklu\u011funa, ailesine dair t\u00fcm sorular\u0131 b\u00fcy\u00fck bir i\u00e7tenlikle yan\u0131tl\u0131yor.<\/p>\n<p><strong>Milliyet Sanat Ocak 2022 <\/strong>say\u0131s\u0131n\u0131n sahne sanatlar\u0131 sayfalar\u0131nda gen\u00e7 oyuncu <strong>Bora Akka\u015f<\/strong> Talimhane Tiyatrosu\u2019nun yeni oyunu <em>\u201cHarika \u015eeyler Listesi\u201d<\/em>ni; <strong><em>\u201cYarg\u0131\u201d <\/em><\/strong>dizisindeki rol\u00fcyle dikkatleri \u00fczerine \u00e7eken <strong>U\u011fur Aslan<\/strong> ise, bir d\u00f6neme damga vuran arabesk k\u00fclt\u00fcr\u00fcn\u00fc sahneye ta\u015f\u0131d\u0131\u011f\u0131<strong> <em>\u201cAfara Bir Arabesk M\u00fczikali\u201d<\/em><\/strong>ni anlat\u0131yor.<strong> \u0130stanbul Devlet Opera ve Balesi<\/strong>\u2019nin, yeni normalin \u015fartlar\u0131n\u0131 sonuna kadar zorlayarak ba\u015far\u0131l\u0131 bir prod\u00fcksiyona imza att\u0131\u011f\u0131 <em>\u201c<strong>Norma\u201d <\/strong><\/em>operas\u0131 \u00fczerine bir yaz\u0131 da okurlar\u0131 bekliyor.<\/p>\n<p>Dergi&#8217;nin sinema sayfalar\u0131, Japon sinemac\u0131 <strong>Ryusuke Hamaguchi<\/strong>\u2019nin, <strong>Haruki Murakami<\/strong>\u2019nin ayn\u0131 adl\u0131 \u00f6yk\u00fcs\u00fcnden uyarlad\u0131\u011f\u0131, 2021\u2019in \u00f6d\u00fcl rekortmeni <strong><em>\u201cDoraibu mai k\u00e2\/Drive My Car\u201d<\/em><\/strong> filminin kapsaml\u0131 bir de\u011ferlendirmesiyle a\u00e7\u0131l\u0131yor. <strong>Paul Thomas Anderson<\/strong>\u2019\u0131n yeni filmi <strong><em>\u201cLicorice Pizza\u201d<\/em><\/strong>n\u0131n, yeni y\u00f6netmen ve senaristlerle 2022\u2019de yeniden canland\u0131r\u0131lan, 1990\u2019lar\u0131n k\u00fclt korku ba\u015fyap\u0131t\u0131 <strong><em>\u201cScream\/\u00c7\u0131\u011fl\u0131k\u201d<\/em><\/strong>\u0131n ve <strong><em>\u201cMorbius\u201d<\/em><\/strong>ta izleyece\u011fimiz <strong>Jared Leto<\/strong>\u2019nun mercek alt\u0131na al\u0131nd\u0131\u011f\u0131 sayfalarda, yeni filmi <strong><em>\u201cGhahreman\/Kahraman\u201d <\/em><\/strong>ile \u00fclkesinin <strong>En \u0130yi Uluslararas\u0131 Film<\/strong> dal\u0131nda Oscar temsilcisi olan, \u0130ran sinemas\u0131n\u0131n kahraman\u0131 <strong>Asghar Farhadi<\/strong>\u2019nin filmografisi de ele al\u0131n\u0131yor.<\/p>\n<p>Ocak say\u0131s\u0131&#8217;n\u0131n m\u00fczik sayfalar\u0131nda<strong> R&amp;B m\u00fczi\u011finin<\/strong> parlak seslerinden <strong>Alicia Keys<\/strong>\u2019in, dinleyicilerin bir y\u00fcz\u00fcnde klasik sesine, di\u011fer y\u00fcz\u00fcndeyse New York sound\u2019unun m\u00fczi\u011findeki etkisine tan\u0131kl\u0131k etti\u011fi sekizinci alb\u00fcm\u00fc <strong><em>\u201cKEYS\u201d<\/em><\/strong>in bir incelemesi yer al\u0131yor. Egemen Limoncuo\u011flu\u2019nun d\u00fcnya piyasas\u0131ndan yeni alb\u00fcmleri, Naim Dilmener\u2019in m\u00fczik g\u00fcndemini ve 2021 y\u0131l\u0131n\u0131n en iyilerini de\u011ferlendirdi\u011fi sayfalarda Kemal K\u00fc\u00e7\u00fck ise sezon ortas\u0131nda CRR\u2019de ya\u015fanan sanat y\u00f6netmeni de\u011fi\u015fikli\u011fini kaleme al\u0131yor. <strong><em>\u201cD\u00fcnyada Saat Ka\u00e7?\u201d<\/em> <\/strong>alb\u00fcm\u00fc ve m\u00fczi\u011fin d\u00f6n\u00fc\u015f\u00fcm\u00fc \u00fczerine konu\u015fan <strong>\u015eevket Ak\u0131nc\u0131<\/strong>\u2019n\u0131n, yeni alb\u00fcm\u00fcn\u00fcn habercisi ilk teklisi <em>\u201cBu R\u00fcya De\u011fil\u201d<\/em>i \u00e7\u0131karan <strong>Tu\u011f\u00e7e \u015eeno\u011ful<\/strong>\u2019un ve <em>\u201cGurbette Hasret\u201d<\/em> projesiyle Almanya\u2019ya g\u00f6\u00e7 eden T\u00fcrk kad\u0131nlar\u0131n\u0131n m\u00fczikle ba\u011f\u0131n\u0131 ara\u015ft\u0131ran Polonyal\u0131 antropolog ve m\u00fczik ara\u015ft\u0131rmac\u0131s\u0131 <strong>Kornelia Binicewicz<\/strong>\u2019in r\u00f6portajlar\u0131 da yeni say\u0131da okurlarla bulu\u015fuyor.<\/p>\n<p><strong>34<\/strong> y\u0131ld\u0131r <strong>Milliyet Sanat<\/strong>\u2019ta tiyatro ele\u015ftirmenli\u011fi yapan, yazd\u0131klar\u0131 ve yapt\u0131klar\u0131yla T\u00fcrkiye\u2019nin zihin d\u00fcnyas\u0131nda yeni pencereler a\u00e7an <strong>Se\u00e7kin Selvi<\/strong>, bu defa derginin edebiyat sayfalar\u0131nda <strong>Zeynep Mira\u00e7<\/strong>\u2019\u0131n onun hayat hik\u00e2yesini kaleme ald\u0131\u011f\u0131 <em>Se\u00e7kin<\/em> isimli kitap vesilesiyle ilham veren \u00f6yk\u00fcs\u00fcn\u00fc anlat\u0131yor. Yeni roman\u0131 <strong><em>\u201cKehribar Ge\u00e7idi\u201d<\/em><\/strong>ni \u00e7\u0131karan <strong>Nazan Bekiro\u011flu<\/strong>\u2019nun ve <strong>T\u00fcrk Frans\u0131z Edebiyat \u00d6d\u00fcl\u00fc<\/strong>\u2019n\u00fcn bu y\u0131lki sahibi <strong>Kemal Varol<\/strong>\u2019un r\u00f6portajlar\u0131yla 2022\u2019nin s\u00fcrpriz kitaplar\u0131ndan bir derleme de sayfalar aras\u0131nda okurlar\u0131 bekliyor.<\/p>\n<p><strong>Ocak 2022<\/strong> say\u0131s\u0131, <strong>ENTELANKARA podcast<\/strong>\u2019ini haz\u0131rlayan <strong>Serhat K\u0131nal\u0131<\/strong>\u2019n\u0131n r\u00f6portaj\u0131yla sona eriyor&#8230;.<\/p>","protected":false},"excerpt":{"rendered":"<p>Sorry, this entry is only available in Turkish. For the sake of viewer convenience, the content is shown below in the alternative language. You may click the link to switch the active language. \u201cT\u00fcrk Resminin Bohem ve Asi F\u0131r\u00e7as\u0131\u201d \u0130brahim \u00c7all\u0131, \u0130talya\u2019n\u0131n Sancho Panza\u2019s\u0131 Serra Y\u0131lmaz, yeni alb\u00fcm\u00fcyle Alicia Keys, Murakami\u2019nin \u00f6yk\u00fcs\u00fcnden uyarlanan \u201cDrive My [&hellip;]<\/p>\n","protected":false},"author":1,"featured_media":148729,"comment_status":"open","ping_status":"open","sticky":false,"template":"","format":"standard","meta":[],"categories":[53,4],"tags":[99902,71735,95538,99901,99900],"views":153,"_links":{"self":[{"href":"https:\/\/www.enerjigazetesi.ist\/en\/wp-json\/wp\/v2\/posts\/148723"}],"collection":[{"href":"https:\/\/www.enerjigazetesi.ist\/en\/wp-json\/wp\/v2\/posts"}],"about":[{"href":"https:\/\/www.enerjigazetesi.ist\/en\/wp-json\/wp\/v2\/types\/post"}],"author":[{"embeddable":true,"href":"https:\/\/www.enerjigazetesi.ist\/en\/wp-json\/wp\/v2\/users\/1"}],"replies":[{"embeddable":true,"href":"https:\/\/www.enerjigazetesi.ist\/en\/wp-json\/wp\/v2\/comments?post=148723"}],"version-history":[{"count":0,"href":"https:\/\/www.enerjigazetesi.ist\/en\/wp-json\/wp\/v2\/posts\/148723\/revisions"}],"wp:featuredmedia":[{"embeddable":true,"href":"https:\/\/www.enerjigazetesi.ist\/en\/wp-json\/wp\/v2\/media\/148729"}],"wp:attachment":[{"href":"https:\/\/www.enerjigazetesi.ist\/en\/wp-json\/wp\/v2\/media?parent=148723"}],"wp:term":[{"taxonomy":"category","embeddable":true,"href":"https:\/\/www.enerjigazetesi.ist\/en\/wp-json\/wp\/v2\/categories?post=148723"},{"taxonomy":"post_tag","embeddable":true,"href":"https:\/\/www.enerjigazetesi.ist\/en\/wp-json\/wp\/v2\/tags?post=148723"}],"curies":[{"name":"wp","href":"https:\/\/api.w.org\/{rel}","templated":true}]}}