{"id":148631,"date":"2022-01-01T11:32:28","date_gmt":"2022-01-01T08:32:28","guid":{"rendered":"https:\/\/www.enerjigazetesi.ist\/?p=148631"},"modified":"2022-01-01T11:33:04","modified_gmt":"2022-01-01T08:33:04","slug":"elektrik-tarifelerinde-tuketici-grubuna-gore-degisen-artislar-belli-oldu","status":"publish","type":"post","link":"https:\/\/www.enerjigazetesi.ist\/en\/elektrik-tarifelerinde-tuketici-grubuna-gore-degisen-artislar-belli-oldu\/","title":{"rendered":"(Turkish) Elektrik Tarifeleri&#8217;nde T\u00fcketici Grubuna G\u00f6re De\u011fi\u015fen Art\u0131\u015flar Belli Oldu"},"content":{"rendered":"<p class=\"qtranxs-available-languages-message qtranxs-available-languages-message-en\">Sorry, this entry is only available in <a href=\"https:\/\/www.enerjigazetesi.ist\/tr\/wp-json\/wp\/v2\/posts\/148631\" class=\"qtranxs-available-language-link qtranxs-available-language-link-tr\" title=\"Turkish\">Turkish<\/a>. For the sake of viewer convenience, the content is shown below in the alternative language. You may click the link to switch the active language.<\/p><p><\/p>\n<h2>Resmi Gazete\u2019deki tarife tablolar\u0131ndan yap\u0131lan hesaplamaya g\u00f6re, elektrik tarifelerinde mesken, sanayi ve ticarethane abone gruplar\u0131 i\u00e7in vergi ve fonlar dahil ortalama % 52 &#8211; 130 aras\u0131nda de\u011fi\u015fen oranlarda art\u0131\u015f yap\u0131ld\u0131.<\/h2>\n<p><b>Meclis&#8217;te <\/b>kabul edilen <strong>yeni fiyat tarifesi<\/strong> ile <strong>fonlar<\/strong> ve <strong>vergiler dahil<\/strong> olarak elektri\u011fin birim fiyat\u0131, tarife grubuna g\u00f6re<strong> % 52<\/strong> ila <strong>% 130<\/strong> zamlan\u0131rken <strong>Enerji Piyasas\u0131 D\u00fczenleme Kurulu<\/strong>\u2019nun <strong>yapt\u0131\u011f\u0131 <img loading=\"lazy\" class=\"alignright wp-image-148633\" src=\"https:\/\/www.enerjigazetesi.ist\/wp-content\/uploads\/2022\/01\/elektrik-tarifelerinde-tuketici-grubuna-gore-degisen-artislar-belli-oldu.jpg\" alt=\"\" width=\"320\" height=\"232\" srcset=\"https:\/\/www.enerjigazetesi.ist\/wp-content\/uploads\/2022\/01\/elektrik-tarifelerinde-tuketici-grubuna-gore-degisen-artislar-belli-oldu.jpg 503w, https:\/\/www.enerjigazetesi.ist\/wp-content\/uploads\/2022\/01\/elektrik-tarifelerinde-tuketici-grubuna-gore-degisen-artislar-belli-oldu-300x217.jpg 300w, https:\/\/www.enerjigazetesi.ist\/wp-content\/uploads\/2022\/01\/elektrik-tarifelerinde-tuketici-grubuna-gore-degisen-artislar-belli-oldu-500x362.jpg 500w, https:\/\/www.enerjigazetesi.ist\/wp-content\/uploads\/2022\/01\/elektrik-tarifelerinde-tuketici-grubuna-gore-degisen-artislar-belli-oldu-69x50.jpg 69w\" sizes=\"(max-width: 320px) 100vw, 320px\" \/>a\u00e7\u0131klamada\u00a0<\/strong>yap\u0131lan zamm\u0131n gerek\u00e7eleri ise <span style=\"text-decoration: underline;\">\u015fu \u015fekilde a\u00e7\u0131kland\u0131:<\/span><\/p>\n<p>&#8211; <strong>Kademeli tarife&#8217;nin<\/strong> hedefi dar gelirli vatanda\u015flar\u0131m\u0131z\u0131 korumak ve enerji kullan\u0131m\u0131nda <strong>tasarruf<\/strong> ve <strong>verimlili\u011fi<\/strong> art\u0131rmakt\u0131r. Bilindi\u011fi \u00fczere pandemi ko\u015fullar\u0131 sebebi ile hammadde fiyatlar\u0131nda ya\u015fanan art\u0131\u015flar sonucunda <strong>enerji maliyetlerinde<\/strong> de \u00e7ok <strong>b\u00fcy\u00fck art\u0131\u015flar<\/strong> meydana gelmi\u015ftir.<\/p>\n<p>&#8211; D\u00fcnya spot piyasalar\u0131nda elektrik \u00fcretiminde kullan\u0131lan k\u00f6m\u00fcr fiyatlar\u0131nda;<strong> 5 kat<\/strong>, do\u011fal gaz fiyatlar\u0131nda ise<strong> 10 katl\u0131k<\/strong> art\u0131\u015flar olmu\u015ftur. T\u00fcrkiye enerji sekt\u00f6r\u00fc de bu s\u00fcre\u00e7te, k\u00fcresel d\u00fczeyde ortaya \u00e7\u0131kan <strong>ola\u011fan\u00fcst\u00fc maliyet art\u0131\u015flar\u0131ndan<\/strong> etkilenmi\u015ftir. Ancak kurumlar\u0131m\u0131z aras\u0131ndaki i\u015f birli\u011fi ile bu art\u0131\u015flar t\u00fcketicilerimize <strong>asgari d\u00fczeyde<\/strong> yans\u0131t\u0131lm\u0131\u015ft\u0131r.<\/p>\n<p>&#8211; Ayr\u0131ca devletimiz vatanda\u015flar\u0131m\u0131z\u0131 bu art\u0131\u015flardan koruma amac\u0131yla elektrik faturalar\u0131nda<strong> yar\u0131s\u0131n\u0131<\/strong>, do\u011fal gazda ise <strong>be\u015fte d\u00f6rd\u00fcn\u00fc<\/strong> kar\u015f\u0131layarak 2021\u2019de toplamda <strong>100 milyar liral\u0131k<\/strong> bir<strong> destekte<\/strong> bulunmu\u015ftur.<\/p>\n<p><em>\u201cVerimlilik odakl\u0131 kademeli tarifeye ge\u00e7i\u015f ile birlikte <strong>1 Ocak 2022<\/strong>&#8216;den itibaren <strong>mesken aboneleri<\/strong> i\u00e7in ayl\u0131k <strong>150 kWhe<\/strong> kadar olan t\u00fcketim miktarlar\u0131 i\u00e7in nihai fiyat <strong>1,37 TL\/ kWh<\/strong>, ayl\u0131k t\u00fcketimlerin <strong>150 kW<\/strong>h\u0131n \u00fcst\u00fcndeki k\u0131sm\u0131 i\u00e7in ise <strong>2,06 TL\/ kWh<\/strong> olarak uygulanacakt\u0131r\u201d<\/em> ifadeleri yer ald\u0131.<\/p>","protected":false},"excerpt":{"rendered":"<p>Sorry, this entry is only available in Turkish. For the sake of viewer convenience, the content is shown below in the alternative language. You may click the link to switch the active language. Resmi Gazete\u2019deki tarife tablolar\u0131ndan yap\u0131lan hesaplamaya g\u00f6re, elektrik tarifelerinde mesken, sanayi ve ticarethane abone gruplar\u0131 i\u00e7in vergi ve fonlar dahil ortalama % [&hellip;]<\/p>\n","protected":false},"author":1,"featured_media":148633,"comment_status":"open","ping_status":"open","sticky":false,"template":"","format":"standard","meta":[],"categories":[51,53],"tags":[26353,4341,657,99849,1388],"views":195,"_links":{"self":[{"href":"https:\/\/www.enerjigazetesi.ist\/en\/wp-json\/wp\/v2\/posts\/148631"}],"collection":[{"href":"https:\/\/www.enerjigazetesi.ist\/en\/wp-json\/wp\/v2\/posts"}],"about":[{"href":"https:\/\/www.enerjigazetesi.ist\/en\/wp-json\/wp\/v2\/types\/post"}],"author":[{"embeddable":true,"href":"https:\/\/www.enerjigazetesi.ist\/en\/wp-json\/wp\/v2\/users\/1"}],"replies":[{"embeddable":true,"href":"https:\/\/www.enerjigazetesi.ist\/en\/wp-json\/wp\/v2\/comments?post=148631"}],"version-history":[{"count":0,"href":"https:\/\/www.enerjigazetesi.ist\/en\/wp-json\/wp\/v2\/posts\/148631\/revisions"}],"wp:featuredmedia":[{"embeddable":true,"href":"https:\/\/www.enerjigazetesi.ist\/en\/wp-json\/wp\/v2\/media\/148633"}],"wp:attachment":[{"href":"https:\/\/www.enerjigazetesi.ist\/en\/wp-json\/wp\/v2\/media?parent=148631"}],"wp:term":[{"taxonomy":"category","embeddable":true,"href":"https:\/\/www.enerjigazetesi.ist\/en\/wp-json\/wp\/v2\/categories?post=148631"},{"taxonomy":"post_tag","embeddable":true,"href":"https:\/\/www.enerjigazetesi.ist\/en\/wp-json\/wp\/v2\/tags?post=148631"}],"curies":[{"name":"wp","href":"https:\/\/api.w.org\/{rel}","templated":true}]}}