{"id":148565,"date":"2021-12-30T23:32:11","date_gmt":"2021-12-30T20:32:11","guid":{"rendered":"https:\/\/www.enerjigazetesi.ist\/?p=148565"},"modified":"2021-12-30T23:33:55","modified_gmt":"2021-12-30T20:33:55","slug":"kivilcimlar-hareketi-en-basarili-gonulluluk-programi-odulune-layik-goruldu","status":"publish","type":"post","link":"https:\/\/www.enerjigazetesi.ist\/en\/kivilcimlar-hareketi-en-basarili-gonulluluk-programi-odulune-layik-goruldu\/","title":{"rendered":"(Turkish) K\u0131v\u0131lc\u0131mlar Hareketi &#8216;En Ba\u015far\u0131l\u0131 G\u00f6n\u00fcll\u00fcl\u00fck Program\u0131&#8217; \u00d6d\u00fcl\u00fcn\u00fc Ald\u0131"},"content":{"rendered":"<p class=\"qtranxs-available-languages-message qtranxs-available-languages-message-en\">Sorry, this entry is only available in <a href=\"https:\/\/www.enerjigazetesi.ist\/tr\/wp-json\/wp\/v2\/posts\/148565\" class=\"qtranxs-available-language-link qtranxs-available-language-link-tr\" title=\"Turkish\">Turkish<\/a>. For the sake of viewer convenience, the content is shown below in the alternative language. You may click the link to switch the active language.<\/p><p><\/p>\n<h2>3 y\u0131l\u0131 a\u015fk\u0131n s\u00fcredir Zorlu Holding&#8217;in y\u00fcr\u00fctt\u00fc\u011f\u00fc kurumsal g\u00f6n\u00fcll\u00fcl\u00fck program\u0131 K\u0131v\u0131lc\u0131mlar Hareketi ile \u00d6zel Sekt\u00f6r G\u00f6n\u00fcll\u00fcleri Derne\u011fi (\u00d6SGD) taraf\u0131ndan \u00f6d\u00fcle lay\u0131k g\u00f6r\u00fcld\u00fc.<\/h2>\n<p>\u00d6zel sekt\u00f6rdeki <strong>g\u00f6n\u00fcll\u00fcl\u00fck \u00e7al\u0131\u015fmalar\u0131n\u0131<\/strong> destekleyerek<strong> yayg\u0131nla\u015fmas\u0131n\u0131 sa\u011flamak<\/strong> ve <strong>toplumda fark yaratan<\/strong> iyi \u00f6rnekleri \u00f6d\u00fcllendirmek amac\u0131yla d\u00fczenlenen<strong> G\u00f6n\u00fclden \u00d6d\u00fcller<\/strong> kapsam\u0131nda, <strong>\u201cEn <img loading=\"lazy\" class=\"alignright wp-image-148567\" src=\"https:\/\/www.enerjigazetesi.ist\/wp-content\/uploads\/2021\/12\/kivilcimlar-hareketi-en-basarili-gonulluluk-programi-odulune-layik-goruldu-1.jpg\" alt=\"\" width=\"320\" height=\"234\" srcset=\"https:\/\/www.enerjigazetesi.ist\/wp-content\/uploads\/2021\/12\/kivilcimlar-hareketi-en-basarili-gonulluluk-programi-odulune-layik-goruldu-1.jpg 502w, https:\/\/www.enerjigazetesi.ist\/wp-content\/uploads\/2021\/12\/kivilcimlar-hareketi-en-basarili-gonulluluk-programi-odulune-layik-goruldu-1-300x219.jpg 300w, https:\/\/www.enerjigazetesi.ist\/wp-content\/uploads\/2021\/12\/kivilcimlar-hareketi-en-basarili-gonulluluk-programi-odulune-layik-goruldu-1-500x366.jpg 500w, https:\/\/www.enerjigazetesi.ist\/wp-content\/uploads\/2021\/12\/kivilcimlar-hareketi-en-basarili-gonulluluk-programi-odulune-layik-goruldu-1-68x50.jpg 68w\" sizes=\"(max-width: 320px) 100vw, 320px\" \/>Ba\u015far\u0131l\u0131 G\u00f6n\u00fcll\u00fcl\u00fck Program\u0131\u201d<\/strong> \u00f6d\u00fcl\u00fcn\u00fc kazanan <strong>K\u0131v\u0131lc\u0131mlar Hareketi<\/strong>, 2021 y\u0131l\u0131nda<strong> 2.200 saatin<\/strong> \u00fczerinde <strong>g\u00f6n\u00fcll\u00fcl\u00fck \u00e7al\u0131\u015fmas\u0131<\/strong> ger\u00e7ekle\u015ftirdi.<\/p>\n<p><strong>Zorlu Holding<\/strong>\u2019in <strong>Ak\u0131ll\u0131 Hayat 2030 stratejisi<\/strong> do\u011frultusunda, <strong>Birle\u015fmi\u015f Milletler S\u00fcrd\u00fcr\u00fclebilir Kalk\u0131nma Ama\u00e7lar\u0131<\/strong>\u2019na ula\u015fma yolunda \u00e7al\u0131\u015fan g\u00f6n\u00fcll\u00fcl\u00fc\u011f\u00fcn\u00fcn \u00f6nemli bir katk\u0131 sa\u011flayaca\u011f\u0131 \u00f6ng\u00f6r\u00fcs\u00fcyle hayata ge\u00e7irdi\u011fi kurumsal g\u00f6n\u00fcll\u00fcl\u00fck program\u0131, <strong>2018 y\u0131l\u0131ndan g\u00fcn\u00fcm\u00fcze<\/strong> ediyor. <strong>1.600\u2019den<\/strong> fazla g\u00f6n\u00fcll\u00fcs\u00fc ile bug\u00fcne kadar <strong>9.000 saati<\/strong> a\u015fk\u0131n \u00e7al\u0131\u015fma yapan olu\u015fum, <strong>toplumsal sorunlar\u0131n \u00e7\u00f6z\u00fcm\u00fc<\/strong>ne ve <strong>s\u00fcrd\u00fcr\u00fclebilir kalk\u0131nmaya<\/strong> katk\u0131 sa\u011flamak i\u00e7in <strong>\u201ce\u015fitsizliklerin giderilmesi\u201d<\/strong> ve <strong>\u201c\u00e7evre\u201d<\/strong> olarak belirlenen odak alanlar\u0131 do\u011frultusunda g\u00f6n\u00fcll\u00fcl\u00fck \u00e7al\u0131\u015fmalar\u0131 y\u00fcr\u00fct\u00fcyor.<\/p>\n<p>G\u00f6n\u00fcll\u00fclerinin geli\u015ftirdi\u011fi projelerle <strong>etki alan\u0131n\u0131 b\u00fcy\u00fctmeye<\/strong> ve<strong> kurum i\u00e7inde<\/strong> ve <strong>toplumda<\/strong> fark\u0131ndal\u0131k yaratmaya devam ederken, <strong>ya\u015fanan pandemiyle<\/strong> \u00e7al\u0131\u015fmalar\u0131na ara vermeyerek ge\u00e7en y\u0131ldan bu yana <strong>g\u00f6n\u00fcll\u00fcl\u00fck \u00e7al\u0131\u015fmalar\u0131n\u0131<\/strong> \u00e7evrim i\u00e7i ortamda \u00e7e\u015fitli<strong> i\u015f birlikleri<\/strong> ve<strong> yeni programlarla<\/strong> s\u00fcrd\u00fcr\u00fcyor.<\/p>\n<h3>Zorlu Grubu Kurumsal G\u00f6n\u00fcll\u00fcl\u00fck Program\u0131 K\u0131v\u0131lc\u0131mlar Hareketi Videosu<\/h3>\n<p style=\"text-align: center;\"><iframe loading=\"lazy\" title=\"YouTube video player\" src=\"https:\/\/www.youtube.com\/embed\/wKdVHxt6ZGI\" width=\"560\" height=\"315\" frameborder=\"0\" allowfullscreen=\"allowfullscreen\"><\/iframe><\/p>\n<p><\/p>","protected":false},"excerpt":{"rendered":"<p>Sorry, this entry is only available in Turkish. For the sake of viewer convenience, the content is shown below in the alternative language. You may click the link to switch the active language. 3 y\u0131l\u0131 a\u015fk\u0131n s\u00fcredir Zorlu Holding&#8217;in y\u00fcr\u00fctt\u00fc\u011f\u00fc kurumsal g\u00f6n\u00fcll\u00fcl\u00fck program\u0131 K\u0131v\u0131lc\u0131mlar Hareketi ile \u00d6zel Sekt\u00f6r G\u00f6n\u00fcll\u00fcleri Derne\u011fi (\u00d6SGD) taraf\u0131ndan \u00f6d\u00fcle lay\u0131k g\u00f6r\u00fcld\u00fc. [&hellip;]<\/p>\n","protected":false},"author":1,"featured_media":148568,"comment_status":"open","ping_status":"open","sticky":false,"template":"","format":"standard","meta":[],"categories":[53],"tags":[99811,82675,99809,99812,99810,1243,8693,1305],"views":185,"_links":{"self":[{"href":"https:\/\/www.enerjigazetesi.ist\/en\/wp-json\/wp\/v2\/posts\/148565"}],"collection":[{"href":"https:\/\/www.enerjigazetesi.ist\/en\/wp-json\/wp\/v2\/posts"}],"about":[{"href":"https:\/\/www.enerjigazetesi.ist\/en\/wp-json\/wp\/v2\/types\/post"}],"author":[{"embeddable":true,"href":"https:\/\/www.enerjigazetesi.ist\/en\/wp-json\/wp\/v2\/users\/1"}],"replies":[{"embeddable":true,"href":"https:\/\/www.enerjigazetesi.ist\/en\/wp-json\/wp\/v2\/comments?post=148565"}],"version-history":[{"count":0,"href":"https:\/\/www.enerjigazetesi.ist\/en\/wp-json\/wp\/v2\/posts\/148565\/revisions"}],"wp:featuredmedia":[{"embeddable":true,"href":"https:\/\/www.enerjigazetesi.ist\/en\/wp-json\/wp\/v2\/media\/148568"}],"wp:attachment":[{"href":"https:\/\/www.enerjigazetesi.ist\/en\/wp-json\/wp\/v2\/media?parent=148565"}],"wp:term":[{"taxonomy":"category","embeddable":true,"href":"https:\/\/www.enerjigazetesi.ist\/en\/wp-json\/wp\/v2\/categories?post=148565"},{"taxonomy":"post_tag","embeddable":true,"href":"https:\/\/www.enerjigazetesi.ist\/en\/wp-json\/wp\/v2\/tags?post=148565"}],"curies":[{"name":"wp","href":"https:\/\/api.w.org\/{rel}","templated":true}]}}