{"id":14854,"date":"2013-09-04T09:41:18","date_gmt":"2013-09-04T06:41:18","guid":{"rendered":"https:\/\/www.enerjigazetesi.ist\/?p=14854"},"modified":"2013-09-04T09:41:18","modified_gmt":"2013-09-04T06:41:18","slug":"taner-yildiz-enerji-fazlamiz-var-kis-icin-bir-sikinti-ongormuyoruz","status":"publish","type":"post","link":"https:\/\/www.enerjigazetesi.ist\/en\/taner-yildiz-enerji-fazlamiz-var-kis-icin-bir-sikinti-ongormuyoruz\/","title":{"rendered":"(Turkish) Taner Y\u0131ld\u0131z: \u201cEnerji Fazlam\u0131z Var, K\u0131\u015f \u0130\u00e7in Bir S\u0131k\u0131nt\u0131 \u00d6ng\u00f6rm\u00fcyoruz&#8230;\u201d"},"content":{"rendered":"<p class=\"qtranxs-available-languages-message qtranxs-available-languages-message-en\">Sorry, this entry is only available in <a href=\"https:\/\/www.enerjigazetesi.ist\/tr\/wp-json\/wp\/v2\/posts\/14854\" class=\"qtranxs-available-language-link qtranxs-available-language-link-tr\" title=\"Turkish\">Turkish<\/a>. For the sake of viewer convenience, the content is shown below in the alternative language. You may click the link to switch the active language.<\/p><p><strong>Enerji ve Tabii Kaynaklar Bakan\u0131 Taner Y\u0131ld\u0131z, \u201c\u015eu anda 4000 MW arz fazlam\u0131z var. K\u0131\u015f i\u00e7in bir s\u0131k\u0131nt\u0131 \u00f6ng\u00f6rm\u00fcyoruz\u201d dedi. Yaz aylar\u0131nda enerji t\u00fcketiminin konusunda bir a\u00e7\u0131klama yapan Y\u0131ld\u0131z, yaza girerken \u201carz fazlam\u0131z var\u201d dedi\u011fini an\u0131msatt\u0131. G\u00fcnl\u00fck 800 milyon kilovat saate yak\u0131n t\u00fcketim yap\u0131ld\u0131\u011f\u0131n\u0131 bildiren Y\u0131ld\u0131z, \u201cAma \u00e7ok \u015f\u00fck\u00fcr bunu sorunsuz kar\u015f\u0131lad\u0131k.<\/strong> <a href=\"https:\/\/www.enerjigazetesi.ist\/wp-content\/uploads\/2013\/09\/taner-yildiz-enerji-fazlamiz-var-kis-icin-bir-sikinti-ongormuyoruz.jpg\"><img loading=\"lazy\" class=\"alignright size-medium wp-image-14855\" title=\"taner-yildiz-enerji-fazlamiz-var-kis-icin-bir-sikinti-ongormuyoruz\" src=\"https:\/\/www.enerjigazetesi.ist\/wp-content\/uploads\/2013\/09\/taner-yildiz-enerji-fazlamiz-var-kis-icin-bir-sikinti-ongormuyoruz-300x199.jpg\" alt=\"\" width=\"300\" height=\"199\" srcset=\"https:\/\/www.enerjigazetesi.ist\/wp-content\/uploads\/2013\/09\/taner-yildiz-enerji-fazlamiz-var-kis-icin-bir-sikinti-ongormuyoruz-300x199.jpg 300w, https:\/\/www.enerjigazetesi.ist\/wp-content\/uploads\/2013\/09\/taner-yildiz-enerji-fazlamiz-var-kis-icin-bir-sikinti-ongormuyoruz-500x332.jpg 500w, https:\/\/www.enerjigazetesi.ist\/wp-content\/uploads\/2013\/09\/taner-yildiz-enerji-fazlamiz-var-kis-icin-bir-sikinti-ongormuyoruz-75x50.jpg 75w, https:\/\/www.enerjigazetesi.ist\/wp-content\/uploads\/2013\/09\/taner-yildiz-enerji-fazlamiz-var-kis-icin-bir-sikinti-ongormuyoruz.jpg 505w\" sizes=\"(max-width: 300px) 100vw, 300px\" \/><\/a><\/p>\n<p>\u015eu anda 4000 MW arz fazlam\u0131z var. K\u0131\u015f i\u00e7in bir s\u0131k\u0131nt\u0131 \u00f6ng\u00f6rm\u00fcyoruz. \u00d6nemli olan T\u00fcrkiye\u2019nin ekonomik b\u00fcy\u00fcmesini kar\u015f\u0131lamak i\u00e7in enerjideki b\u00fcy\u00fcmemizin de y\u00fczde 4-5 seviyelerinde olmas\u0131d\u0131r\u201d diye konu\u015ftu.<\/p>\n<h2>Yerli kaynaklarla dengeleyece\u011fiz<\/h2>\n<p>Y\u0131ld\u0131z, do\u011fal gaz fiyatlar\u0131na ili\u015fkin de enerjide maliyetlerin art\u0131\u011f\u0131n\u0131 herkesin bildi\u011fini, \u015fu anda do\u011fal gaz maliyetleri, d\u00f6viz fiyatlar\u0131 ve ham petrol fiyatlar\u0131n\u0131n artt\u0131\u011f\u0131 bir s\u00fcre\u00e7 oldu\u011funu vurgulad\u0131. Bunlar\u0131 yerli kaynaklarla dengeleyerek vatanda\u015flara yans\u0131tmad\u0131klar\u0131na dikkati \u00e7eken Y\u0131ld\u0131z,\u201dBiz olabildi\u011fince bunda \u0131srarl\u0131 olmaya \u00e7al\u0131\u015f\u0131yoruz. 28 AB \u00fclkesi aras\u0131nda do\u011fal gaz\u0131 en ucuz alan \u00fclke biz de\u011filiz ama t\u00fcketiciye en ucuz satan \u00fclke biziz. Bu, yerli kaynaklar\u0131m\u0131z\u0131 harmanlayarak oluyor. Biz kaynaklar\u0131m\u0131z\u0131 harekete ge\u00e7irmiyor olsayd\u0131k, artan bu maliyetleri fiyatlara yans\u0131tmak durumunda kal\u0131rd\u0131k\u2019dedi.<\/p>\n<p>Kaynak: <a href=\"http:\/\/enerjienstitusu.com\/2013\/09\/04\/taner-yildiz-enerji-fazlamiz-var-kis-icin-bir-sikinti-ongormuyoruz\/\" target=\"_blank\">Enerji Enstit\u00fcs\u00fc<\/a><\/p>","protected":false},"excerpt":{"rendered":"<p>Sorry, this entry is only available in Turkish. For the sake of viewer convenience, the content is shown below in the alternative language. You may click the link to switch the active language.Enerji ve Tabii Kaynaklar Bakan\u0131 Taner Y\u0131ld\u0131z, \u201c\u015eu anda 4000 MW arz fazlam\u0131z var. K\u0131\u015f i\u00e7in bir s\u0131k\u0131nt\u0131 \u00f6ng\u00f6rm\u00fcyoruz\u201d dedi. Yaz aylar\u0131nda enerji [&hellip;]<\/p>\n","protected":false},"author":1,"featured_media":14855,"comment_status":"open","ping_status":"open","sticky":false,"template":"","format":"standard","meta":[],"categories":[51,53],"tags":[710,63,8252,67,1009,8253,165,148,667,6363,8254],"views":812,"_links":{"self":[{"href":"https:\/\/www.enerjigazetesi.ist\/en\/wp-json\/wp\/v2\/posts\/14854"}],"collection":[{"href":"https:\/\/www.enerjigazetesi.ist\/en\/wp-json\/wp\/v2\/posts"}],"about":[{"href":"https:\/\/www.enerjigazetesi.ist\/en\/wp-json\/wp\/v2\/types\/post"}],"author":[{"embeddable":true,"href":"https:\/\/www.enerjigazetesi.ist\/en\/wp-json\/wp\/v2\/users\/1"}],"replies":[{"embeddable":true,"href":"https:\/\/www.enerjigazetesi.ist\/en\/wp-json\/wp\/v2\/comments?post=14854"}],"version-history":[{"count":1,"href":"https:\/\/www.enerjigazetesi.ist\/en\/wp-json\/wp\/v2\/posts\/14854\/revisions"}],"predecessor-version":[{"id":14856,"href":"https:\/\/www.enerjigazetesi.ist\/en\/wp-json\/wp\/v2\/posts\/14854\/revisions\/14856"}],"wp:featuredmedia":[{"embeddable":true,"href":"https:\/\/www.enerjigazetesi.ist\/en\/wp-json\/wp\/v2\/media\/14855"}],"wp:attachment":[{"href":"https:\/\/www.enerjigazetesi.ist\/en\/wp-json\/wp\/v2\/media?parent=14854"}],"wp:term":[{"taxonomy":"category","embeddable":true,"href":"https:\/\/www.enerjigazetesi.ist\/en\/wp-json\/wp\/v2\/categories?post=14854"},{"taxonomy":"post_tag","embeddable":true,"href":"https:\/\/www.enerjigazetesi.ist\/en\/wp-json\/wp\/v2\/tags?post=14854"}],"curies":[{"name":"wp","href":"https:\/\/api.w.org\/{rel}","templated":true}]}}