{"id":148487,"date":"2021-12-29T12:17:11","date_gmt":"2021-12-29T09:17:11","guid":{"rendered":"https:\/\/www.enerjigazetesi.ist\/?p=148487"},"modified":"2021-12-29T12:28:23","modified_gmt":"2021-12-29T09:28:23","slug":"2021-yilinda-ruzgar-enerjisi-nin-zirveye-oturmasina-neden-olan-5-gelisme","status":"publish","type":"post","link":"https:\/\/www.enerjigazetesi.ist\/en\/2021-yilinda-ruzgar-enerjisi-nin-zirveye-oturmasina-neden-olan-5-gelisme\/","title":{"rendered":"(Turkish) 2021&#8217;de R\u00fczgar Enerjisinin Zirveye Oturmas\u0131na Neden Olan 5 Geli\u015fme"},"content":{"rendered":"<p class=\"qtranxs-available-languages-message qtranxs-available-languages-message-en\">Sorry, this entry is only available in <a href=\"https:\/\/www.enerjigazetesi.ist\/tr\/wp-json\/wp\/v2\/posts\/148487\" class=\"qtranxs-available-language-link qtranxs-available-language-link-tr\" title=\"Turkish\">Turkish<\/a>. For the sake of viewer convenience, the content is shown below in the alternative language. You may click the link to switch the active language.<\/p><p><\/p>\n<h2>Pandeminin etkisi alt\u0131nda ge\u00e7en son 1,5 y\u0131lda D\u00fcnya&#8217;n\u0131n en \u00f6nemli yenilenebilir enerji kaynaklar\u0131ndan birisi olan r\u00fczgar enerjisi bug\u00fcn AB\u2019de elektri\u011fin %16\u2019s\u0131n\u0131, T\u00fcrkiye\u2019de ise %10\u2019unu kar\u015f\u0131larken Avrupa ve T\u00fcrkiye\u2019de ya\u015fanan geli\u015fmeler ise <span style=\"text-decoration: underline;\">\u015fu \u015fekildedir;<\/span><\/h2>\n<p><strong>1- <\/strong><strong>\u00dclkelerin Daha Fazla R\u00fczgar Enerjisine Olan \u0130htiyac\u0131: <\/strong>AB, bug\u00fcn <strong>180 GW<\/strong> olan kurulu g\u00fcc\u00fcn\u00fc 2030\u2019a kadar <strong>450<\/strong>, 2050\u2019ye kadarsa <strong>1.300 GW<\/strong>\u2019nin \u00fczerine \u00e7\u0131karmak istiyor. \u00d6rne\u011fin Almanya\u2019da yeni kurulan h\u00fck\u00fcmet, aya\u011f\u0131n\u0131n tozuyla a\u00e7\u0131klad\u0131\u011f\u0131 program\u0131nda <strong>2030\u2019a<\/strong> kadar yeni kurulacak kapasite hedeflerini \u00f6nceki h\u00fck\u00fcmete k\u0131yasla yakla\u015f\u0131k <strong>50 GW<\/strong> daha art\u0131rarak \u00e7\u0131tay\u0131 y\u00fckse\u011fe ta\u015f\u0131d\u0131. Kurulu <img loading=\"lazy\" class=\"alignright wp-image-148489\" src=\"https:\/\/www.enerjigazetesi.ist\/wp-content\/uploads\/2021\/12\/2021-yilinda-ruzgar-enerjisi-nin-zirveye-oturmasina-neden-olan-5-gelisme-2.jpg\" alt=\"\" width=\"320\" height=\"229\" srcset=\"https:\/\/www.enerjigazetesi.ist\/wp-content\/uploads\/2021\/12\/2021-yilinda-ruzgar-enerjisi-nin-zirveye-oturmasina-neden-olan-5-gelisme-2.jpg 488w, https:\/\/www.enerjigazetesi.ist\/wp-content\/uploads\/2021\/12\/2021-yilinda-ruzgar-enerjisi-nin-zirveye-oturmasina-neden-olan-5-gelisme-2-300x215.jpg 300w, https:\/\/www.enerjigazetesi.ist\/wp-content\/uploads\/2021\/12\/2021-yilinda-ruzgar-enerjisi-nin-zirveye-oturmasina-neden-olan-5-gelisme-2-70x50.jpg 70w\" sizes=\"(max-width: 320px) 100vw, 320px\" \/>g\u00fcc\u00fcnde <strong>10 GW<\/strong>\u2019yi a\u015fan \u00fclkemizin de hedefi en yak\u0131n planda<strong> 20 GW<\/strong>. T\u00fcrkiye de dahil Avrupa\u2019daki \u00e7o\u011fu h\u00fck\u00fcmet<strong> karada<\/strong> ve <strong>denizde r\u00fczgar enerjisi<\/strong> \u00fcretimini art\u0131rmay\u0131 planl\u0131yorken, bu hedeflere ula\u015fabilmek i\u00e7in <strong>2021 y\u0131l\u0131<\/strong> \u00fcst seviyede yat\u0131r\u0131mlar yaparak tamamland\u0131.<\/p>\n<p><strong>2- H\u00fck\u00fcmetlerin B\u00fcrokratik S\u00fcre\u00e7leri Kolayla\u015ft\u0131rmaya Y\u00f6nelik \u00c7al\u0131\u015fmalar: <\/strong>R\u00fczgar enerjisi sekt\u00f6r\u00fcn\u00fcn geni\u015flemesi ve daha h\u0131zl\u0131 b\u00fcy\u00fcmesinin \u00f6n\u00fcndeki en b\u00fcy\u00fck engelin b\u00fcrokratik s\u00fcre\u00e7ler oldu\u011funun fark\u0131nda olan h\u00fck\u00fcmetler, izin s\u00fcrelerini k\u0131saltmaya y\u00f6nelik \u00e7al\u0131\u015fmalara ba\u015flad\u0131. <strong>Fransa<\/strong>, <strong>Almanya<\/strong> ve <strong>\u0130talya<\/strong>, bu y\u0131l yeni sadele\u015ftirme \u00f6nlemleri a\u00e7\u0131klad\u0131. AB ise \u00f6n\u00fcm\u00fczdeki sene <strong>izin s\u00fcre\u00e7lerini<\/strong> nas\u0131l iyile\u015ftirecekleri konusunda h\u00fck\u00fcmetlere rehberlik etmeye haz\u0131rlan\u0131yor.<\/p>\n<p><strong>3- AB Ye\u015fil Anla\u015fmas\u0131&#8217;n\u0131n (Green Deal) \u00d6nemi: <\/strong>\u0130klim krizine kar\u015f\u0131 en b\u00fcy\u00fck ad\u0131mlardan biri olan AB Ye\u015fil Anla\u015fmas\u0131, <strong>Covid-19 pandemisi<\/strong>yle birlikte daha da fazla \u00f6nem kazand\u0131. \u00c7evre kirlili\u011fiyle sava\u015fmak ve iklim krizini durdurmak i\u00e7in <strong>ye\u015fil yat\u0131r\u0131mlara<\/strong> y\u00fczlerin d\u00f6nd\u00fc\u011f\u00fc 2021\u2019de <strong>temiz<\/strong> ve <strong>yenilenebilir enerji kayna\u011f\u0131<\/strong> olan r\u00fczgara daha fazla ihtiya\u00e7 duyuldu.<\/p>\n<p><strong>4- Elektrifikasyonda Ya\u015fanan Art\u0131\u015f: <\/strong>2021\u2019in ilk dokuz ay\u0131nda Avrupa\u2019daki t\u00fcm yeni otomobil sat\u0131\u015flar\u0131n\u0131n <strong>%17<\/strong>\u2019si elektrikliydi. Sadece Eyl\u00fcl ay\u0131nda sat\u0131lan otomobillerin <strong>%23<\/strong>\u2019\u00fc elektrikli ara\u00e7t\u0131. T\u00fcrkiye\u2019de de yayg\u0131nl\u0131\u011f\u0131 g\u00fcnden g\u00fcne artan <strong>elektrikli arabalar\u0131n \u00e7o\u011falmas\u0131<\/strong> ile<strong> temiz<\/strong> ve <strong>yenilenebilir enerji kaynaklar\u0131<\/strong>na ve <strong>r\u00fczgardan<\/strong> elde edilen enerjiye olan ihtiya\u00e7 da art\u0131yor.<\/p>\n<p><strong>5- Kurumsal Enerji Al\u0131m S\u00f6zle\u015fmelerine olan H\u0131zl\u0131 Talep:<\/strong>\u00a02021 y\u0131l\u0131nda r\u00fczgar enerjisinde Avrupa\u2019da k\u0131r\u0131lan bir di\u011fer rekor ise <strong>6 GW<\/strong>\u2019l\u0131k yeni enerji al\u0131m s\u00f6zle\u015fmesi oldu. AB art\u0131k bu s\u00f6zle\u015fmeleri Ye\u015fil Anla\u015fma\u2019n\u0131n merkezinde g\u00f6r\u00fcyor. Komisyonun <strong>\u201c55\u2019e Uygun\u201d (fit-for-55) paketi<\/strong>, bu t\u00fcr enerjiye kolay eri\u015fim yollar\u0131n\u0131n \u00f6n\u00fcndeki bir\u00e7ok engeli kald\u0131rmay\u0131 ama\u00e7l\u0131yor.<\/p>","protected":false},"excerpt":{"rendered":"<p>Sorry, this entry is only available in Turkish. For the sake of viewer convenience, the content is shown below in the alternative language. You may click the link to switch the active language. Pandeminin etkisi alt\u0131nda ge\u00e7en son 1,5 y\u0131lda D\u00fcnya&#8217;n\u0131n en \u00f6nemli yenilenebilir enerji kaynaklar\u0131ndan birisi olan r\u00fczgar enerjisi bug\u00fcn AB\u2019de elektri\u011fin %16\u2019s\u0131n\u0131, T\u00fcrkiye\u2019de [&hellip;]<\/p>\n","protected":false},"author":1,"featured_media":148490,"comment_status":"open","ping_status":"open","sticky":false,"template":"","format":"standard","meta":[],"categories":[51,53,50],"tags":[99772,40959,99773,23311,93028,99774,16],"views":431,"_links":{"self":[{"href":"https:\/\/www.enerjigazetesi.ist\/en\/wp-json\/wp\/v2\/posts\/148487"}],"collection":[{"href":"https:\/\/www.enerjigazetesi.ist\/en\/wp-json\/wp\/v2\/posts"}],"about":[{"href":"https:\/\/www.enerjigazetesi.ist\/en\/wp-json\/wp\/v2\/types\/post"}],"author":[{"embeddable":true,"href":"https:\/\/www.enerjigazetesi.ist\/en\/wp-json\/wp\/v2\/users\/1"}],"replies":[{"embeddable":true,"href":"https:\/\/www.enerjigazetesi.ist\/en\/wp-json\/wp\/v2\/comments?post=148487"}],"version-history":[{"count":0,"href":"https:\/\/www.enerjigazetesi.ist\/en\/wp-json\/wp\/v2\/posts\/148487\/revisions"}],"wp:featuredmedia":[{"embeddable":true,"href":"https:\/\/www.enerjigazetesi.ist\/en\/wp-json\/wp\/v2\/media\/148490"}],"wp:attachment":[{"href":"https:\/\/www.enerjigazetesi.ist\/en\/wp-json\/wp\/v2\/media?parent=148487"}],"wp:term":[{"taxonomy":"category","embeddable":true,"href":"https:\/\/www.enerjigazetesi.ist\/en\/wp-json\/wp\/v2\/categories?post=148487"},{"taxonomy":"post_tag","embeddable":true,"href":"https:\/\/www.enerjigazetesi.ist\/en\/wp-json\/wp\/v2\/tags?post=148487"}],"curies":[{"name":"wp","href":"https:\/\/api.w.org\/{rel}","templated":true}]}}