{"id":148461,"date":"2021-12-29T10:17:37","date_gmt":"2021-12-29T07:17:37","guid":{"rendered":"https:\/\/www.enerjigazetesi.ist\/?p=148461"},"modified":"2021-12-29T10:19:07","modified_gmt":"2021-12-29T07:19:07","slug":"toplumsal-cinsiyet-esitligi-programina-uluslararasi-odul","status":"publish","type":"post","link":"https:\/\/www.enerjigazetesi.ist\/en\/toplumsal-cinsiyet-esitligi-programina-uluslararasi-odul\/","title":{"rendered":"(Turkish) \u2018Toplumsal Cinsiyet E\u015fitli\u011fi Program\u0131&#8217;na Uluslararas\u0131 \u00d6d\u00fcl!"},"content":{"rendered":"<p class=\"qtranxs-available-languages-message qtranxs-available-languages-message-en\">Sorry, this entry is only available in <a href=\"https:\/\/www.enerjigazetesi.ist\/tr\/wp-json\/wp\/v2\/posts\/148461\" class=\"qtranxs-available-language-link qtranxs-available-language-link-tr\" title=\"Turkish\">Turkish<\/a>. For the sake of viewer convenience, the content is shown below in the alternative language. You may click the link to switch the active language.<\/p><p><\/p>\n<h2><strong>OEDA\u015e\u2019\u0131n\u00a0<\/strong><strong>s\u00fcrd\u00fcr\u00fclebilirlik odakl\u0131 de\u011fi\u015fim ve d\u00f6n\u00fc\u015f\u00fcm hareketinin en \u00f6nemli halkalar\u0131ndan biri olan \u201cToplumsal Cinsiyet E\u015fitli\u011fi\u201d program\u0131, Avrupa \u0130mar ve Kalk\u0131nma Bankas\u0131 taraf\u0131ndan \u00f6d\u00fcle lay\u0131k g\u00f6r\u00fcld\u00fc.<\/strong><\/h2>\n<p><strong>Afyonkarahisar, Bilecik, Eski\u015fehir, K\u00fctahya<\/strong> ve<strong> U\u015fak<\/strong> illerinin <strong>elektrik da\u011f\u0131t\u0131m hizmetini<\/strong> sa\u011flayan <strong>Osmangazi Elektrik Da\u011f\u0131t\u0131m Anonim \u015eirketi\u2019nin (OEDA\u015e)<\/strong> s\u00fcrd\u00fcr\u00fclebilirlik odakl\u0131 de\u011fi\u015fim ve d\u00f6n\u00fc\u015f\u00fcm hareketinin en \u00f6nemli halkalar\u0131ndan biri olan <strong>toplumsal cinsiyet e\u015fitli\u011fi<\/strong> alan\u0131nda <strong>\u201cEnerjimiz E\u015fit\u201d<\/strong> markas\u0131 ile hayata ge\u00e7irdi\u011fi program, uluslararas\u0131 arenada da takdir topluyor. <strong>Avrupa \u0130mar ve Kalk\u0131nma Bankas\u0131\u2019n\u0131n (EBRD)<\/strong> bu y\u0131lki <strong>S\u00fcrd\u00fcr\u00fclebilirlik <img loading=\"lazy\" class=\"alignright wp-image-148464\" src=\"https:\/\/www.enerjigazetesi.ist\/wp-content\/uploads\/2021\/12\/toplumsal-cinsiyet-esitligi-programina-uluslararasi-odul-1.jpg\" alt=\"\" width=\"320\" height=\"271\" srcset=\"https:\/\/www.enerjigazetesi.ist\/wp-content\/uploads\/2021\/12\/toplumsal-cinsiyet-esitligi-programina-uluslararasi-odul-1.jpg 550w, https:\/\/www.enerjigazetesi.ist\/wp-content\/uploads\/2021\/12\/toplumsal-cinsiyet-esitligi-programina-uluslararasi-odul-1-300x254.jpg 300w, https:\/\/www.enerjigazetesi.ist\/wp-content\/uploads\/2021\/12\/toplumsal-cinsiyet-esitligi-programina-uluslararasi-odul-1-472x400.jpg 472w, https:\/\/www.enerjigazetesi.ist\/wp-content\/uploads\/2021\/12\/toplumsal-cinsiyet-esitligi-programina-uluslararasi-odul-1-59x50.jpg 59w, https:\/\/www.enerjigazetesi.ist\/wp-content\/uploads\/2021\/12\/toplumsal-cinsiyet-esitligi-programina-uluslararasi-odul-1-500x424.jpg 500w\" sizes=\"(max-width: 320px) 100vw, 320px\" \/>\u00d6d\u00fclleri<\/strong>\u2019nde<strong> Toplumsal Cinsiyet E\u015fitli\u011fi<\/strong> ve<strong> Ekonomik Kapsay\u0131c\u0131l\u0131k<\/strong> kategorisinde G\u00fcm\u00fc\u015f Madalya,<strong> \u201cEnerjimiz E\u015fit\u201d<\/strong> markas\u0131 ile hayata ge\u00e7irdi\u011fi uygulamalar\u0131 ile OEDA\u015e\u2019\u0131n oldu.<\/p>\n<p>OEDA\u015e Genel M\u00fcd\u00fcr\u00fc <strong>Fuat Celepci,<\/strong> \u00f6d\u00fcle dair \u015funlar\u0131 s\u00f6yledi: <em>\u201cAsli g\u00f6revimiz olan <strong>elektrik da\u011f\u0131t\u0131m hizmetini<\/strong> en iyi \u015fekilde sa\u011flarken toplum ve d\u00fcnyan\u0131n ihtiya\u00e7lar\u0131na da yan\u0131t vermek ad\u0131na \u00e7aba sarf etmeye devam ediyoruz. \u00c7a\u011f\u0131m\u0131z\u0131n en \u00f6nemli sorunlar\u0131 aras\u0131nda yer alan <strong>f\u0131rsat e\u015fitli\u011fini<\/strong> sekt\u00f6r\u00fcm\u00fczde ele almak ad\u0131na, <strong>\u2018Enerjimiz E\u015fit\u2019<\/strong> diyerek hayata ge\u00e7irdi\u011fimiz program\u0131m\u0131z\u0131n <strong>EBRD<\/strong> taraf\u0131ndan \u00f6d\u00fcle lay\u0131k g\u00f6r\u00fclmesi, do\u011fru yolda oldu\u011fumuzu bir defa daha g\u00f6sterdi. Hem <strong>global<\/strong> <strong>areada<\/strong> hem de <strong>\u00fclkemiz i\u00e7inde<\/strong> k\u0131ymetli kurumlar\u0131n takdirini kazan\u0131yor olmak <strong>gelecekte hayata ge\u00e7irece\u011fimiz projelere<\/strong> olan heyecan\u0131m\u0131z\u0131 daha da art\u0131r\u0131yor. Bu vesile ile <strong>\u2018Enerjimiz E\u015fit\u2019<\/strong> program\u0131m\u0131z\u0131n <strong>hayata ge\u00e7mesinde<\/strong> ve <strong>e\u015fit bir d\u00fcnya hayali<\/strong> ile hareket eden t\u00fcm \u00e7al\u0131\u015fma arkada\u015flar\u0131ma bir defa daha te\u015fekk\u00fcr ediyorum.\u201d<\/em><\/p>\n<h3><strong>F\u0131rsat e\u015fitli\u011fi \u00e7al\u0131\u015fmalar\u0131 kapsam\u0131nda WEPs imzac\u0131s\u0131<\/strong><\/h3>\n<p>G\u00f6rsel ve metinsel d\u00fcnyas\u0131n\u0131 ba\u015ftan a\u015fa\u011f\u0131<strong> \u2018Toplumsal Cinsiyet E\u015fitli\u011fi\u2019<\/strong> program\u0131 kapsam\u0131nda yenileyen OEDA\u015e, <strong>3 y\u0131ld\u0131r<\/strong> s\u00fcrd\u00fcrd\u00fc\u011f\u00fc <strong>meslek lisesi e\u011fitimleri<\/strong> ile f\u0131rsat e\u015fitli\u011fi bak\u0131m\u0131ndan dezavantajl\u0131 sekt\u00f6rler aras\u0131nda yer alan <strong>enerji sekt\u00f6r\u00fcnde<\/strong> ezberleri bozuyor.<\/p>\n<p><strong>UN Women<\/strong> ve <strong>UN Global Compact<\/strong> ortak inisiyatifi olan, <strong>toplumsal cinsiyet e\u015fitli\u011fi<\/strong>nin ve <strong>kad\u0131nlar\u0131n i\u015fyerinde<\/strong> ve <strong>toplumda g\u00fc\u00e7lendirilmesi<\/strong>nin nas\u0131l te\u015fvik edilece\u011fi konusunda rehberlik sunan bir dizi prensipten olu\u015fan <strong>WEPs<\/strong>\u2019in imzac\u0131lar\u0131 aras\u0131nda bulunan OEDA\u015e\u2019\u0131n benimsedi\u011fi <span style=\"text-decoration: underline;\">7 prensip \u015f\u00f6yle;<\/span><\/p>\n<p>&#8211; Toplumsal cinsiyet e\u015fitli\u011fi i\u00e7in <strong>\u00fcst d\u00fczey ku\u00adrumsal liderlik sa\u011flanmas\u0131<\/strong><\/p>\n<p>&#8211; <strong>T\u00fcm kad\u0131n<\/strong> ve <strong>erkeklere<\/strong> i\u015f ya\u015fam\u0131nda <strong>adil dav\u00adran\u0131lmas\u0131<\/strong>, insan haklar\u0131na ve ayr\u0131m yapmama ilkesine sayg\u0131 g\u00f6sterilmesi; bu ilkelerin destek\u00adlenmesi<\/p>\n<p>&#8211; <strong>T\u00fcm kad\u0131n<\/strong> ve<strong> erkek<\/strong> \u00e7al\u0131\u015fanlar\u0131n<strong> sa\u011fl\u0131k, g\u00fcven\u00adlik<\/strong> ve <strong>refah\u0131n\u0131n sa\u011flanmas\u0131<\/strong><\/p>\n<p>&#8211; Kad\u0131nlar\u0131n <strong>e\u011fitim, kurs<\/strong> ve <strong>profesyonel geli\u015fim olanaklar\u0131<\/strong>n\u0131n desteklenmesi<\/p>\n<p>&#8211; Kad\u0131nlar\u0131n g\u00fc\u00e7lenmesi i\u00e7in <strong>giri\u015fimci geli\u015fimi, tedarik zinciri<\/strong> ve <strong>pazarlama y\u00f6ntemleri<\/strong>nin uygulanmas\u0131<\/p>\n<p>&#8211; <strong>Toplumsal giri\u015fimler<\/strong> ve <strong>savunuculuk \u00e7al\u0131\u015fmala\u00adr\u0131<\/strong>yla <strong>e\u015fitli\u011fin te\u015fvik edilmesi<\/strong><\/p>\n<p>&#8211; <strong>Toplumsal cinsiyet e\u015fitli\u011fi<\/strong>ne ili\u015fkin elde edilen<strong> ba\u015far\u0131lar\u0131n de\u011ferlendirilmesi<\/strong> ve<strong> halka a\u00e7\u0131k<\/strong> raporlanmas\u0131.<\/p>","protected":false},"excerpt":{"rendered":"<p>Sorry, this entry is only available in Turkish. For the sake of viewer convenience, the content is shown below in the alternative language. You may click the link to switch the active language. OEDA\u015e\u2019\u0131n\u00a0s\u00fcrd\u00fcr\u00fclebilirlik odakl\u0131 de\u011fi\u015fim ve d\u00f6n\u00fc\u015f\u00fcm hareketinin en \u00f6nemli halkalar\u0131ndan biri olan \u201cToplumsal Cinsiyet E\u015fitli\u011fi\u201d program\u0131, Avrupa \u0130mar ve Kalk\u0131nma Bankas\u0131 taraf\u0131ndan \u00f6d\u00fcle [&hellip;]<\/p>\n","protected":false},"author":1,"featured_media":148465,"comment_status":"open","ping_status":"open","sticky":false,"template":"","format":"standard","meta":[],"categories":[51,53],"tags":[1259,2873,99763,9749,26311,50858,99764],"views":132,"_links":{"self":[{"href":"https:\/\/www.enerjigazetesi.ist\/en\/wp-json\/wp\/v2\/posts\/148461"}],"collection":[{"href":"https:\/\/www.enerjigazetesi.ist\/en\/wp-json\/wp\/v2\/posts"}],"about":[{"href":"https:\/\/www.enerjigazetesi.ist\/en\/wp-json\/wp\/v2\/types\/post"}],"author":[{"embeddable":true,"href":"https:\/\/www.enerjigazetesi.ist\/en\/wp-json\/wp\/v2\/users\/1"}],"replies":[{"embeddable":true,"href":"https:\/\/www.enerjigazetesi.ist\/en\/wp-json\/wp\/v2\/comments?post=148461"}],"version-history":[{"count":0,"href":"https:\/\/www.enerjigazetesi.ist\/en\/wp-json\/wp\/v2\/posts\/148461\/revisions"}],"wp:featuredmedia":[{"embeddable":true,"href":"https:\/\/www.enerjigazetesi.ist\/en\/wp-json\/wp\/v2\/media\/148465"}],"wp:attachment":[{"href":"https:\/\/www.enerjigazetesi.ist\/en\/wp-json\/wp\/v2\/media?parent=148461"}],"wp:term":[{"taxonomy":"category","embeddable":true,"href":"https:\/\/www.enerjigazetesi.ist\/en\/wp-json\/wp\/v2\/categories?post=148461"},{"taxonomy":"post_tag","embeddable":true,"href":"https:\/\/www.enerjigazetesi.ist\/en\/wp-json\/wp\/v2\/tags?post=148461"}],"curies":[{"name":"wp","href":"https:\/\/api.w.org\/{rel}","templated":true}]}}