{"id":148455,"date":"2021-12-28T15:54:14","date_gmt":"2021-12-28T12:54:14","guid":{"rendered":"https:\/\/www.enerjigazetesi.ist\/?p=148455"},"modified":"2021-12-28T15:54:14","modified_gmt":"2021-12-28T12:54:14","slug":"kardesim-usumesin-projesi-kurtul-koyundeki-miniklerin-yuzunu-guldurdu","status":"publish","type":"post","link":"https:\/\/www.enerjigazetesi.ist\/en\/kardesim-usumesin-projesi-kurtul-koyundeki-miniklerin-yuzunu-guldurdu\/","title":{"rendered":"(Turkish) &#8217;Karde\u015fim \u00dc\u015f\u00fcmesin&#8217; Projesi Kurtul K\u00f6y\u00fc\u2019ndeki Miniklerin Y\u00fcz\u00fcn\u00fc G\u00fcld\u00fcrd\u00fc"},"content":{"rendered":"<p class=\"qtranxs-available-languages-message qtranxs-available-languages-message-en\">Sorry, this entry is only available in <a href=\"https:\/\/www.enerjigazetesi.ist\/tr\/wp-json\/wp\/v2\/posts\/148455\" class=\"qtranxs-available-language-link qtranxs-available-language-link-tr\" title=\"Turkish\">Turkish<\/a>. For the sake of viewer convenience, the content is shown below in the alternative language. You may click the link to switch the active language.<\/p><p><\/p>\n<h2>2013 y\u0131l\u0131nda Uluda\u011f Elektrik Da\u011f\u0131t\u0131m A.\u015e.(UEDA\u015e) taraf\u0131ndan hayata ge\u00e7irilen ve bug\u00fcne kadar 9.000 \u00e7ocu\u011fun g\u00fcl\u00fcmsemesini kazanan Karde\u015fim \u00dc\u015f\u00fcmesin Projesi, minik \u00f6\u011frencilerin y\u00fcz\u00fcn\u00fc g\u00fcld\u00fcrmeye devam ediyor.<\/h2>\n<p>Her y\u0131l hizmet b\u00f6lgesindeki <strong>G\u00fcney Marmara<\/strong>\u2019n\u0131n yan\u0131 s\u0131ra ihtiya\u00e7 duyulan her ile yard\u0131m elini uzatan <img loading=\"lazy\" class=\"alignright wp-image-148458\" src=\"https:\/\/www.enerjigazetesi.ist\/wp-content\/uploads\/2021\/12\/kardesim-usumesin-projesi-kurtul-koyundeki-miniklerin-yuzunu-guldurdu-2.jpg\" alt=\"\" width=\"320\" height=\"223\" srcset=\"https:\/\/www.enerjigazetesi.ist\/wp-content\/uploads\/2021\/12\/kardesim-usumesin-projesi-kurtul-koyundeki-miniklerin-yuzunu-guldurdu-2.jpg 550w, https:\/\/www.enerjigazetesi.ist\/wp-content\/uploads\/2021\/12\/kardesim-usumesin-projesi-kurtul-koyundeki-miniklerin-yuzunu-guldurdu-2-300x209.jpg 300w, https:\/\/www.enerjigazetesi.ist\/wp-content\/uploads\/2021\/12\/kardesim-usumesin-projesi-kurtul-koyundeki-miniklerin-yuzunu-guldurdu-2-500x349.jpg 500w, https:\/\/www.enerjigazetesi.ist\/wp-content\/uploads\/2021\/12\/kardesim-usumesin-projesi-kurtul-koyundeki-miniklerin-yuzunu-guldurdu-2-72x50.jpg 72w\" sizes=\"(max-width: 320px) 100vw, 320px\" \/><strong>UEDA\u015e<\/strong>\u2019\u0131n bu seferki dura\u011f\u0131 <strong>Bursa<\/strong>\u2019n\u0131n <strong>Gemlik il\u00e7esi<\/strong>ne ba\u011fl\u0131<strong> Kurtul k\u00f6y\u00fc<\/strong> oldu.<\/p>\n<p><strong>Bursa \u0130l Milli E\u011fitim M\u00fcd\u00fcrl\u00fc\u011f\u00fc<\/strong> i\u015fbirli\u011fiyle belirlenen<strong> \u015eehit Cem \u00dcner Ortaokulu&#8217;<\/strong>ndaki 104 \u00e7ocu\u011fun <strong>k\u0131\u015fl\u0131k k\u0131yafet ihtiyac\u0131n\u0131n<\/strong> kar\u015f\u0131land\u0131\u011f\u0131 etkinli\u011fe kat\u0131lan <strong>Gemlik Belediyesi Ba\u015fkan Yard\u0131mc\u0131s\u0131 Mert Dimili<\/strong>, <em>\u201c\u0130l\u00e7emizdeki okullar\u0131n ihtiya\u00e7lar\u0131n\u0131n kar\u015f\u0131lanmas\u0131 anlam\u0131nda hem <strong>b\u00f6lgede hizmet verip<\/strong> hem de <strong>g\u00fc\u00e7l\u00fc sosyal yard\u0131mlar\u0131n yap\u0131lmas\u0131<\/strong> olduk\u00e7a memnuniyet verici. Bu hizmetlerin daha da ivmelenerek devam\u0131n\u0131 diliyoruz\u201d<\/em> diye konu\u015ftu.<\/p>\n<p><strong>UEDA\u015e Genel M\u00fcd\u00fcr\u00fc G\u00f6kay Fatih Danac\u0131<\/strong> yapt\u0131\u011f\u0131 a\u00e7\u0131klamada, <em>\u201c<strong>9&#8217;uncu y\u0131l\u0131m\u0131zda<\/strong> Karde\u015fim \u00dc\u015f\u00fcmesin ile <strong>miniklerimizi giydirmeye<\/strong> devam ediyoruz. \u00d6n\u00fcm\u00fczdeki s\u00fcre\u00e7te de ihtiya\u00e7 sahibi okullar\u0131m\u0131za ula\u015fmaya devam edece\u011fiz. Projemizi hayata ge\u00e7irirken<strong> lise \u00f6\u011frencilerimizle<\/strong> ortak ilerliyor, bu <strong>iyilik hareketine<\/strong> onlar\u0131 da dahil ediyoruz\u201d<\/em> dedi.<\/p>","protected":false},"excerpt":{"rendered":"<p>Sorry, this entry is only available in Turkish. For the sake of viewer convenience, the content is shown below in the alternative language. You may click the link to switch the active language. 2013 y\u0131l\u0131nda Uluda\u011f Elektrik Da\u011f\u0131t\u0131m A.\u015e.(UEDA\u015e) taraf\u0131ndan hayata ge\u00e7irilen ve bug\u00fcne kadar 9.000 \u00e7ocu\u011fun g\u00fcl\u00fcmsemesini kazanan Karde\u015fim \u00dc\u015f\u00fcmesin Projesi, minik \u00f6\u011frencilerin y\u00fcz\u00fcn\u00fc [&hellip;]<\/p>\n","protected":false},"author":1,"featured_media":148459,"comment_status":"open","ping_status":"open","sticky":false,"template":"","format":"standard","meta":[],"categories":[51,53],"tags":[958,26353,16595,3614,99440,99762,2227,24340],"views":145,"_links":{"self":[{"href":"https:\/\/www.enerjigazetesi.ist\/en\/wp-json\/wp\/v2\/posts\/148455"}],"collection":[{"href":"https:\/\/www.enerjigazetesi.ist\/en\/wp-json\/wp\/v2\/posts"}],"about":[{"href":"https:\/\/www.enerjigazetesi.ist\/en\/wp-json\/wp\/v2\/types\/post"}],"author":[{"embeddable":true,"href":"https:\/\/www.enerjigazetesi.ist\/en\/wp-json\/wp\/v2\/users\/1"}],"replies":[{"embeddable":true,"href":"https:\/\/www.enerjigazetesi.ist\/en\/wp-json\/wp\/v2\/comments?post=148455"}],"version-history":[{"count":0,"href":"https:\/\/www.enerjigazetesi.ist\/en\/wp-json\/wp\/v2\/posts\/148455\/revisions"}],"wp:featuredmedia":[{"embeddable":true,"href":"https:\/\/www.enerjigazetesi.ist\/en\/wp-json\/wp\/v2\/media\/148459"}],"wp:attachment":[{"href":"https:\/\/www.enerjigazetesi.ist\/en\/wp-json\/wp\/v2\/media?parent=148455"}],"wp:term":[{"taxonomy":"category","embeddable":true,"href":"https:\/\/www.enerjigazetesi.ist\/en\/wp-json\/wp\/v2\/categories?post=148455"},{"taxonomy":"post_tag","embeddable":true,"href":"https:\/\/www.enerjigazetesi.ist\/en\/wp-json\/wp\/v2\/tags?post=148455"}],"curies":[{"name":"wp","href":"https:\/\/api.w.org\/{rel}","templated":true}]}}