{"id":148436,"date":"2021-12-28T12:39:49","date_gmt":"2021-12-28T09:39:49","guid":{"rendered":"https:\/\/www.enerjigazetesi.ist\/?p=148436"},"modified":"2021-12-28T12:44:20","modified_gmt":"2021-12-28T09:44:20","slug":"en-dusuk-enerji-ile-en-yuksek-konforu-elde-etmek-pasif-evler-ile-mumkun","status":"publish","type":"post","link":"https:\/\/www.enerjigazetesi.ist\/en\/en-dusuk-enerji-ile-en-yuksek-konforu-elde-etmek-pasif-evler-ile-mumkun\/","title":{"rendered":"(Turkish) En D\u00fc\u015f\u00fck Enerjiyle En Y\u00fcksek Konforu Elde Etmek &#8216;Pasif Evler&#8217; ile M\u00fcmk\u00fcn!"},"content":{"rendered":"<p class=\"qtranxs-available-languages-message qtranxs-available-languages-message-en\">Sorry, this entry is only available in <a href=\"https:\/\/www.enerjigazetesi.ist\/tr\/wp-json\/wp\/v2\/posts\/148436\" class=\"qtranxs-available-language-link qtranxs-available-language-link-tr\" title=\"Turkish\">Turkish<\/a>. For the sake of viewer convenience, the content is shown below in the alternative language. You may click the link to switch the active language.<\/p><p><\/p>\n<h2><strong>Y\u00fcksek enerji fiyatlar\u0131 tasarruf k\u00fclt\u00fcr\u00fcn\u00fcn g\u00fc\u00e7l\u00fc bir \u015fekilde geri d\u00f6nmesine neden oldu. En d\u00fc\u015f\u00fck enerjiyle en y\u00fcksek konforu elde etmek i\u00e7in 1990\u2019l\u0131 y\u0131llarda Almanya\u2019da ortaya at\u0131lan Pasif Ev konsepti T\u00fcrkiye\u2019de de uygulanmakta olup % 90 oran\u0131nda tasarruf sa\u011flamaktad\u0131r.<\/strong><\/h2>\n<p><strong>Enerji fiyatlar\u0131<\/strong>n\u0131n d\u00fcnya \u00e7ap\u0131nda y\u00fckselmeye ba\u015flamas\u0131 <strong>tasarruf \u00f6nlemlerini<\/strong> yeniden g\u00fcndeme <img loading=\"lazy\" class=\"alignright wp-image-148440\" src=\"https:\/\/www.enerjigazetesi.ist\/wp-content\/uploads\/2021\/12\/en-dusuk-enerji-ile-en-yuksek-konforu-elde-etmek-pasif-evler-ile-mumkun-2.jpg\" alt=\"\" width=\"320\" height=\"204\" srcset=\"https:\/\/www.enerjigazetesi.ist\/wp-content\/uploads\/2021\/12\/en-dusuk-enerji-ile-en-yuksek-konforu-elde-etmek-pasif-evler-ile-mumkun-2.jpg 550w, https:\/\/www.enerjigazetesi.ist\/wp-content\/uploads\/2021\/12\/en-dusuk-enerji-ile-en-yuksek-konforu-elde-etmek-pasif-evler-ile-mumkun-2-300x191.jpg 300w, https:\/\/www.enerjigazetesi.ist\/wp-content\/uploads\/2021\/12\/en-dusuk-enerji-ile-en-yuksek-konforu-elde-etmek-pasif-evler-ile-mumkun-2-500x318.jpg 500w, https:\/\/www.enerjigazetesi.ist\/wp-content\/uploads\/2021\/12\/en-dusuk-enerji-ile-en-yuksek-konforu-elde-etmek-pasif-evler-ile-mumkun-2-80x50.jpg 80w\" sizes=\"(max-width: 320px) 100vw, 320px\" \/>getirdi. \u00d6zellikle k\u0131\u015f aylar\u0131nda <strong>do\u011falgaz<\/strong> ve <strong>elektrik faturalar\u0131n\u0131<\/strong> kontrol alt\u0131nda tutabilmek i\u00e7in t\u00fcketiciler <strong>daha fazla tasarruf etmek<\/strong> istiyor.<\/p>\n<p><strong>1990\u2019l\u0131 y\u0131llardan<\/strong> bug\u00fcn d\u00fcnyan\u0131n pek \u00e7ok \u00fclkesinde ba\u015far\u0131yla uygulanan <strong>Pasif Ev konsepti,<\/strong> en d\u00fc\u015f\u00fck enerji t\u00fcketimiyle en y\u00fcksek konforu hedefliyor. <strong>Pasif ev<\/strong> konseptiyle tasarlanan yap\u0131lar, geleneksel yap\u0131lara g\u00f6re <strong>% 90<\/strong> oran\u0131nda <strong>daha az enerji<\/strong> harc\u0131yor.<\/p>\n<h3><strong>T\u00fcrkiye&#8217;de Giderek Yayg\u0131nla\u015ft\u0131r\u0131l\u0131yor<\/strong><\/h3>\n<p><strong>S\u0131f\u0131r Enerji ve Pasif Ev Derne\u011fi<\/strong> <strong>(SEPEV)<\/strong> taraf\u0131ndan \u00fclkemizde yayg\u0131nla\u015ft\u0131r\u0131lmaya \u00e7al\u0131\u015f\u0131lan Pasif Ev konsepti, verilen<strong> e\u011fitimlerle<\/strong> de<strong> mimarlar<\/strong> ve <strong>tasar\u0131mc\u0131lar\u0131n<\/strong> ilgisine sunuluyor. <strong>Yenilenebilir enerjinin<\/strong> evsel kullan\u0131m\u0131 alan\u0131nda <strong>Ar-Ge \u00e7al\u0131\u015fmalar\u0131<\/strong> ger\u00e7ekle\u015ftirilirken<strong> \u2018Pasif Ev\u2019<\/strong> kavram\u0131na uygun yap\u0131lar in\u015fa etmekte m\u00fcmk\u00fcn oluyor.<\/p>\n<h3><strong>Pasif Evler&#8217;de En D\u00fc\u015f\u00fck Enerji T\u00fcketimi Hedefleniyor<\/strong><\/h3>\n<p>Pasif ev kavram\u0131, bir binadaki <strong>enerji verimlili\u011fi<\/strong> i\u00e7in binan\u0131n <strong>karbon ayak izini<\/strong> azaltan g\u00f6n\u00fcll\u00fc bir standartt\u0131r.<strong> \u0130klimlendirme<\/strong> i\u00e7in \u00e7ok az enerji gerektiren <strong>\u2018ultra d\u00fc\u015f\u00fck enerjili\u2019 <\/strong>binalar tasarlamay\u0131 hedefleyen <strong>pasif ev konsepti yaln\u0131zca konut m\u00fclkleriyle s\u0131n\u0131rl\u0131 olmay\u0131p <\/strong>Almanya\u2019daki bir\u00e7ok \u00f6rnekte <strong>ofis binalar\u0131, okullar, b\u00fcy\u00fck yap\u0131lar da<\/strong> pasif ev standard\u0131na g\u00f6re in\u015fa edilebilmektedir.<\/p>\n<h3><strong>% 90 Enerji Tasarrufu Elde Etmek M\u00fcmk\u00fcn<\/strong><\/h3>\n<p>Pasif Ev konseptiyle <strong>% 90<\/strong> oran\u0131nda <strong>tasarruf sa\u011flaman\u0131n<\/strong> m\u00fcmk\u00fcn olurken <em>\u201cGeleneksel bina tasar\u0131mlar\u0131yla, Pasif Ev tasar\u0131m\u0131n\u0131 kar\u015f\u0131la\u015ft\u0131rd\u0131\u011f\u0131n\u0131zda <strong>% 90\u2019<\/strong>a varan tasarruf sa\u011flamak m\u00fcmk\u00fcn olurken yaln\u0131zca <strong>so\u011fuk iklimlerde, \u0131s\u0131tma \u00e7\u00f6z\u00fcmlerine<\/strong> odaklanmayan Pasif Ev konsepti, hava ak\u0131\u015f\u0131n\u0131 kontrol ederek <strong>so\u011fuk<\/strong> ve <strong>s\u0131cak havalarda<\/strong> yap\u0131n\u0131n i\u00e7erisini <strong>ideal hava s\u0131cakl\u0131\u011f\u0131nda<\/strong> tutuyor. <strong>Kuzey Avrupa \u00fclkelerinde<\/strong> ortaya \u00e7\u0131kan konsept bug\u00fcn <strong>Ekvator \u00e7izgisine<\/strong> yak\u0131n G\u00fcney Amerika \u00fclkelerinde de kullan\u0131l\u0131yor. T\u00fcrkiye&#8217;de <strong>k\u0131\u015f\u0131n<\/strong> ve <strong>yaz\u0131n<\/strong> aylar\u0131nda giderek u\u00e7 noktalara eri\u015fen hava s\u0131cakl\u0131klar\u0131ndan etkilenmemek i\u00e7in en uygun \u00e7\u00f6z\u00fcm <strong>Pasif Ev konsepti<\/strong> oluyor.<\/em><\/p>\n<h3><strong>Eski Yap\u0131lar\u0131n \u00c7o\u011funlu\u011fu Enerji Verimlili\u011fi D\u00fc\u015f\u00fcn\u00fclmeden Yap\u0131ld\u0131<\/strong><\/h3>\n<p><i>T\u00fcrkiye&#8217;de<\/i> maalesef eski yap\u0131lar<strong> enerji verimlili\u011fini<\/strong> d\u00fc\u015f\u00fcnmeden tasarlan\u0131p, in\u015fa edilmi\u015f olup <strong>\u0131s\u0131nmayan ve so\u011fumayan binalarda ya\u015famay\u0131 g\u00f6ze al\u0131yoruz. <\/strong>Pasif ev asl\u0131nda T\u00fcrkiye\u2019nin tam da ihtiyac\u0131 olan bir konsept olup buna uygun bir yap\u0131 tasarlarken, \u2018yap\u0131 bile\u015fenlerinin<strong> do\u011fru se\u00e7imi<\/strong> ve <strong>uygulanmas\u0131<\/strong>, iklimlendirme ihtiyac\u0131n\u0131 <strong>minimize edecek \u00e7\u00f6z\u00fcmler<\/strong> \u00fcretilmesi, en aza indirgenen <strong>iklimlendirme ihtiyac\u0131n\u0131n<\/strong> da <strong>en verimli \u015fekilde kar\u015f\u0131lanmas\u0131\u2019<\/strong> ad\u0131mlar\u0131n\u0131 izleyerek <strong>neredeyse hi\u00e7 enerji harcamadan<\/strong> iklimlendirme sa\u011flanabiliyor.<\/p>","protected":false},"excerpt":{"rendered":"<p>Sorry, this entry is only available in Turkish. For the sake of viewer convenience, the content is shown below in the alternative language. You may click the link to switch the active language. Y\u00fcksek enerji fiyatlar\u0131 tasarruf k\u00fclt\u00fcr\u00fcn\u00fcn g\u00fc\u00e7l\u00fc bir \u015fekilde geri d\u00f6nmesine neden oldu. En d\u00fc\u015f\u00fck enerjiyle en y\u00fcksek konforu elde etmek i\u00e7in 1990\u2019l\u0131 [&hellip;]<\/p>\n","protected":false},"author":1,"featured_media":148441,"comment_status":"open","ping_status":"open","sticky":false,"template":"","format":"standard","meta":[],"categories":[51,53,52],"tags":[103,12,37486,99751,99118,4033,9925,793,99752],"views":225,"_links":{"self":[{"href":"https:\/\/www.enerjigazetesi.ist\/en\/wp-json\/wp\/v2\/posts\/148436"}],"collection":[{"href":"https:\/\/www.enerjigazetesi.ist\/en\/wp-json\/wp\/v2\/posts"}],"about":[{"href":"https:\/\/www.enerjigazetesi.ist\/en\/wp-json\/wp\/v2\/types\/post"}],"author":[{"embeddable":true,"href":"https:\/\/www.enerjigazetesi.ist\/en\/wp-json\/wp\/v2\/users\/1"}],"replies":[{"embeddable":true,"href":"https:\/\/www.enerjigazetesi.ist\/en\/wp-json\/wp\/v2\/comments?post=148436"}],"version-history":[{"count":0,"href":"https:\/\/www.enerjigazetesi.ist\/en\/wp-json\/wp\/v2\/posts\/148436\/revisions"}],"wp:featuredmedia":[{"embeddable":true,"href":"https:\/\/www.enerjigazetesi.ist\/en\/wp-json\/wp\/v2\/media\/148441"}],"wp:attachment":[{"href":"https:\/\/www.enerjigazetesi.ist\/en\/wp-json\/wp\/v2\/media?parent=148436"}],"wp:term":[{"taxonomy":"category","embeddable":true,"href":"https:\/\/www.enerjigazetesi.ist\/en\/wp-json\/wp\/v2\/categories?post=148436"},{"taxonomy":"post_tag","embeddable":true,"href":"https:\/\/www.enerjigazetesi.ist\/en\/wp-json\/wp\/v2\/tags?post=148436"}],"curies":[{"name":"wp","href":"https:\/\/api.w.org\/{rel}","templated":true}]}}