{"id":148426,"date":"2021-12-28T11:57:25","date_gmt":"2021-12-28T08:57:25","guid":{"rendered":"https:\/\/www.enerjigazetesi.ist\/?p=148426"},"modified":"2021-12-28T11:57:25","modified_gmt":"2021-12-28T08:57:25","slug":"kadin-enerjisinden-bisey-olmali-sosyal-etki-platformu-kuruldu","status":"publish","type":"post","link":"https:\/\/www.enerjigazetesi.ist\/en\/kadin-enerjisinden-bisey-olmali-sosyal-etki-platformu-kuruldu\/","title":{"rendered":"(Turkish) Kad\u0131n Enerjisi\u2019nden &#8216;Bi\u2019\u015fey Olmal\u0131&#8217; Sosyal Etki Platformu Kuruldu"},"content":{"rendered":"<p class=\"qtranxs-available-languages-message qtranxs-available-languages-message-en\">Sorry, this entry is only available in <a href=\"https:\/\/www.enerjigazetesi.ist\/tr\/wp-json\/wp\/v2\/posts\/148426\" class=\"qtranxs-available-language-link qtranxs-available-language-link-tr\" title=\"Turkish\">Turkish<\/a>. For the sake of viewer convenience, the content is shown below in the alternative language. You may click the link to switch the active language.<\/p><p><\/p>\n<h2><strong>Akk\u00f6k Holding enerji grup \u015firketlerinin ortakla\u015fa ba\u015flatt\u0131\u011f\u0131 Kad\u0131n Enerjisi projesi b\u00fcnyesinde, Sepa\u015f Enerji taraf\u0131ndan Bi\u2019\u015fey Olmal\u0131 sosyal etki platformu kuruldu. Platform kapsam\u0131ndaki 4 farkl\u0131 programla holdingin enerji grubunda \u00e7al\u0131\u015fan 300 kad\u0131na, ki\u015fisel geli\u015fimleri ve kariyer yolculuklar\u0131 i\u00e7in \u00e7e\u015fitli etkinliklerle destek verilecek.<\/strong><\/h2>\n<p>T\u00fcrkiye\u2019nin k\u00f6kl\u00fc sanayi kurulu\u015flar\u0131ndan Akk\u00f6k Holding\u2019in enerji grup \u015firketlerinin y\u00fcr\u00fctt\u00fckleri <strong>Kad\u0131n Enerji projesi<\/strong>nde, Sepa\u015f Enerji taraf\u0131ndan kurulan <strong>\u201cBi\u2019\u015fey Olmal\u0131\u201d sosyal etki platformu<\/strong> hayata ge\u00e7ti. Enerji sekt\u00f6r\u00fcnde g\u00f6rev alan kad\u0131n \u00e7al\u0131\u015fanlar\u0131n kariyer geli\u015fimlerine destek olacak platform ile kad\u0131n lider say\u0131s\u0131n\u0131n art\u0131r\u0131lmas\u0131 hedefleniyor. <strong>Akenerji, SEDA\u015e<\/strong> ve <strong>Sepa\u015f Enerji<\/strong>\u2019den toplamda 300 kad\u0131n\u0131n kat\u0131lmas\u0131 beklenen programlar\u0131n ilk etab\u0131 ba\u015flad\u0131.<\/p>\n<h3><strong><img loading=\"lazy\" class=\"alignright wp-image-148428\" src=\"https:\/\/www.enerjigazetesi.ist\/wp-content\/uploads\/2021\/12\/kadin-enerjisinden-bisey-olmali-sosyal-etki-platformu-kuruldu-2.jpg\" alt=\"\" width=\"320\" height=\"218\" srcset=\"https:\/\/www.enerjigazetesi.ist\/wp-content\/uploads\/2021\/12\/kadin-enerjisinden-bisey-olmali-sosyal-etki-platformu-kuruldu-2.jpg 550w, https:\/\/www.enerjigazetesi.ist\/wp-content\/uploads\/2021\/12\/kadin-enerjisinden-bisey-olmali-sosyal-etki-platformu-kuruldu-2-300x205.jpg 300w, https:\/\/www.enerjigazetesi.ist\/wp-content\/uploads\/2021\/12\/kadin-enerjisinden-bisey-olmali-sosyal-etki-platformu-kuruldu-2-500x341.jpg 500w, https:\/\/www.enerjigazetesi.ist\/wp-content\/uploads\/2021\/12\/kadin-enerjisinden-bisey-olmali-sosyal-etki-platformu-kuruldu-2-73x50.jpg 73w\" sizes=\"(max-width: 320px) 100vw, 320px\" \/>4 farkl\u0131 programla kad\u0131n enerjisi yay\u0131lacak<\/strong><\/h3>\n<p>\u0130lk olarak <strong>uzman psikologlar<\/strong> e\u015fli\u011findeki <strong>yarat\u0131c\u0131 drama<\/strong> odakl\u0131 psikodrama at\u00f6lyelerinin ilki ger\u00e7ekle\u015fti. Kat\u0131l\u0131mc\u0131lar\u0131n <strong>12&#8217;\u015ferli<\/strong> gruplara ayr\u0131ld\u0131\u011f\u0131 at\u00f6lyeler, <strong>3&#8217;er saat<\/strong> oturumlarla <strong>3 hafta<\/strong> s\u00fcrecek. <strong>Role girme, duygular\u0131 tan\u0131ma<\/strong> ve <strong>cam tavan sendromu<\/strong>na dair \u00e7al\u0131\u015fmalarla kad\u0131nlar\u0131n aralar\u0131ndaki<strong> sinerji<\/strong> ve <strong>ya\u015fama dair fark\u0131ndal\u0131\u011f\u0131n\u0131n art\u0131r\u0131lmas\u0131<\/strong> ama\u00e7lan\u0131yor.<\/p>\n<p>Projenin bir di\u011fer etkinli\u011fi olan ve bir y\u0131l boyunca <strong>6 defa<\/strong> d\u00fczenlenecek <strong>\u201cBi\u2019\u015fey Olmal\u0131 Bulu\u015fmalar\u0131\u201d<\/strong> da Akk\u00f6k Holding Y\u00f6netim Kurulu \u00dcyesi, Enerjiden Sorumlu \u0130cra Kurulu \u00dcyesi ve CFO\u2019su \u00d6zlem Ata\u00fcnal\u2019\u0131n liderli\u011finde ba\u015flad\u0131. Kad\u0131nlar\u0131n hikayelerini payla\u015ft\u0131klar\u0131 bulu\u015fmalara enerji grubunda g\u00f6rev alan <strong>kad\u0131n \u00e7al\u0131\u015fanlar<\/strong> 12&#8217;\u015ferli gruplar halinde kat\u0131l\u0131m g\u00f6steriliyor.<\/p>\n<p>Kad\u0131n-erkek t\u00fcm kat\u0131l\u0131mc\u0131lara a\u00e7\u0131k <strong>\u201cTalks\u201d etkinlikleri<\/strong>nin ilki ise<strong> 22 Aral\u0131k 2021<\/strong>\u2019de ger\u00e7ekle\u015fti. \u0130lk etkinlikte Konu\u015fmac\u0131 <strong>Murat Ye\u015fildere<\/strong> 3 \u015firket \u00e7al\u0131\u015fanlar\u0131yla online etkinlikte bir araya geldi. Etkinli\u011fe <strong>300\u2019\u00fc a\u015fk\u0131n<\/strong> \u00e7al\u0131\u015fan kat\u0131ld\u0131.<\/p>\n<p><strong>2022\u2019nin ikinci yar\u0131s\u0131nda<\/strong> ba\u015flayacak, platformun son etkinli\u011fi olan<strong> mentorluk program\u0131<\/strong>nda ise holding b\u00fcnyesinde \u00e7al\u0131\u015fan y\u00f6neticilerden olu\u015fan <strong>mentorlar<\/strong>, se\u00e7ili <strong>mentee\u2019leri<\/strong> ile cam tavan konulu programlar\u0131n y\u00fcr\u00fct\u00fcc\u00fcl\u00fc\u011f\u00fcn\u00fc \u00fcstlenecek.<\/p>\n<h3><strong>\u201cKad\u0131nlar engelleri birlikte a\u015facak\u201d<\/strong><\/h3>\n<p><em>Sepa\u015f Enerji Kurumsal Geli\u015fim ve Sat\u0131n Alma Direkt\u00f6r\u00fc<\/em><strong> Ebru \u015eahan<\/strong>, Kad\u0131n Enerjisi kapsam\u0131ndaki Bi\u2019\u015fey Olmal\u0131 platformunun <strong>ki\u015fisel geli\u015fim <\/strong>ve <strong>\u00f6\u011frenme f\u0131rsatlar\u0131na<\/strong> odakland\u0131\u011f\u0131n\u0131 ifade etti. <strong>F\u0131rsat e\u015fitli\u011fi ilkesi<\/strong>yle enerji sekt\u00f6r\u00fcnde <strong>kad\u0131n istihdam\u0131<\/strong> ve <strong>kad\u0131n lider say\u0131s\u0131n\u0131<\/strong> <strong>y\u00fckseltmek<\/strong> istediklerini belirten \u015eahan, <em>\u201cDaha iyi bir d\u00fcnya i\u00e7in <strong>her zaman ileriye do\u011fru<\/strong> bir yol oldu\u011funa inan\u0131yoruz. <strong>Enerji sekt\u00f6r\u00fc<\/strong> de dahil, i\u015f hayat\u0131nda kad\u0131nlar\u0131n s\u0131kl\u0131kla ya\u015fad\u0131klar\u0131 <strong>cam tavan sendromu<\/strong>nun \u00f6n\u00fcne ge\u00e7mek i\u00e7in yapacaklar\u0131m\u0131z var. <strong>Bi\u2019\u015fey Olmal\u0131<\/strong> sosyal etki platformumuz ile kad\u0131nlar\u0131n, kendi i\u00e7indeki potansiyelle tan\u0131\u015fmalar\u0131n\u0131 sa\u011flamay\u0131 hedefliyoruz. <strong>Toplumsal cinsiyet e\u015fitli\u011fi<\/strong> anlay\u0131\u015f\u0131yla ba\u015flatt\u0131\u011f\u0131m\u0131z projemizden heyecan duyuyoruz\u201d<\/em> dedi.<\/p>\n<p><em>Akk\u00f6k Holding Y\u00f6netim Kurulu \u00dcyesi, Enerjiden Sorumlu \u0130cra Kurulu \u00dcyesi ve CFO\u2019su<\/em> <strong>\u00d6zlem Ata\u00fcnal<\/strong> ise<strong> kad\u0131nlar\u0131n zorluklarla ba\u015fa \u00e7\u0131kma yollar\u0131n\u0131<\/strong> \u00f6\u011frenmelerinin enerji sekt\u00f6r\u00fcn\u00fcn gelece\u011fini olumlu etkileyece\u011fini s\u00f6yledi. <strong>Kad\u0131n Enerjisi<\/strong>\u2019ni t\u00fcm <strong>T\u00fcrkiye\u2019ye<\/strong> yans\u0131tmay\u0131 hedeflediklerini kaydeden Ata\u00fcnal, projenin <strong>Akk\u00f6k Holding<\/strong> enerji grubu \u015firketlerindeki kad\u0131n \u00e7al\u0131\u015fanlar aras\u0131nda ilgiyle kar\u015f\u0131land\u0131\u011f\u0131n\u0131 dile getirdi.<\/p>","protected":false},"excerpt":{"rendered":"<p>Sorry, this entry is only available in Turkish. For the sake of viewer convenience, the content is shown below in the alternative language. You may click the link to switch the active language. Akk\u00f6k Holding enerji grup \u015firketlerinin ortakla\u015fa ba\u015flatt\u0131\u011f\u0131 Kad\u0131n Enerjisi projesi b\u00fcnyesinde, Sepa\u015f Enerji taraf\u0131ndan Bi\u2019\u015fey Olmal\u0131 sosyal etki platformu kuruldu. Platform kapsam\u0131ndaki [&hellip;]<\/p>\n","protected":false},"author":1,"featured_media":148429,"comment_status":"open","ping_status":"open","sticky":false,"template":"","format":"standard","meta":[],"categories":[51,53],"tags":[3762,21991,99553,97903,2444,21296,50858],"views":133,"_links":{"self":[{"href":"https:\/\/www.enerjigazetesi.ist\/en\/wp-json\/wp\/v2\/posts\/148426"}],"collection":[{"href":"https:\/\/www.enerjigazetesi.ist\/en\/wp-json\/wp\/v2\/posts"}],"about":[{"href":"https:\/\/www.enerjigazetesi.ist\/en\/wp-json\/wp\/v2\/types\/post"}],"author":[{"embeddable":true,"href":"https:\/\/www.enerjigazetesi.ist\/en\/wp-json\/wp\/v2\/users\/1"}],"replies":[{"embeddable":true,"href":"https:\/\/www.enerjigazetesi.ist\/en\/wp-json\/wp\/v2\/comments?post=148426"}],"version-history":[{"count":0,"href":"https:\/\/www.enerjigazetesi.ist\/en\/wp-json\/wp\/v2\/posts\/148426\/revisions"}],"wp:featuredmedia":[{"embeddable":true,"href":"https:\/\/www.enerjigazetesi.ist\/en\/wp-json\/wp\/v2\/media\/148429"}],"wp:attachment":[{"href":"https:\/\/www.enerjigazetesi.ist\/en\/wp-json\/wp\/v2\/media?parent=148426"}],"wp:term":[{"taxonomy":"category","embeddable":true,"href":"https:\/\/www.enerjigazetesi.ist\/en\/wp-json\/wp\/v2\/categories?post=148426"},{"taxonomy":"post_tag","embeddable":true,"href":"https:\/\/www.enerjigazetesi.ist\/en\/wp-json\/wp\/v2\/tags?post=148426"}],"curies":[{"name":"wp","href":"https:\/\/api.w.org\/{rel}","templated":true}]}}