{"id":148283,"date":"2021-12-25T18:20:26","date_gmt":"2021-12-25T15:20:26","guid":{"rendered":"https:\/\/www.enerjigazetesi.ist\/?p=148283"},"modified":"2021-12-25T18:22:16","modified_gmt":"2021-12-25T15:22:16","slug":"yedas-ar-ge-projesiyle-bir-ilke-imza-atti","status":"publish","type":"post","link":"https:\/\/www.enerjigazetesi.ist\/en\/yedas-ar-ge-projesiyle-bir-ilke-imza-atti\/","title":{"rendered":"(Turkish) &#8217;YEDA\u015e&#8217; Ar-Ge Projesiyle Bir \u0130lke \u0130mza Att\u0131"},"content":{"rendered":"<p class=\"qtranxs-available-languages-message qtranxs-available-languages-message-en\">Sorry, this entry is only available in <a href=\"https:\/\/www.enerjigazetesi.ist\/tr\/wp-json\/wp\/v2\/posts\/148283\" class=\"qtranxs-available-language-link qtranxs-available-language-link-tr\" title=\"Turkish\">Turkish<\/a>. For the sake of viewer convenience, the content is shown below in the alternative language. You may click the link to switch the active language.<\/p><p><\/p>\n<h2>YEDA\u015e, Yeni Nesil \u00c7ift Aktif \u00c7ekirdekli Transformat\u00f6r Tasar\u0131m\u0131 ile T\u00fcrkiye\u2019de bir ilki ger\u00e7ekle\u015ftirdi.<\/h2>\n<h3>\u015eEBEKEDE \u0130Y\u0130LE\u015eME OLACAK<\/h3>\n<p>Proje kapsam\u0131nda yerli \u00fcretilecek olan<strong> Yeni Nesil Trafo<\/strong>; mevcut da\u011f\u0131t\u0131m \u015febekesinde kullan\u0131lan <strong>da\u011f\u0131t\u0131m transformat\u00f6rlerinden<\/strong> farkl\u0131 olarak <strong>iki ayr\u0131 aktif \u00e7ekirde\u011fe<\/strong> sahip olacakt\u0131r. \u0130lk kez<img loading=\"lazy\" class=\"alignright wp-image-148286\" src=\"https:\/\/www.enerjigazetesi.ist\/wp-content\/uploads\/2021\/12\/yedas-ar-ge-projesiyle-bir-ilke-imza-atti-1.jpg\" alt=\"\" width=\"320\" height=\"222\" srcset=\"https:\/\/www.enerjigazetesi.ist\/wp-content\/uploads\/2021\/12\/yedas-ar-ge-projesiyle-bir-ilke-imza-atti-1.jpg 550w, https:\/\/www.enerjigazetesi.ist\/wp-content\/uploads\/2021\/12\/yedas-ar-ge-projesiyle-bir-ilke-imza-atti-1-300x208.jpg 300w, https:\/\/www.enerjigazetesi.ist\/wp-content\/uploads\/2021\/12\/yedas-ar-ge-projesiyle-bir-ilke-imza-atti-1-500x347.jpg 500w, https:\/\/www.enerjigazetesi.ist\/wp-content\/uploads\/2021\/12\/yedas-ar-ge-projesiyle-bir-ilke-imza-atti-1-72x50.jpg 72w\" sizes=\"(max-width: 320px) 100vw, 320px\" \/> uygulanan tasar\u0131m\u0131yla <strong>Yeni Nesil \u00c7ift Aktif \u00c7ekirdekli Trafo<\/strong>; tar\u0131msal sulaman\u0131n yo\u011fun oldu\u011fu noktalarda, <strong>imara yeni a\u00e7\u0131lan b\u00f6lgelerde, turizm<\/strong> ve <strong>yayla b\u00f6lgelerinde<\/strong> m\u00fc\u015fterilerimizin t\u00fcketti\u011fi y\u00fck durumuna g\u00f6re sadece tek \u00e7ekirdek veya iki \u00e7ekirdek aktif olacak \u015fekilde \u00e7al\u0131\u015farak <strong>da\u011f\u0131t\u0131m \u015febekesinde y\u00fck de\u011fi\u015fiminin dinamik oldu\u011fu<\/strong> zamanlarda<strong> trafo kay\u0131p optimizasyonunu<\/strong> sa\u011flayacakt\u0131r.<\/p>\n<p>B\u00f6ylece y\u0131ll\u0131k trafo kay\u0131plar\u0131ndaki d\u00fc\u015f\u00fc\u015fe ba\u011fl\u0131 olarak <strong>\u015febeke kay\u0131p oran\u0131nda iyile\u015fme<\/strong> meydana gelecektir. Ayr\u0131ca<strong> \u00e7ift aktif \u00e7ekirdekli trafo<\/strong> sayesinde trafolardan (\u00e7ekirdeklerden) herhangi birinin ar\u0131zalanmas\u0131 durumunda<strong> 2. \u00e7ekirdek devreye al\u0131narak<\/strong> tedarik s\u00fcreklili\u011fi sa\u011flanacakt\u0131r.<\/p>\n<h3>AR-GE PROJELER\u0130M\u0130Z DEVAM EDECEK<\/h3>\n<p>Rekabet\u00e7i ko\u015fullarda <strong>\u2018S\u00fcrd\u00fcr\u00fclebilir\u2019 ba\u015far\u0131n\u0131n<\/strong> s\u0131rr\u0131n\u0131<strong> Ar-Ge \u00e7al\u0131\u015fmalar\u0131<\/strong>na verilen \u00f6neme ba\u011flayan YEDA\u015e, <strong>\u2018Teknolojik Yat\u0131r\u0131mlar\u0131n\u0131\u2019<\/strong> h\u0131zl\u0131 bir \u015fekilde sistemine entegre ediyor. <em>YEDA\u015e Da\u011f\u0131t\u0131m Teknolojileri ve Ar-Ge<\/em> M\u00fcd\u00fcr\u00fc<strong> Emrah Ayvaz<\/strong>,<em> \u201c<strong>2021 Temmuz d\u00f6nemi<\/strong>nde <strong>EPDK<\/strong> taraf\u0131ndan onaylanan <strong>\u2018\u2019Yeni Nesil \u00c7ift Aktif \u00c7ekirdekli Transformat\u00f6r Tasar\u0131m\u0131 ile Verimlili\u011fin Art\u0131r\u0131lmas\u0131 ve Uygulamas\u0131\u201d<\/strong> Ar-Ge Projemiz ile Trafo <strong>\u00e7al\u0131\u015fma verimlili\u011fi<\/strong> artt\u0131r\u0131larak milli ekonomiye katk\u0131da bulunuyoruz. <strong>\u0130novasyon<\/strong> <strong>hedefli<\/strong> projelerimizi hayata ge\u00e7irerek, teknolojik yat\u0131r\u0131mlar\u0131m\u0131z\u0131 s\u00fcrd\u00fcr\u00fcyoruz. T\u00fcm \u00e7al\u0131\u015fmalar\u0131m\u0131zda <strong>s\u00fcrd\u00fcr\u00fclebilir, kaliteli enerji ve kesintisiz hizmet<\/strong> misyonunu ama\u00e7l\u0131yoruz. <strong>Ar-Ge projeleri<\/strong>mizde yerli kaynaklarla geli\u015ftirdi\u011fimiz <strong>\u00fcr\u00fcn<\/strong> ve <strong>hizmet kalitemiz<\/strong> ile <strong>m\u00fc\u015fteri memnuniyeti<\/strong> \u00f6nceli\u011fimizdir\u201d<\/em> ifadelerini kulland\u0131.<\/p>","protected":false},"excerpt":{"rendered":"<p>Sorry, this entry is only available in Turkish. For the sake of viewer convenience, the content is shown below in the alternative language. You may click the link to switch the active language. YEDA\u015e, Yeni Nesil \u00c7ift Aktif \u00c7ekirdekli Transformat\u00f6r Tasar\u0131m\u0131 ile T\u00fcrkiye\u2019de bir ilki ger\u00e7ekle\u015ftirdi. \u015eEBEKEDE \u0130Y\u0130LE\u015eME OLACAK Proje kapsam\u0131nda yerli \u00fcretilecek olan Yeni [&hellip;]<\/p>\n","protected":false},"author":1,"featured_media":148287,"comment_status":"open","ping_status":"open","sticky":false,"template":"","format":"standard","meta":[],"categories":[51,53],"tags":[11683,21112,26353,99661,9138,99660,99659],"views":220,"_links":{"self":[{"href":"https:\/\/www.enerjigazetesi.ist\/en\/wp-json\/wp\/v2\/posts\/148283"}],"collection":[{"href":"https:\/\/www.enerjigazetesi.ist\/en\/wp-json\/wp\/v2\/posts"}],"about":[{"href":"https:\/\/www.enerjigazetesi.ist\/en\/wp-json\/wp\/v2\/types\/post"}],"author":[{"embeddable":true,"href":"https:\/\/www.enerjigazetesi.ist\/en\/wp-json\/wp\/v2\/users\/1"}],"replies":[{"embeddable":true,"href":"https:\/\/www.enerjigazetesi.ist\/en\/wp-json\/wp\/v2\/comments?post=148283"}],"version-history":[{"count":0,"href":"https:\/\/www.enerjigazetesi.ist\/en\/wp-json\/wp\/v2\/posts\/148283\/revisions"}],"wp:featuredmedia":[{"embeddable":true,"href":"https:\/\/www.enerjigazetesi.ist\/en\/wp-json\/wp\/v2\/media\/148287"}],"wp:attachment":[{"href":"https:\/\/www.enerjigazetesi.ist\/en\/wp-json\/wp\/v2\/media?parent=148283"}],"wp:term":[{"taxonomy":"category","embeddable":true,"href":"https:\/\/www.enerjigazetesi.ist\/en\/wp-json\/wp\/v2\/categories?post=148283"},{"taxonomy":"post_tag","embeddable":true,"href":"https:\/\/www.enerjigazetesi.ist\/en\/wp-json\/wp\/v2\/tags?post=148283"}],"curies":[{"name":"wp","href":"https:\/\/api.w.org\/{rel}","templated":true}]}}