{"id":14827,"date":"2013-09-03T17:15:04","date_gmt":"2013-09-03T14:15:04","guid":{"rendered":"https:\/\/www.enerjigazetesi.ist\/?p=14827"},"modified":"2013-09-03T17:15:04","modified_gmt":"2013-09-03T14:15:04","slug":"erciyas-kavakli-ruzgar-santralinde-vestasin-turbinlerini-kullanacak","status":"publish","type":"post","link":"https:\/\/www.enerjigazetesi.ist\/en\/erciyas-kavakli-ruzgar-santralinde-vestasin-turbinlerini-kullanacak\/","title":{"rendered":"(Turkish) Erciyas, Kavakl\u0131 R\u00fczgar Santrali`nde Vestas`\u0131n T\u00fcrbinlerini Kullanacak"},"content":{"rendered":"<p class=\"qtranxs-available-languages-message qtranxs-available-languages-message-en\">Sorry, this entry is only available in <a href=\"https:\/\/www.enerjigazetesi.ist\/tr\/wp-json\/wp\/v2\/posts\/14827\" class=\"qtranxs-available-language-link qtranxs-available-language-link-tr\" title=\"Turkish\">Turkish<\/a>. For the sake of viewer convenience, the content is shown below in the alternative language. You may click the link to switch the active language.<\/p><p><strong>Vestas T\u00fcrkiye, V112-3.3 MW t\u00fcrbinleri i\u00e7in 52 MW\u2019l\u0131k ilk sipari\u015fini ald\u0131. T\u00fcrbinler, Erciyas Boru`nun 52 MW`lik Kavakl\u0131 RES projesinde kullan\u0131lacak. T\u00fcrkiye\u2019nin \u00f6nde gelen \u00e7elik hat boru \u00fcretici ve ihracat\u00e7\u0131lar\u0131ndan Erciyas \u00c7elik Boru A\u015e, 16 \u00fcnite V112-3.3 MW r\u00fczgar t\u00fcrbinlerinden olu\u015facak r\u00fczgar enerjisi santrali i\u00e7in Vestas ile anla\u015fma imzalad\u0131. Erciyas \u00c7elik Boru A\u015e\u2019nin ilk r\u00fczgar enerjisi santralinde t\u00fcrbin kurulumu, 2014 y\u0131l\u0131n\u0131n ilk \u00e7eyre\u011finde ba\u015flayacak.<\/strong><\/p>\n<p><strong>2014 \u0130LK \u00c7EYREKTE DEVREDE<\/strong><br \/>\n52 MW kurulu g\u00fcce sahip Kavakl\u0131 R\u00fczgar Enerjisi Santrali, Bal\u0131kesir\u2019de hayata ge\u00e7ecek. S\u00f6zle\u015fme, t\u00fcrbin tedari\u011fi, t\u00fcrbinlerin sahada montaj\u0131n\u0131n devreye al\u0131m\u0131 ile 5 y\u0131ll\u0131k Active Output Management (AOM) servis ve emre amadelik hizmetini kaps\u0131yor. Kavakl\u0131 R\u00fczgar Enerjisi Santrali i\u00e7in t\u00fcrbin sevkiyat\u0131n\u0131n 2014 y\u0131l\u0131n\u0131n ilk \u00e7eyre\u011finde ger\u00e7ekle\u015fmesi ve projenin 2014 y\u0131l\u0131n\u0131n ikinci \u00e7eyre\u011finde tamamlanmas\u0131 bekleniyor.<\/p>\n<p><strong>ERC\u0130YAS: HEYECANLIYIZ<\/strong><br \/>\nErciyas \u00c7elik Boru A\u015e Y\u00f6netim Kurulu Ba\u015fkan Vekili Emre Erciyas, konuya ili\u015fkin yapt\u0131\u011f\u0131 a\u00e7\u0131klamada, &#8220;\u0130lk r\u00fc<a href=\"https:\/\/www.enerjigazetesi.ist\/wp-content\/uploads\/2013\/09\/erciyas-kavakli-ruzgar-santralinde-vestasin-turbin-lerini-kullanacak.jpg\"><img loading=\"lazy\" class=\"alignright size-medium wp-image-14828\" title=\"erciyas-kavakli-ruzgar-santralinde-vestasin-turbin-lerini-kullanacak\" src=\"https:\/\/www.enerjigazetesi.ist\/wp-content\/uploads\/2013\/09\/erciyas-kavakli-ruzgar-santralinde-vestasin-turbin-lerini-kullanacak-300x221.jpg\" alt=\"\" width=\"300\" height=\"221\" srcset=\"https:\/\/www.enerjigazetesi.ist\/wp-content\/uploads\/2013\/09\/erciyas-kavakli-ruzgar-santralinde-vestasin-turbin-lerini-kullanacak-300x221.jpg 300w, https:\/\/www.enerjigazetesi.ist\/wp-content\/uploads\/2013\/09\/erciyas-kavakli-ruzgar-santralinde-vestasin-turbin-lerini-kullanacak-67x50.jpg 67w, https:\/\/www.enerjigazetesi.ist\/wp-content\/uploads\/2013\/09\/erciyas-kavakli-ruzgar-santralinde-vestasin-turbin-lerini-kullanacak.jpg 400w\" sizes=\"(max-width: 300px) 100vw, 300px\" \/><\/a>zgar enerjisi projemiz olan Kavakl\u0131 R\u00fczgar Enerjisi Santrali i\u00e7in heyecanl\u0131y\u0131z&#8221; dedi. Vestas\u2019\u0131n V112-3.3 MW r\u00fczgar t\u00fcrbininin beklentilerini kar\u015f\u0131lad\u0131\u011f\u0131n\u0131 belirten Erciyas, &#8220;Vestas\u2019\u0131n en yeni \u00fcr\u00fcnlerinden olan t\u00fcrbinlerle ilk r\u00fczgar enerjisi santralimizi kurmaktan gurur duyuyoruz&#8221; diye konu\u015ftu.<\/p>\n<p><strong>ERC\u0130YAS`IN TERC\u0130H\u0130 VESTAS`I DO\u011eRULUYOR<\/strong><br \/>\nVestas R\u00fczgar Sistemleri A\/S Sat\u0131\u015f Ba\u015fkan\u0131 Juan Araluce de &#8220;R\u00fczgar enerjisi sekt\u00f6r\u00fcne yeni ad\u0131m atan Erciyas \u00c7elik Boru A\u015e taraf\u0131ndan r\u00fczgar t\u00fcrbini ve servis tedarik\u00e7isi olarak se\u00e7ilmek, r\u00fczgar enerjisinin geli\u015fimine olan ba\u011fl\u0131l\u0131\u011f\u0131m\u0131z\u0131n kar\u015f\u0131l\u0131\u011f\u0131d\u0131r&#8221; dedi. Erciyas`\u0131n tercihinin, Vestas\u2019\u0131n en d\u00fc\u015f\u00fck enerji maliyeti ve s\u00fcrekli performans iddias\u0131n\u0131 kan\u0131tlad\u0131\u011f\u0131n\u0131 ifade eden Araluce, T\u00fcrkiye\u2019nin yeni r\u00fczgar enerjisi projelerini hayata ge\u00e7irmeye talip olduklar\u0131n\u0131 da vurgulad\u0131.<\/p>\n<p><strong>VER\u0130ML\u0130 \u00dcRET\u0130M HEDEF\u0130<\/strong><br \/>\nVestas T\u00fcrkiye Genel M\u00fcd\u00fcr\u00fc Olcayto Yi\u011fit ise Erciyas \u00c7elik Boru A\u015e\u2019nin T\u00fcrkiye\u2019nin yenilenebilir enerji kaynaklar\u0131 hedefine ula\u015fmas\u0131nda verdi\u011fi destek ve ilgiyi memnuniyetle kar\u015f\u0131lad\u0131klar\u0131n\u0131 belirtti. Yi\u011fit, pazara yeni sunduklar\u0131 V112-3.3 MW r\u00fczgar t\u00fcrbinininin en verimli \u015fekilde r\u00fczgar enerjisi \u00fcretece\u011fine inand\u0131klar\u0131n\u0131 kaydetti.<\/p>\n<p><strong>YILDA 390 B\u0130N EV\u0130N T\u00dcKET\u0130M\u0130<\/strong><br \/>\nKavakl\u0131 R\u00fczgar Enerjisi Santrali\u2019nin y\u0131lda 193 bin MWs enerji \u00fcretmesi bekleniyor. Bu da y\u0131ll\u0131k 95 bin ton karbondioksit emisyonu tasarrufuna e\u015fit. Kavakl\u0131 RES Projesi, T\u00fcrkiye\u2019de 390 binden fazla ki\u015finin evi\u00e7i elektrik t\u00fcketimini sa\u011flayacak.<\/p>\n<p>Kavakl\u0131 RES projesinin sahibi Erciyas \u00c7elik Boru A\u015e, T\u00fcrkiye\u2019nin \u00f6nde gelen \u00e7elik hat borusu \u00fcreticilerinden ve ihracat\u00e7\u0131lar\u0131ndan birisi konumunda. Bug\u00fcn, 450 bin ton \u00fcretim kapasitesine sahip olan Erciyas \u00c7elik Boru, petrol, do\u011fal gaz, su ve kaz\u0131k borular\u0131 \u00fcretiyor.<\/p>\n<p>Kaynak: <a href=\"http:\/\/enerjigunlugu.net\/erciyas-kavakli-ruzgar-santralinde-vestasin-turbin_4766.html\" target=\"_blank\">Enerji G\u00fcnl\u00fc\u011f\u00fc<\/a><\/p>","protected":false},"excerpt":{"rendered":"<p>Sorry, this entry is only available in Turkish. For the sake of viewer convenience, the content is shown below in the alternative language. You may click the link to switch the active language.Vestas T\u00fcrkiye, V112-3.3 MW t\u00fcrbinleri i\u00e7in 52 MW\u2019l\u0131k ilk sipari\u015fini ald\u0131. T\u00fcrbinler, Erciyas Boru`nun 52 MW`lik Kavakl\u0131 RES projesinde kullan\u0131lacak. T\u00fcrkiye\u2019nin \u00f6nde gelen [&hellip;]<\/p>\n","protected":false},"author":1,"featured_media":14828,"comment_status":"open","ping_status":"open","sticky":false,"template":"","format":"standard","meta":[],"categories":[53,50],"tags":[63,67,1009,165,8234,8235,474,69,16,231,324,8236,8233,5844],"views":1376,"_links":{"self":[{"href":"https:\/\/www.enerjigazetesi.ist\/en\/wp-json\/wp\/v2\/posts\/14827"}],"collection":[{"href":"https:\/\/www.enerjigazetesi.ist\/en\/wp-json\/wp\/v2\/posts"}],"about":[{"href":"https:\/\/www.enerjigazetesi.ist\/en\/wp-json\/wp\/v2\/types\/post"}],"author":[{"embeddable":true,"href":"https:\/\/www.enerjigazetesi.ist\/en\/wp-json\/wp\/v2\/users\/1"}],"replies":[{"embeddable":true,"href":"https:\/\/www.enerjigazetesi.ist\/en\/wp-json\/wp\/v2\/comments?post=14827"}],"version-history":[{"count":1,"href":"https:\/\/www.enerjigazetesi.ist\/en\/wp-json\/wp\/v2\/posts\/14827\/revisions"}],"predecessor-version":[{"id":14829,"href":"https:\/\/www.enerjigazetesi.ist\/en\/wp-json\/wp\/v2\/posts\/14827\/revisions\/14829"}],"wp:featuredmedia":[{"embeddable":true,"href":"https:\/\/www.enerjigazetesi.ist\/en\/wp-json\/wp\/v2\/media\/14828"}],"wp:attachment":[{"href":"https:\/\/www.enerjigazetesi.ist\/en\/wp-json\/wp\/v2\/media?parent=14827"}],"wp:term":[{"taxonomy":"category","embeddable":true,"href":"https:\/\/www.enerjigazetesi.ist\/en\/wp-json\/wp\/v2\/categories?post=14827"},{"taxonomy":"post_tag","embeddable":true,"href":"https:\/\/www.enerjigazetesi.ist\/en\/wp-json\/wp\/v2\/tags?post=14827"}],"curies":[{"name":"wp","href":"https:\/\/api.w.org\/{rel}","templated":true}]}}