{"id":148258,"date":"2021-12-24T15:11:40","date_gmt":"2021-12-24T12:11:40","guid":{"rendered":"https:\/\/www.enerjigazetesi.ist\/?p=148258"},"modified":"2021-12-24T15:19:21","modified_gmt":"2021-12-24T12:19:21","slug":"tedas-tan-yasanan-elektrik-kesintilerine-yonelik-basin-aciklamasi","status":"publish","type":"post","link":"https:\/\/www.enerjigazetesi.ist\/en\/tedas-tan-yasanan-elektrik-kesintilerine-yonelik-basin-aciklamasi\/","title":{"rendered":"(Turkish) TEDA\u015e&#8217;tan Ya\u015fanan Elektrik Kesintilerine Y\u00f6nelik A\u00e7\u0131klama!"},"content":{"rendered":"<p class=\"qtranxs-available-languages-message qtranxs-available-languages-message-en\">Sorry, this entry is only available in <a href=\"https:\/\/www.enerjigazetesi.ist\/tr\/wp-json\/wp\/v2\/posts\/148258\" class=\"qtranxs-available-language-link qtranxs-available-language-link-tr\" title=\"Turkish\">Turkish<\/a>. For the sake of viewer convenience, the content is shown below in the alternative language. You may click the link to switch the active language.<\/p><p><\/p>\n<h2><strong>TEDA\u015e Genel M\u00fcd\u00fcr Yard\u0131mc\u0131s\u0131 Mahmut Ya\u011f\u0131z, Zonguldak\u2019\u0131n baz\u0131 k\u00f6ylerinde yo\u011fun kar ya\u011f\u0131\u015f\u0131 ve olumsuz hava ko\u015fullar\u0131 nedeniyle ya\u015fanan elektrik kesintileri sonras\u0131 b\u00f6lgeye gitti. Enerji ve Tabii Kaynaklar Bakanl\u0131\u011f\u0131n\u0131 temsilen Zonguldak Valisi Mustafa Tutulmaz\u2019\u0131 ziyaret eden Ya\u011f\u0131z, Ba\u015fkent EDA\u015e ar\u0131za koordinasyon merkezinde da\u011f\u0131t\u0131m \u015firketi yetkilileriyle de bir araya gelerek yap\u0131lan \u00e7al\u0131\u015fmalar\u0131 yerinde inceledi.<\/strong><\/h2>\n<p><strong><img loading=\"lazy\" class=\"alignright wp-image-148260\" src=\"https:\/\/www.enerjigazetesi.ist\/wp-content\/uploads\/2021\/12\/tedas-tan-yasanan-elektrik-kesintilerine-yonelik-basin-aciklamasi-2.jpg\" alt=\"\" width=\"320\" height=\"243\" srcset=\"https:\/\/www.enerjigazetesi.ist\/wp-content\/uploads\/2021\/12\/tedas-tan-yasanan-elektrik-kesintilerine-yonelik-basin-aciklamasi-2.jpg 550w, https:\/\/www.enerjigazetesi.ist\/wp-content\/uploads\/2021\/12\/tedas-tan-yasanan-elektrik-kesintilerine-yonelik-basin-aciklamasi-2-300x227.jpg 300w, https:\/\/www.enerjigazetesi.ist\/wp-content\/uploads\/2021\/12\/tedas-tan-yasanan-elektrik-kesintilerine-yonelik-basin-aciklamasi-2-500x379.jpg 500w, https:\/\/www.enerjigazetesi.ist\/wp-content\/uploads\/2021\/12\/tedas-tan-yasanan-elektrik-kesintilerine-yonelik-basin-aciklamasi-2-66x50.jpg 66w\" sizes=\"(max-width: 320px) 100vw, 320px\" \/>T\u00fcrkiye Elektrik Da\u011f\u0131t\u0131m A.\u015e (TEDA\u015e)<\/strong> Genel M\u00fcd\u00fcr Yard\u0131mc\u0131s\u0131 <strong>Mahmut Ya\u011f\u0131z<\/strong>, Enerji ve Tabii Kaynaklar Bakanl\u0131\u011f\u0131n\u0131n talimat\u0131yla TEDA\u015e 6\u2019nc\u0131 B\u00f6lge M\u00fcd\u00fcr\u00fc<strong> Cengiz Yeler<\/strong> ve beraberindeki bir heyetle birlikte <strong>Zonguldak<\/strong>\u2019a gitti. Ya\u011f\u0131z, <strong>Ba\u015fkent Elektrik Da\u011f\u0131t\u0131m A.\u015e. (Ba\u015fkent EDA\u015e)<\/strong> sorumluluk alan\u0131nda bulunan <strong>Zonguldak\u2019taki baz\u0131 k\u00f6ylerde<\/strong> yo\u011fun kar ya\u011f\u0131\u015f\u0131 ve olumsuz hava ko\u015fullar\u0131 nedeniyle <strong>ya\u015fanan elektrik kesintileri<\/strong> ile ilgili olarak b\u00f6lgedeki yetkililerden bilgi alarak, yap\u0131lan \u00e7al\u0131\u015fmalar\u0131 yerinde inceledi.<\/p>\n<h3><strong>Vali Tutulmaz\u2019a Te\u015fekk\u00fcr<\/strong><\/h3>\n<p><em>Zonguldak Valisi<\/em> <strong>Mustafa Tutulmaz<\/strong>\u2019\u0131 makam\u0131nda ziyaret eden Ya\u011f\u0131z ve beraberindeki heyet, Vali Tutulmaz\u2019dan <strong>b\u00f6lgede ya\u015fanan sorunlar<\/strong> hakk\u0131nda bilgi ald\u0131. G\u00f6r\u00fc\u015fme sonras\u0131 a\u00e7\u0131klamalarda bulunan Ya\u011f\u0131z, sorunlar\u0131n \u00e7\u00f6z\u00fcm\u00fcne y\u00f6nelik yap\u0131lan \u00e7al\u0131\u015fmalara verdi\u011fi destekler dolay\u0131s\u0131yla <strong>Vali Tutulmaz<\/strong>\u2019a<strong> te\u015fekk\u00fcr etti.<\/strong><\/p>\n<p>Ya\u011f\u0131z, <em>\u201cB\u00f6lgede <strong>olumsuz hava ko\u015fullar\u0131 nedeniyle<\/strong> ya\u015fanan <strong>elektrik kesintileri<\/strong> hakk\u0131nda bilgi almak ve \u00e7al\u0131\u015fmalar\u0131 yerinde incelemek i\u00e7in <strong>Enerji ve Tabii Kaynaklar Bakanl\u0131\u011f\u0131<\/strong>&#8216;n\u0131n talimat\u0131yla burada bulunuyoruz. Say\u0131n Valimizi ziyaret ederek kendisinden ya\u015fanan sorunlar hakk\u0131nda bilgiler ald\u0131k. Say\u0131n Valimiz, <strong>kesintilerin sona erdirilmesi<\/strong> noktas\u0131nda her t\u00fcrl\u00fc deste\u011fi veriyor. Kendisine \u00e7ok te\u015fekk\u00fcr ediyorum\u201d <\/em>dedi.<\/p>\n<h3><strong>Ba\u015fkent EDA\u015e Yetkilileriyle Bulu\u015ftu<\/strong><\/h3>\n<p>Sahada yap\u0131lan \u00e7al\u0131\u015fmalar\u0131 yerinde inceleyen Ya\u011f\u0131z, <strong>sorunlar\u0131n \u00e7\u00f6z\u00fcm\u00fc<\/strong> ve vatanda\u015flar\u0131n bir daha <strong>ayn\u0131 s\u0131k\u0131nt\u0131y\u0131 ya\u015famamas\u0131<\/strong> i\u00e7in gerekli \u00f6nlemlerin al\u0131nmas\u0131 ad\u0131na, b\u00f6lgede <strong>elektrik da\u011f\u0131t\u0131m\u0131ndan<\/strong> sorumlu olan <strong>Ba\u015fkent EDA\u015e<\/strong>\u2019\u0131n ar\u0131za koordinasyon merkezinde,<strong> da\u011f\u0131t\u0131m \u015firketi yetkilileriyle<\/strong> bir araya geldi. Ya\u011f\u0131z, <em>\u201cB\u00f6lgede elektrik da\u011f\u0131t\u0131m\u0131yla ilgili sorunlar\u0131n\u0131n<strong> h\u0131zl\u0131 tespiti, \u00e7\u00f6z\u00fcm\u00fc<\/strong> ve<strong> birimler aras\u0131nda yap\u0131lacak<\/strong> i\u015f birli\u011fi hakk\u0131nda g\u00f6r\u00fc\u015f al\u0131\u015fveri\u015finde bulunduk\u201d <\/em>dedi.<\/p>\n<h3><strong>Diyalo\u011fa A\u00e7\u0131\u011f\u0131z<\/strong><\/h3>\n<p><strong>Elektrik da\u011f\u0131t\u0131m\u0131&#8217;<\/strong>n\u0131n kesintisiz bir \u015fekilde <strong>s\u00fcrd\u00fcr\u00fclebilirli\u011fi yakla\u015f\u0131m\u0131n\u0131n<\/strong> kendileri i\u00e7in en \u00f6nemli hedef oldu\u011funu belirten Ya\u011f\u0131z, <em>\u201cBu a\u00e7\u0131dan b\u00f6lgede ya\u015fanan ve ya\u015fanabilecek sorunlar\u0131n h<strong>\u0131zl\u0131 bir \u015fekilde \u00e7\u00f6z\u00fcme kavu\u015fturulmas\u0131<\/strong> konusunda<strong> her t\u00fcrl\u00fc diyalo\u011fa a\u00e7\u0131\u011f\u0131z<\/strong>\u201d<\/em> \u015feklinde konu\u015ftu.<\/p>\n<p style=\"text-align: left;\"><strong>TEDA\u015e GENEL M\u00dcD\u00dcRL\u00dc\u011e\u00dc &#8211; <\/strong><strong>Bas\u0131n ve Halkla \u0130li\u015fkiler M\u00fc\u015favirli\u011fi<\/strong><\/p>\n<p><\/p>","protected":false},"excerpt":{"rendered":"<p>Sorry, this entry is only available in Turkish. For the sake of viewer convenience, the content is shown below in the alternative language. You may click the link to switch the active language. TEDA\u015e Genel M\u00fcd\u00fcr Yard\u0131mc\u0131s\u0131 Mahmut Ya\u011f\u0131z, Zonguldak\u2019\u0131n baz\u0131 k\u00f6ylerinde yo\u011fun kar ya\u011f\u0131\u015f\u0131 ve olumsuz hava ko\u015fullar\u0131 nedeniyle ya\u015fanan elektrik kesintileri sonras\u0131 b\u00f6lgeye [&hellip;]<\/p>\n","protected":false},"author":1,"featured_media":148261,"comment_status":"open","ping_status":"open","sticky":false,"template":"","format":"standard","meta":[],"categories":[51,53],"tags":[19261,11276,32646,99654,64642,67892,99655,85534,93279],"views":176,"_links":{"self":[{"href":"https:\/\/www.enerjigazetesi.ist\/en\/wp-json\/wp\/v2\/posts\/148258"}],"collection":[{"href":"https:\/\/www.enerjigazetesi.ist\/en\/wp-json\/wp\/v2\/posts"}],"about":[{"href":"https:\/\/www.enerjigazetesi.ist\/en\/wp-json\/wp\/v2\/types\/post"}],"author":[{"embeddable":true,"href":"https:\/\/www.enerjigazetesi.ist\/en\/wp-json\/wp\/v2\/users\/1"}],"replies":[{"embeddable":true,"href":"https:\/\/www.enerjigazetesi.ist\/en\/wp-json\/wp\/v2\/comments?post=148258"}],"version-history":[{"count":0,"href":"https:\/\/www.enerjigazetesi.ist\/en\/wp-json\/wp\/v2\/posts\/148258\/revisions"}],"wp:featuredmedia":[{"embeddable":true,"href":"https:\/\/www.enerjigazetesi.ist\/en\/wp-json\/wp\/v2\/media\/148261"}],"wp:attachment":[{"href":"https:\/\/www.enerjigazetesi.ist\/en\/wp-json\/wp\/v2\/media?parent=148258"}],"wp:term":[{"taxonomy":"category","embeddable":true,"href":"https:\/\/www.enerjigazetesi.ist\/en\/wp-json\/wp\/v2\/categories?post=148258"},{"taxonomy":"post_tag","embeddable":true,"href":"https:\/\/www.enerjigazetesi.ist\/en\/wp-json\/wp\/v2\/tags?post=148258"}],"curies":[{"name":"wp","href":"https:\/\/api.w.org\/{rel}","templated":true}]}}