{"id":148132,"date":"2021-12-22T15:13:40","date_gmt":"2021-12-22T12:13:40","guid":{"rendered":"https:\/\/www.enerjigazetesi.ist\/?p=148132"},"modified":"2021-12-22T15:14:58","modified_gmt":"2021-12-22T12:14:58","slug":"arter-arastirma-programi-nin-2-inci-donem-kitabi-re-aap_2020-yayinda","status":"publish","type":"post","link":"https:\/\/www.enerjigazetesi.ist\/en\/arter-arastirma-programi-nin-2-inci-donem-kitabi-re-aap_2020-yayinda\/","title":{"rendered":"(Turkish) Arter Ara\u015ft\u0131rma Prog.\u2019n\u0131n 2. D\u00f6nem Kitab\u0131 &#8216;Re: [Aap_2020]&#8217; Yay\u0131nda!"},"content":{"rendered":"<p class=\"qtranxs-available-languages-message qtranxs-available-languages-message-en\">Sorry, this entry is only available in <a href=\"https:\/\/www.enerjigazetesi.ist\/tr\/wp-json\/wp\/v2\/posts\/148132\" class=\"qtranxs-available-language-link qtranxs-available-language-link-tr\" title=\"Turkish\">Turkish<\/a>. For the sake of viewer convenience, the content is shown below in the alternative language. You may click the link to switch the active language.<\/p><p><\/p>\n<h2><strong>\u00c7a\u011fda\u015f sanat alan\u0131nda \u00e7al\u0131\u015fan k\u00fclt\u00fcr \u00fcreticilerinin ara\u015ft\u0131rma y\u00f6ntemlerini, bak\u0131\u015f a\u00e7\u0131lar\u0131n\u0131 ve ifade bi\u00e7imlerini geli\u015ftirmelerine destek olmay\u0131 ama\u00e7layan Arter Ara\u015ft\u0131rma Program\u0131\u2019n\u0131n 2&#8217;inci d\u00f6nemi <\/strong><strong>\u00e7er\u00e7evesinde \u00fcretilen <em>Re: [aap_20<\/em><\/strong><strong><em>20<\/em><\/strong><strong><em>]<\/em><\/strong><strong> ba\u015fl\u0131kl\u0131 yay\u0131n, <\/strong><strong>Arter Yay\u0131nlar\u0131 arac\u0131l\u0131\u011f\u0131yla okurlarla bulu\u015ftu. K<\/strong><strong>at\u0131l\u0131mc\u0131lar\u0131n bireysel ara\u015ft\u0131rmalar\u0131n\u0131n ve <\/strong><strong>programda <\/strong><strong>ya\u015fanan kolektif deneyimin izini <\/strong><strong>s\u00fcren <\/strong><strong><em><a href=\"https:\/\/www.arter.org.tr\/yayinlar\/Re-aap-2020_1\">Re: [aap_2020]<\/a><\/em><\/strong><strong>, ismini program s\u00fcresince ileti\u015fim i\u00e7in <\/strong><strong>kullan\u0131lan<\/strong><strong> e-posta grubundan al\u0131yor.<\/strong><\/h2>\n<p><strong>Arter \u00d6\u011frenme Program\u0131 <\/strong>kapsam\u0131nda hayata ge\u00e7irilen <strong>Arter Ara\u015ft\u0131rma Program\u0131<\/strong>, <strong>\u00e7a\u011fda\u015f sanat<\/strong> alan\u0131nda \u00e7al\u0131\u015fan k\u00fclt\u00fcr \u00fcreticilerinin faaliyet alanlar\u0131na dair <strong>ara\u015ft\u0131rma y\u00f6ntemlerini, bak\u0131\u015f a\u00e7\u0131lar\u0131n\u0131<\/strong> ve <strong>ifade bi\u00e7imlerini<\/strong> geli\u015ftirmelerine destek olmay\u0131 ama\u00e7l\u0131yor. S\u00fcre\u00e7 odakl\u0131 bir yap\u0131ya sahip olan\u00a0 program, kat\u0131l\u0131mc\u0131lar\u0131n ve program y\u00fcr\u00fct\u00fcc\u00fclerinin i\u015fbirli\u011fiyle \u015fekillendiriliyor.<\/p>\n<p><strong><em><img loading=\"lazy\" class=\"alignright wp-image-148134\" src=\"https:\/\/www.enerjigazetesi.ist\/wp-content\/uploads\/2021\/12\/arter-arastirma-programi-nin-2-inci-donem-kitabi-re-aap_2020-yayinda-2.jpg\" alt=\"\" width=\"320\" height=\"212\" srcset=\"https:\/\/www.enerjigazetesi.ist\/wp-content\/uploads\/2021\/12\/arter-arastirma-programi-nin-2-inci-donem-kitabi-re-aap_2020-yayinda-2.jpg 399w, https:\/\/www.enerjigazetesi.ist\/wp-content\/uploads\/2021\/12\/arter-arastirma-programi-nin-2-inci-donem-kitabi-re-aap_2020-yayinda-2-300x198.jpg 300w, https:\/\/www.enerjigazetesi.ist\/wp-content\/uploads\/2021\/12\/arter-arastirma-programi-nin-2-inci-donem-kitabi-re-aap_2020-yayinda-2-76x50.jpg 76w\" sizes=\"(max-width: 320px) 100vw, 320px\" \/>Re: [aap_2020]<\/em><\/strong> ba\u015fl\u0131kl\u0131 kitap, <strong>Arter Ara\u015ft\u0131rma Program\u0131<\/strong>\u2019n\u0131n <strong>Ekim 2020\u2013May\u0131s 2021<\/strong> tarihleri aras\u0131nda ger\u00e7ekle\u015fen <strong>2&#8217;inci d\u00f6nem \u00e7al\u0131\u015fmalar\u0131<\/strong> kapsam\u0131nda \u00fcretildi. Kitab\u0131n i\u00e7eri\u011fi, programa kat\u0131lan <strong>Kerem Altaylar, Eylem Ejder, Nejbir Erkol, Alev Ersan, Furkan \u00d6ztekin, palimpsest (Larissa Araz ve Ekin Can G\u00f6ksoy), Rojda Tu\u011frul<\/strong> ve <strong>Asl\u0131 Uluda\u011f<\/strong>\u2019\u0131n devam eden ara\u015ft\u0131rmalar\u0131yla ba\u011flant\u0131l\u0131 katk\u0131lar\u0131n\u0131n yan\u0131 s\u0131ra program kapsam\u0131nda birlikte \u00fcretilen metinlerden olu\u015fuyor. <strong><em>Re: [aap_2020]<\/em><\/strong> ba\u015fl\u0131kl\u0131 kitapta ayr\u0131ca kat\u0131l\u0131mc\u0131lar\u0131n ara\u015ft\u0131rmalar\u0131 \u00e7er\u00e7evesinde ba\u015fvurduklar\u0131 <strong>temel kaynaklar\u0131<\/strong> ve <strong>program s\u00fcresince<\/strong> ger\u00e7ekle\u015ftirilen <strong>bulu\u015fmalara<\/strong> ara verildi\u011finde dinlenen par\u00e7alardan olu\u015fan \u00e7alma listesini bir araya getiren <strong>\u201cE\u015flik\u00e7iler\u201d<\/strong> ba\u015fl\u0131kl\u0131 bir b\u00f6l\u00fcm de yer al\u0131yor. <strong>\u0130z \u00d6ztat<\/strong> ve <strong>Merve \u00dcnsal<\/strong> taraf\u0131ndan yay\u0131ma haz\u0131rlanan kitab\u0131n tasar\u0131m\u0131n\u0131 ise <strong>Umut Alt\u0131nta\u015f<\/strong> \u00fcstlendi.<\/p>\n<p><strong><em><a href=\"https:\/\/www.arter.org.tr\/yayinlar\/Re-aap-2020_1\">Re: [aap_2020]<\/a><\/em><\/strong> ba\u015fl\u0131kl\u0131 kitap, <strong>Arter Kitabevi<\/strong>\u2019nden sat\u0131n al\u0131nabilir veya <a href=\"mailto:kitabevi@arter.org.tr\">kitabevi@arter.org.tr<\/a> e-posta adresi \u00fczerinden sipari\u015f edilebilir. Pazartesi hari\u00e7 her g\u00fcn <strong>11:00\u201318:00 <\/strong>saatlerinde \u00fccretsiz ziyaret edilebilen <strong>Arter K\u00fct\u00fcphanesi<\/strong>\u2019nde kitab\u0131n sayfalar\u0131 da incelenebilir.<\/p>\n<p><strong>Arter<\/strong>\u2019in g\u00fcncel programlar\u0131na ili\u015fkin daha detayl\u0131 bilgiye <a href=\"http:\/\/www.arter.org.tr\/\">www.arter.org.tr<\/a> adresinden eri\u015filebilir. <strong>Arter<\/strong> <span style=\"text-decoration: underline;\">Pazartesi hari\u00e7<\/span> <strong>her g\u00fcn a\u00e7\u0131k<\/strong>. <strong>Kurumsal Sponsor T\u00fcpra\u015f<\/strong>\u2019\u0131n de\u011ferli deste\u011fiyle, t\u00fcm sergilere giri\u015f <strong>24 ya\u015f alt\u0131 izleyiciler<\/strong> i\u00e7in her g\u00fcn; <strong>Per\u015fembe g\u00fcnleri<\/strong> ise her ya\u015ftan izleyici i\u00e7in \u00fccretsiz. <strong>Arter Beraber<\/strong> \u00fcyeleri ise <strong>sergileri<\/strong> y\u0131l boyunca<strong> \u00fccretsiz ziyaret etmenin<\/strong> yan\u0131 s\u0131ra farkl\u0131 ayr\u0131cal\u0131klardan faydalan\u0131yor. <strong>Arter<\/strong> binas\u0131n\u0131n <strong>K\u00fct\u00fcphane<\/strong>, <strong>Kitabevi<\/strong>, <strong>Bistro by Divan<\/strong>, arka bahc\u0327e alanlar\u0131na ve Galeri 0\u2019da yer alan <strong>sergiye giri\u015f i\u00e7in bilet<\/strong> gerekmiyor. Ula\u015f\u0131m Sponsorlar\u0131 Ford Otosan ve Otokar\u2019\u0131n deste\u011fi sayesinde <strong>Taksim\u2019den<\/strong> ve <strong>Tepeba\u015f\u0131\u2019ndan<\/strong> \u00fccretsiz servis ara\u00e7lar\u0131yla <strong>Arter<\/strong>\u2019e ula\u015f\u0131labiliyor.<\/p>","protected":false},"excerpt":{"rendered":"<p>Sorry, this entry is only available in Turkish. For the sake of viewer convenience, the content is shown below in the alternative language. You may click the link to switch the active language. \u00c7a\u011fda\u015f sanat alan\u0131nda \u00e7al\u0131\u015fan k\u00fclt\u00fcr \u00fcreticilerinin ara\u015ft\u0131rma y\u00f6ntemlerini, bak\u0131\u015f a\u00e7\u0131lar\u0131n\u0131 ve ifade bi\u00e7imlerini geli\u015ftirmelerine destek olmay\u0131 ama\u00e7layan Arter Ara\u015ft\u0131rma Program\u0131\u2019n\u0131n 2&#8217;inci d\u00f6nemi [&hellip;]<\/p>\n","protected":false},"author":1,"featured_media":148135,"comment_status":"open","ping_status":"open","sticky":false,"template":"","format":"standard","meta":[],"categories":[53],"tags":[99581,99583,90565,99582,99584],"views":172,"_links":{"self":[{"href":"https:\/\/www.enerjigazetesi.ist\/en\/wp-json\/wp\/v2\/posts\/148132"}],"collection":[{"href":"https:\/\/www.enerjigazetesi.ist\/en\/wp-json\/wp\/v2\/posts"}],"about":[{"href":"https:\/\/www.enerjigazetesi.ist\/en\/wp-json\/wp\/v2\/types\/post"}],"author":[{"embeddable":true,"href":"https:\/\/www.enerjigazetesi.ist\/en\/wp-json\/wp\/v2\/users\/1"}],"replies":[{"embeddable":true,"href":"https:\/\/www.enerjigazetesi.ist\/en\/wp-json\/wp\/v2\/comments?post=148132"}],"version-history":[{"count":0,"href":"https:\/\/www.enerjigazetesi.ist\/en\/wp-json\/wp\/v2\/posts\/148132\/revisions"}],"wp:featuredmedia":[{"embeddable":true,"href":"https:\/\/www.enerjigazetesi.ist\/en\/wp-json\/wp\/v2\/media\/148135"}],"wp:attachment":[{"href":"https:\/\/www.enerjigazetesi.ist\/en\/wp-json\/wp\/v2\/media?parent=148132"}],"wp:term":[{"taxonomy":"category","embeddable":true,"href":"https:\/\/www.enerjigazetesi.ist\/en\/wp-json\/wp\/v2\/categories?post=148132"},{"taxonomy":"post_tag","embeddable":true,"href":"https:\/\/www.enerjigazetesi.ist\/en\/wp-json\/wp\/v2\/tags?post=148132"}],"curies":[{"name":"wp","href":"https:\/\/api.w.org\/{rel}","templated":true}]}}