{"id":148105,"date":"2021-12-22T12:38:13","date_gmt":"2021-12-22T09:38:13","guid":{"rendered":"https:\/\/www.enerjigazetesi.ist\/?p=148105"},"modified":"2021-12-22T13:12:49","modified_gmt":"2021-12-22T10:12:49","slug":"yuksek-kesimlere-dusen-kara-ragmen-sedasin-calismalari-araliksiz-suruyor","status":"publish","type":"post","link":"https:\/\/www.enerjigazetesi.ist\/en\/yuksek-kesimlere-dusen-kara-ragmen-sedasin-calismalari-araliksiz-suruyor\/","title":{"rendered":"(Turkish) Y\u00fcksek Kesimlere D\u00fc\u015fen Kara Ra\u011fmen &#8216;Seda\u015f&#8217;\u0131n \u00c7al\u0131\u015fmalar\u0131 Aral\u0131ks\u0131z S\u00fcr\u00fcyor"},"content":{"rendered":"<p class=\"qtranxs-available-languages-message qtranxs-available-languages-message-en\">Sorry, this entry is only available in <a href=\"https:\/\/www.enerjigazetesi.ist\/tr\/wp-json\/wp\/v2\/posts\/148105\" class=\"qtranxs-available-language-link qtranxs-available-language-link-tr\" title=\"Turkish\">Turkish<\/a>. For the sake of viewer convenience, the content is shown below in the alternative language. You may click the link to switch the active language.<\/p><p><\/p>\n<h2><strong>Meteoroloji\u2019den yap\u0131lan uyar\u0131ya g\u00f6re b\u00f6lgede etkili olmas\u0131 beklenen kuvvetli sa\u011fanak ve kar ya\u011f\u0131\u015f\u0131 \u00f6ncesi SEDA\u015e haz\u0131rl\u0131klar\u0131n\u0131 tamamlarken y\u00fcksek yerler ile k\u00f6yler de dahil olmak \u00fczere Kocaeli, Gebze, Sakarya, Bolu ve D\u00fczce\u2019nin tamam\u0131nda toplamda 1.056 SEDA\u015e\u2019l\u0131 gece g\u00fcnd\u00fcz sahada haz\u0131r bulunuyor. <\/strong><\/h2>\n<p>Kocaeli, Gebze, Sakarya, Bolu ve D\u00fczce\u2019deki<strong> 20.000 kilometrekarelik<\/strong> alan\u0131n t\u00fcm\u00fcnde g\u00f6revli <strong>46<\/strong>\u2019s\u0131 uzman y\u00f6netici toplam<strong> 1.056 ki\u015filik<\/strong> SEDA\u015e ekipleri haz\u0131rl\u0131klar\u0131n\u0131 tamamlad\u0131. \u0130l ve il\u00e7e merkezlerinin yan\u0131 s\u0131ra y\u00fcksek kesimler ile k\u00f6ylerde de <strong>7\/24<\/strong> enerji n\u00f6beti tutan <strong>SEDA\u015e ekipleri<\/strong>, olumsuz hava <img loading=\"lazy\" class=\"alignright wp-image-148107\" src=\"https:\/\/www.enerjigazetesi.ist\/wp-content\/uploads\/2021\/12\/yuksek-kesimlere-dusen-kara-ragmen-sedasin-calismalar-araliksiz-suruyor-2.jpg\" alt=\"\" width=\"320\" height=\"214\" srcset=\"https:\/\/www.enerjigazetesi.ist\/wp-content\/uploads\/2021\/12\/yuksek-kesimlere-dusen-kara-ragmen-sedasin-calismalar-araliksiz-suruyor-2.jpg 550w, https:\/\/www.enerjigazetesi.ist\/wp-content\/uploads\/2021\/12\/yuksek-kesimlere-dusen-kara-ragmen-sedasin-calismalar-araliksiz-suruyor-2-300x201.jpg 300w, https:\/\/www.enerjigazetesi.ist\/wp-content\/uploads\/2021\/12\/yuksek-kesimlere-dusen-kara-ragmen-sedasin-calismalar-araliksiz-suruyor-2-500x335.jpg 500w, https:\/\/www.enerjigazetesi.ist\/wp-content\/uploads\/2021\/12\/yuksek-kesimlere-dusen-kara-ragmen-sedasin-calismalar-araliksiz-suruyor-2-75x50.jpg 75w, https:\/\/www.enerjigazetesi.ist\/wp-content\/uploads\/2021\/12\/yuksek-kesimlere-dusen-kara-ragmen-sedasin-calismalar-araliksiz-suruyor-2-450x300.jpg 450w\" sizes=\"(max-width: 320px) 100vw, 320px\" \/>ko\u015fullar\u0131n\u0131n yol a\u00e7abilece\u011fi <strong>teknik ar\u0131zalara an\u0131nda m\u00fcdahale<\/strong> ediyor.<\/p>\n<h3><strong>Y\u00fcksek kesimlerde kar n\u00f6beti<\/strong><\/h3>\n<p>Bolu, Kocaeli ve Sakarya\u2019n\u0131n y\u00fcksek kesimlerinde ba\u015flayan kar ya\u011f\u0131\u015f\u0131 nedeni ile olas\u0131 enerji kesintilerine kar\u015f\u0131 <strong>SEDA\u015e ekipleri<\/strong> alarma ge\u00e7ti. <strong>Zorlu saha ko\u015fullar\u0131nda<\/strong> \u00e7al\u0131\u015fmalar\u0131n\u0131 aral\u0131ks\u0131z devam ettiren ekiplere, <strong>b\u00f6lge y\u00f6neticileri<\/strong> de e\u015flik ediyor.<\/p>\n<h3><strong>Ekipler ara\u00e7larla b\u00f6lgenin her noktas\u0131nda g\u00f6revde<\/strong><\/h3>\n<p>SEDA\u015e, faaliyet b\u00f6lgesinin tamam\u0131nda binek, sepetli, <strong>4&#215;4 ve 4&#215;2 pick-up, 4&#215;4 ve 4&#215;2 binek, vin\u00e7<\/strong> ve <strong>kablo test ara\u00e7lar\u0131ndan<\/strong> olu\u015fan<strong> 532 ara\u00e7l\u0131k geni\u015f filo a\u011f\u0131n\u0131<\/strong> kullan\u0131yor. Eri\u015fimin m\u00fcmk\u00fcn olmad\u0131\u011f\u0131 ormanl\u0131k alanlarda da<strong> drone yard\u0131m\u0131yla tarama<\/strong> ve<strong> tespit<\/strong> yap\u0131l\u0131yor. Yollar\u0131n kapanmas\u0131 halinde ise <strong>Valilik, il<\/strong> ve<strong> il\u00e7e yerel y\u00f6netim birimleri<\/strong> ile <strong>Afet ve Acil Durum Y\u00f6netimi Ba\u015fkanl\u0131\u011f\u0131<\/strong>\u2019na<strong> (AFAD)<\/strong> ba\u011fl\u0131 ekiplerle koordineli bi\u00e7imde hareket edilecek.<\/p>\n<h3><strong>SEDA\u015e \u00c7a\u011fr\u0131 Merkezi tam kapasite hizmet veriyor<\/strong><\/h3>\n<p>M\u00fc\u015fteriler, hava ko\u015fullar\u0131 nedeniyle ya\u015fanabilecek kesinti ve ar\u0131zalarla ilgili SEDA\u015e&#8217;\u0131n <strong>186<\/strong> numaral\u0131 <strong>M\u00fc\u015fteri \u0130leti\u015fim hatt\u0131<\/strong>, ak\u0131ll\u0131 telefonlardaki <strong>SEDA\u015e Mobil uygulamas\u0131<\/strong> ve<strong> 0530 919 19 19<\/strong> no\u2019lu <strong>WhatsApp hatt\u0131ndan<\/strong> ihbar b\u0131rakabilecek. Gelen bildirimlere yan\u0131t verebilmek ad\u0131na<strong> \u00e7a\u011fr\u0131 merkezinde<\/strong> g\u00f6rev alan <strong>m\u00fc\u015fteri temsilcileri<\/strong> tam kapasite hizmet veriyor.<\/p>","protected":false},"excerpt":{"rendered":"<p>Sorry, this entry is only available in Turkish. For the sake of viewer convenience, the content is shown below in the alternative language. You may click the link to switch the active language. Meteoroloji\u2019den yap\u0131lan uyar\u0131ya g\u00f6re b\u00f6lgede etkili olmas\u0131 beklenen kuvvetli sa\u011fanak ve kar ya\u011f\u0131\u015f\u0131 \u00f6ncesi SEDA\u015e haz\u0131rl\u0131klar\u0131n\u0131 tamamlarken y\u00fcksek yerler ile k\u00f6yler de [&hellip;]<\/p>\n","protected":false},"author":1,"featured_media":148108,"comment_status":"open","ping_status":"open","sticky":false,"template":"","format":"standard","meta":[],"categories":[51,53],"tags":[4634,8427,26353,5286,1254,2241,2444,99562],"views":158,"_links":{"self":[{"href":"https:\/\/www.enerjigazetesi.ist\/en\/wp-json\/wp\/v2\/posts\/148105"}],"collection":[{"href":"https:\/\/www.enerjigazetesi.ist\/en\/wp-json\/wp\/v2\/posts"}],"about":[{"href":"https:\/\/www.enerjigazetesi.ist\/en\/wp-json\/wp\/v2\/types\/post"}],"author":[{"embeddable":true,"href":"https:\/\/www.enerjigazetesi.ist\/en\/wp-json\/wp\/v2\/users\/1"}],"replies":[{"embeddable":true,"href":"https:\/\/www.enerjigazetesi.ist\/en\/wp-json\/wp\/v2\/comments?post=148105"}],"version-history":[{"count":0,"href":"https:\/\/www.enerjigazetesi.ist\/en\/wp-json\/wp\/v2\/posts\/148105\/revisions"}],"wp:featuredmedia":[{"embeddable":true,"href":"https:\/\/www.enerjigazetesi.ist\/en\/wp-json\/wp\/v2\/media\/148108"}],"wp:attachment":[{"href":"https:\/\/www.enerjigazetesi.ist\/en\/wp-json\/wp\/v2\/media?parent=148105"}],"wp:term":[{"taxonomy":"category","embeddable":true,"href":"https:\/\/www.enerjigazetesi.ist\/en\/wp-json\/wp\/v2\/categories?post=148105"},{"taxonomy":"post_tag","embeddable":true,"href":"https:\/\/www.enerjigazetesi.ist\/en\/wp-json\/wp\/v2\/tags?post=148105"}],"curies":[{"name":"wp","href":"https:\/\/api.w.org\/{rel}","templated":true}]}}