{"id":147876,"date":"2021-12-17T16:25:56","date_gmt":"2021-12-17T13:25:56","guid":{"rendered":"https:\/\/www.enerjigazetesi.ist\/?p=147876"},"modified":"2021-12-17T16:25:56","modified_gmt":"2021-12-17T13:25:56","slug":"iklimlendirme-sektoru-nun-oncusu-makine-sanayi-odulune-layik-goruldu","status":"publish","type":"post","link":"https:\/\/www.enerjigazetesi.ist\/en\/iklimlendirme-sektoru-nun-oncusu-makine-sanayi-odulune-layik-goruldu\/","title":{"rendered":"(Turkish) \u0130klimlendirme Sekt\u00f6r\u00fc&#8217;n\u00fcn \u00d6nc\u00fcs\u00fc Makine Sanayi \u00d6d\u00fcl\u00fcne Lay\u0131k G\u00f6r\u00fcld\u00fc"},"content":{"rendered":"<p class=\"qtranxs-available-languages-message qtranxs-available-languages-message-en\">Sorry, this entry is only available in <a href=\"https:\/\/www.enerjigazetesi.ist\/tr\/wp-json\/wp\/v2\/posts\/147876\" class=\"qtranxs-available-language-link qtranxs-available-language-link-tr\" title=\"Turkish\">Turkish<\/a>. For the sake of viewer convenience, the content is shown below in the alternative language. You may click the link to switch the active language.<\/p><p><\/p>\n<h2><strong>\u0130klimlendirme sekt\u00f6r\u00fcn\u00fcn lider temsilcilerinden Systemair, Kocaeli Sanayi Odas\u0131 (KSO) ev sahipli\u011finde Marmara B\u00f6lgesi&#8217;ndeki ba\u015far\u0131l\u0131 sanayi kurulu\u015flar\u0131n\u0131n \u00f6d\u00fcllendirilmesi amac\u0131yla bu y\u0131l 14\u2019\u00fcnc\u00fcs\u00fc d\u00fczenlenen \u2018\u2019Sekt\u00f6rel Performans De\u011ferlendirme\u2019\u2019 organizasyonunda Makine Sanayi \u00f6d\u00fcl\u00fcne lay\u0131k g\u00f6r\u00fcld\u00fc. Ald\u0131\u011f\u0131 \u00f6d\u00fclle Marmara B\u00f6lgesi\u2019nin en ba\u015far\u0131l\u0131 sanayi kurulu\u015flar\u0131 aras\u0131nda g\u00f6sterilen Systemair, taze havay\u0131 herkes i\u00e7in ula\u015f\u0131labilir k\u0131lmak misyonuyla \u00e7al\u0131\u015f\u0131yor.<\/strong><\/h2>\n<p><img loading=\"lazy\" class=\"alignright wp-image-147878\" src=\"https:\/\/www.enerjigazetesi.ist\/wp-content\/uploads\/2021\/12\/iklimlendirme-sektoru-nun-oncusu-makine-sanayi-odulune-layik-goruldu-1.jpg\" alt=\"\" width=\"320\" height=\"218\" srcset=\"https:\/\/www.enerjigazetesi.ist\/wp-content\/uploads\/2021\/12\/iklimlendirme-sektoru-nun-oncusu-makine-sanayi-odulune-layik-goruldu-1.jpg 550w, https:\/\/www.enerjigazetesi.ist\/wp-content\/uploads\/2021\/12\/iklimlendirme-sektoru-nun-oncusu-makine-sanayi-odulune-layik-goruldu-1-300x204.jpg 300w, https:\/\/www.enerjigazetesi.ist\/wp-content\/uploads\/2021\/12\/iklimlendirme-sektoru-nun-oncusu-makine-sanayi-odulune-layik-goruldu-1-500x340.jpg 500w, https:\/\/www.enerjigazetesi.ist\/wp-content\/uploads\/2021\/12\/iklimlendirme-sektoru-nun-oncusu-makine-sanayi-odulune-layik-goruldu-1-74x50.jpg 74w\" sizes=\"(max-width: 320px) 100vw, 320px\" \/>\u00dclke ekonomisine katma de\u011fer yaratan, s\u00fcrd\u00fcr\u00fclebilir bir gelecek i\u00e7in topluma katk\u0131 sa\u011flayan sanayi kurulu\u015flar\u0131n\u0131 belirlemek amac\u0131yla Kocaeli Sanayi Odas\u0131\u2019n\u0131n (KSO) d\u00fczenledi\u011fi <strong>&#8220;Sekt\u00f6rel Performans De\u011ferlendirme&#8221;<\/strong> organizasyonunda dereceye giren firmalar \u00f6d\u00fcllendirildi. S\u00fcrd\u00fcr\u00fclebilir politikalar\u0131 ve ileri teknolojileriyle \u00f6ne \u00e7\u0131kan <strong>Systemair<\/strong>, ald\u0131\u011f\u0131 <strong>Makine Sanayi \u00f6d\u00fcl\u00fc<\/strong> ile <strong>Marmara B\u00f6lgesi<\/strong>\u2019nin en ba\u015far\u0131l\u0131 sanayi kurulu\u015flar\u0131 aras\u0131ndaki yerini alarak sekt\u00f6rdeki ba\u015far\u0131s\u0131n\u0131 bir kez daha kan\u0131tlad\u0131.<\/p>\n<h3><strong>\u0130nsana, \u00e7evreye ve topluma duyarl\u0131, yenilik\u00e7i \u00fcr\u00fcnler \u00fcretmeye devam edecek<\/strong><\/h3>\n<p>\u00d6d\u00fcl alacak firmalar\u0131n <strong>360 derece<\/strong> de\u011ferlendirildi\u011fi organizasyonun a\u00e7\u0131l\u0131\u015f konu\u015fmas\u0131n\u0131 <strong>T\u00fcrkiye Odalar ve Borsalar Birli\u011fi (TOBB)<\/strong> Y\u00f6netim Kurulu Ba\u015fkan Yard\u0131mc\u0131s\u0131 ve Kocaeli Sanayi Odas\u0131 (KSO) Ba\u015fkan\u0131 <strong>Ayhan Zeytino\u011flu<\/strong> yapt\u0131. Systemair ad\u0131na \u00f6d\u00fcl\u00fc alan <strong>Systemair T\u00fcrkiye Genel M\u00fcd\u00fcr Yard\u0131mc\u0131s\u0131 Ay\u015feg\u00fcl Ero\u011flu<\/strong>; <em>\u201cFirma olarak taze havay\u0131 herkes i\u00e7in ula\u015f\u0131labilir k\u0131lmak amac\u0131yla \u00e7\u0131kt\u0131\u011f\u0131m\u0131z bu yolda <strong>\u2018verimlilik, istihdam, yenilik\u00e7ilik, markala\u015fma, finansal sonu\u00e7lar, d\u0131\u015f ticaret, \u00e7al\u0131\u015fanlar\u0131n geli\u015ftirilmesi ve bilin\u00e7lendirilmesi, topluma katk\u0131 ve \u00e7evre\u2019<\/strong> kriterlerini kar\u015f\u0131laman\u0131n ne kadar \u00f6nemli oldu\u011funun fark\u0131nday\u0131z. T\u00fcm bu kriterleri g\u00f6z \u00f6n\u00fcnde bulundurarak \u00e7al\u0131\u015f\u0131rken \u00e7abalar\u0131m\u0131z\u0131 \u00f6d\u00fclle ta\u00e7land\u0131rman\u0131n mutlulu\u011funu ya\u015f\u0131yoruz. \u015eirketimizin temel yakla\u015f\u0131mlar\u0131yla paralellik g\u00f6steren bu kriterler; <strong>faaliyetlerimizi, \u00fcretim<\/strong> ve <strong>y\u00f6netim bi\u00e7imimizi<\/strong> ve en \u00f6nemlisi de <strong>kurum k\u00fclt\u00fcr\u00fcm\u00fcz\u00fc<\/strong> domine eden temel ilkelerimizi olu\u015fturuyor. Att\u0131\u011f\u0131m\u0131z her ad\u0131mda s\u00fcrd\u00fcr\u00fclebilirli\u011fin izini s\u00fcr\u00fcyor, faaliyetlerimizi do\u011fayla uyumlu olacak \u015fekilde y\u00fcr\u00fct\u00fcyor, <strong>teknolojilerimizi hayata de\u011fer katmak<\/strong> i\u00e7in kullan\u0131yoruz. Bu \u00f6d\u00fcl\u00fcn de omurgas\u0131n\u0131 olu\u015fturan <strong>katma de\u011fer yaratma<\/strong> ve <strong>s\u00fcrd\u00fcr\u00fclebilir gelecek<\/strong> i\u00e7in topluma katk\u0131 sa\u011flama noktas\u0131nda her zamankinden daha \u00e7ok \u00e7aba sarf ediyor, global \u00f6l\u00e7ekte ad\u0131mlar atarak hem firmam\u0131z\u0131n hem de sekt\u00f6r\u00fcm\u00fcz\u00fcn kalk\u0131nmas\u0131 ad\u0131na \u00f6nc\u00fc bir rol \u00fcstleniyoruz. \u00c7al\u0131\u015fmalar\u0131m\u0131za h\u0131z kesmeden devam edece\u011fiz\u2019\u2019<\/em> \u015feklinde konu\u015ftu.<\/p>","protected":false},"excerpt":{"rendered":"<p>Sorry, this entry is only available in Turkish. For the sake of viewer convenience, the content is shown below in the alternative language. You may click the link to switch the active language. \u0130klimlendirme sekt\u00f6r\u00fcn\u00fcn lider temsilcilerinden Systemair, Kocaeli Sanayi Odas\u0131 (KSO) ev sahipli\u011finde Marmara B\u00f6lgesi&#8217;ndeki ba\u015far\u0131l\u0131 sanayi kurulu\u015flar\u0131n\u0131n \u00f6d\u00fcllendirilmesi amac\u0131yla bu y\u0131l 14\u2019\u00fcnc\u00fcs\u00fc d\u00fczenlenen [&hellip;]<\/p>\n","protected":false},"author":1,"featured_media":147879,"comment_status":"open","ping_status":"open","sticky":false,"template":"","format":"standard","meta":[],"categories":[53],"tags":[3172,53528,3956,97680],"views":167,"_links":{"self":[{"href":"https:\/\/www.enerjigazetesi.ist\/en\/wp-json\/wp\/v2\/posts\/147876"}],"collection":[{"href":"https:\/\/www.enerjigazetesi.ist\/en\/wp-json\/wp\/v2\/posts"}],"about":[{"href":"https:\/\/www.enerjigazetesi.ist\/en\/wp-json\/wp\/v2\/types\/post"}],"author":[{"embeddable":true,"href":"https:\/\/www.enerjigazetesi.ist\/en\/wp-json\/wp\/v2\/users\/1"}],"replies":[{"embeddable":true,"href":"https:\/\/www.enerjigazetesi.ist\/en\/wp-json\/wp\/v2\/comments?post=147876"}],"version-history":[{"count":0,"href":"https:\/\/www.enerjigazetesi.ist\/en\/wp-json\/wp\/v2\/posts\/147876\/revisions"}],"wp:featuredmedia":[{"embeddable":true,"href":"https:\/\/www.enerjigazetesi.ist\/en\/wp-json\/wp\/v2\/media\/147879"}],"wp:attachment":[{"href":"https:\/\/www.enerjigazetesi.ist\/en\/wp-json\/wp\/v2\/media?parent=147876"}],"wp:term":[{"taxonomy":"category","embeddable":true,"href":"https:\/\/www.enerjigazetesi.ist\/en\/wp-json\/wp\/v2\/categories?post=147876"},{"taxonomy":"post_tag","embeddable":true,"href":"https:\/\/www.enerjigazetesi.ist\/en\/wp-json\/wp\/v2\/tags?post=147876"}],"curies":[{"name":"wp","href":"https:\/\/api.w.org\/{rel}","templated":true}]}}