{"id":147868,"date":"2021-12-17T15:27:35","date_gmt":"2021-12-17T12:27:35","guid":{"rendered":"https:\/\/www.enerjigazetesi.ist\/?p=147868"},"modified":"2021-12-27T07:37:41","modified_gmt":"2021-12-27T04:37:41","slug":"cin-in-2021-yili-gunes-enerjisi-kapasitesi-hedefin-gerisinde-kalabilir","status":"publish","type":"post","link":"https:\/\/www.enerjigazetesi.ist\/en\/cin-in-2021-yili-gunes-enerjisi-kapasitesi-hedefin-gerisinde-kalabilir\/","title":{"rendered":"(Turkish) \u00c7in&#8217;in 2021 Y\u0131l\u0131 G\u00fcne\u015f Enerjisi Kapasitesi Hedefin Gerisinde Kalabilir"},"content":{"rendered":"<p class=\"qtranxs-available-languages-message qtranxs-available-languages-message-en\">Sorry, this entry is only available in <a href=\"https:\/\/www.enerjigazetesi.ist\/tr\/wp-json\/wp\/v2\/posts\/147868\" class=\"qtranxs-available-language-link qtranxs-available-language-link-tr\" title=\"Turkish\">Turkish<\/a>. For the sake of viewer convenience, the content is shown below in the alternative language. You may click the link to switch the active language.<\/p><p><\/p>\n<h2><strong>2021 y\u0131l\u0131nda \u00c7in\u2019de g\u00fcne\u015f enerjisi kapasitesinin 45-55 GW aras\u0131nda ger\u00e7ekle\u015fmesinin beklendi\u011fini ortaya koyan \u00c7in <img loading=\"lazy\" class=\"alignright wp-image-148339\" src=\"https:\/\/www.enerjigazetesi.ist\/wp-content\/uploads\/2021\/12\/cin-in-2021-yili-gunes-enerjisi-kapasitesi-hedefin-gerisinde-kalabilir.jpg\" alt=\"\" width=\"320\" height=\"173\" srcset=\"https:\/\/www.enerjigazetesi.ist\/wp-content\/uploads\/2021\/12\/cin-in-2021-yili-gunes-enerjisi-kapasitesi-hedefin-gerisinde-kalabilir.jpg 500w, https:\/\/www.enerjigazetesi.ist\/wp-content\/uploads\/2021\/12\/cin-in-2021-yili-gunes-enerjisi-kapasitesi-hedefin-gerisinde-kalabilir-300x163.jpg 300w, https:\/\/www.enerjigazetesi.ist\/wp-content\/uploads\/2021\/12\/cin-in-2021-yili-gunes-enerjisi-kapasitesi-hedefin-gerisinde-kalabilir-80x43.jpg 80w\" sizes=\"(max-width: 320px) 100vw, 320px\" \/>Fotovoltaik Sanayi Birli\u011fi, 55-65 GW olan hedefin gerisinde kal\u0131nabilece\u011fini ifade etti.<\/strong><\/h2>\n<p>\u00c7in\u2019in g\u00fcne\u015f enerjisinde toplam kurulu g\u00fcc\u00fc <strong>2015&#8217;den<\/strong> g\u00fcn\u00fcm\u00fcze<strong> 6 kat<\/strong> art\u0131\u015f g\u00f6stererek <strong>2020 y\u0131l\u0131<\/strong>nda <strong>253,43 GW<\/strong> seviyesine ula\u015f\u0131rken <strong>2022<\/strong>&#8216;de<strong>\u00a075 GW<\/strong> yeni <strong>kapasite kurulumu<\/strong> hedefleyen \u00c7in, <strong>2025\u2019e<\/strong> kadar y\u0131ll\u0131k <strong>g\u00fcne\u015f enerjisi kapasite kurulumu<\/strong>nu <strong>90-110 GW<\/strong> seviyesine \u00e7\u0131karmay\u0131 planl\u0131yor.<\/p>\n<p><strong>Ocak-Ekim d\u00f6nemi<\/strong>nde <strong>29,31 GW<\/strong> g\u00fcne\u015f enerjisi kapasitesi kurulu yapan<strong> \u00c7in<\/strong>\u2019in g\u00fcne\u015f enerjisi mod\u00fclleri ihracat\u0131 ise <strong>% 32<\/strong> art\u0131\u015f g\u00f6stererek <strong>82,2 GW<\/strong> seviyesine ula\u015ft\u0131.<\/p>","protected":false},"excerpt":{"rendered":"<p>Sorry, this entry is only available in Turkish. For the sake of viewer convenience, the content is shown below in the alternative language. You may click the link to switch the active language. 2021 y\u0131l\u0131nda \u00c7in\u2019de g\u00fcne\u015f enerjisi kapasitesinin 45-55 GW aras\u0131nda ger\u00e7ekle\u015fmesinin beklendi\u011fini ortaya koyan \u00c7in Fotovoltaik Sanayi Birli\u011fi, 55-65 GW olan hedefin gerisinde [&hellip;]<\/p>\n","protected":false},"author":1,"featured_media":148339,"comment_status":"open","ping_status":"open","sticky":false,"template":"","format":"standard","meta":[],"categories":[51,53,49],"tags":[99442,18,28399,99443,2206],"views":413,"_links":{"self":[{"href":"https:\/\/www.enerjigazetesi.ist\/en\/wp-json\/wp\/v2\/posts\/147868"}],"collection":[{"href":"https:\/\/www.enerjigazetesi.ist\/en\/wp-json\/wp\/v2\/posts"}],"about":[{"href":"https:\/\/www.enerjigazetesi.ist\/en\/wp-json\/wp\/v2\/types\/post"}],"author":[{"embeddable":true,"href":"https:\/\/www.enerjigazetesi.ist\/en\/wp-json\/wp\/v2\/users\/1"}],"replies":[{"embeddable":true,"href":"https:\/\/www.enerjigazetesi.ist\/en\/wp-json\/wp\/v2\/comments?post=147868"}],"version-history":[{"count":0,"href":"https:\/\/www.enerjigazetesi.ist\/en\/wp-json\/wp\/v2\/posts\/147868\/revisions"}],"wp:featuredmedia":[{"embeddable":true,"href":"https:\/\/www.enerjigazetesi.ist\/en\/wp-json\/wp\/v2\/media\/148339"}],"wp:attachment":[{"href":"https:\/\/www.enerjigazetesi.ist\/en\/wp-json\/wp\/v2\/media?parent=147868"}],"wp:term":[{"taxonomy":"category","embeddable":true,"href":"https:\/\/www.enerjigazetesi.ist\/en\/wp-json\/wp\/v2\/categories?post=147868"},{"taxonomy":"post_tag","embeddable":true,"href":"https:\/\/www.enerjigazetesi.ist\/en\/wp-json\/wp\/v2\/tags?post=147868"}],"curies":[{"name":"wp","href":"https:\/\/api.w.org\/{rel}","templated":true}]}}