{"id":147861,"date":"2021-12-17T14:41:05","date_gmt":"2021-12-17T11:41:05","guid":{"rendered":"https:\/\/www.enerjigazetesi.ist\/?p=147861"},"modified":"2021-12-17T14:49:07","modified_gmt":"2021-12-17T11:49:07","slug":"soguk-kis-gunlerini-isitan-projede-bu-yil-ilk-durak-gunduzlu-koyu-oldu","status":"publish","type":"post","link":"https:\/\/www.enerjigazetesi.ist\/en\/soguk-kis-gunlerini-isitan-projede-bu-yil-ilk-durak-gunduzlu-koyu-oldu\/","title":{"rendered":"(Turkish) So\u011fuk K\u0131\u015f G\u00fcnlerini Is\u0131tan Proje&#8217;de Bu Y\u0131l \u0130lk Durak &#8216;G\u00fcnd\u00fczl\u00fc K\u00f6y\u00fc&#8217; Oldu"},"content":{"rendered":"<p class=\"qtranxs-available-languages-message qtranxs-available-languages-message-en\">Sorry, this entry is only available in <a href=\"https:\/\/www.enerjigazetesi.ist\/tr\/wp-json\/wp\/v2\/posts\/147861\" class=\"qtranxs-available-language-link qtranxs-available-language-link-tr\" title=\"Turkish\">Turkish<\/a>. For the sake of viewer convenience, the content is shown below in the alternative language. You may click the link to switch the active language.<\/p><p><\/p>\n<h2><strong>Karde\u015fim \u00dc\u015f\u00fcmesin, minik y\u00fczleri g\u00fcld\u00fcrmeyi devam ederken 2013 y\u0131l\u0131ndan g\u00fcn\u00fcm\u00fcze so\u011fuk k\u0131\u015f g\u00fcnlerini \u0131s\u0131tan projenin bu y\u0131l ki ilk dura\u011f\u0131 G\u00fcnd\u00fczl\u00fc K\u00f6y\u00fc oldu. <\/strong><\/h2>\n<p>2013 y\u0131l\u0131nda <strong>Uluda\u011f Elektrik Da\u011f\u0131t\u0131m A.\u015e.(UEDA\u015e)<\/strong> taraf\u0131ndan hayata ge\u00e7irilen ve bug\u00fcne kadar <strong>9.000 \u00e7ocu\u011fun<\/strong> g\u00fcl\u00fcmsemesini kazanan <strong>Karde\u015fim \u00dc\u015f\u00fcmesin Projesi<\/strong>, k\u0131\u015f mevsiminin gelmesiyle tekrar ba\u015flad\u0131. \u0130l Milli E\u011fitim M\u00fcd\u00fcrl\u00fc\u011f\u00fc ile i\u015f birli\u011fi sa\u011flanan projeyle<strong> ihtiya\u00e7 sahibi okullar<\/strong> belirleniyor ve <strong>\u00f6\u011frencilerin k\u0131\u015fl\u0131k k\u0131yafet ihtiya\u00e7lar\u0131<\/strong> gideriliyor.<\/p>\n<p><img loading=\"lazy\" class=\"alignright wp-image-147865\" src=\"https:\/\/www.enerjigazetesi.ist\/wp-content\/uploads\/2021\/12\/soguk-kis-gunlerini-isitan-projede-bu-yil-ilk-durak-gunduzlu-koyu-oldu-2.jpg\" alt=\"\" width=\"320\" height=\"240\" srcset=\"https:\/\/www.enerjigazetesi.ist\/wp-content\/uploads\/2021\/12\/soguk-kis-gunlerini-isitan-projede-bu-yil-ilk-durak-gunduzlu-koyu-oldu-2.jpg 550w, https:\/\/www.enerjigazetesi.ist\/wp-content\/uploads\/2021\/12\/soguk-kis-gunlerini-isitan-projede-bu-yil-ilk-durak-gunduzlu-koyu-oldu-2-300x225.jpg 300w, https:\/\/www.enerjigazetesi.ist\/wp-content\/uploads\/2021\/12\/soguk-kis-gunlerini-isitan-projede-bu-yil-ilk-durak-gunduzlu-koyu-oldu-2-500x375.jpg 500w, https:\/\/www.enerjigazetesi.ist\/wp-content\/uploads\/2021\/12\/soguk-kis-gunlerini-isitan-projede-bu-yil-ilk-durak-gunduzlu-koyu-oldu-2-67x50.jpg 67w\" sizes=\"(max-width: 320px) 100vw, 320px\" \/>Her y\u0131l hizmet b\u00f6lgesindeki <strong>G\u00fcney Marmara<\/strong>\u2019n\u0131n yan\u0131 s\u0131ra ihtiya\u00e7 duyulan her ile <strong>yard\u0131m elini uzatan<\/strong> UEDA\u015e\u2019\u0131n bu y\u0131l ilk dura\u011f\u0131 <strong>Bursa<\/strong>\u2019n\u0131n <strong>\u0130neg\u00f6l il\u00e7esi<\/strong>ne ba\u011fl\u0131 <strong>G\u00fcnd\u00fczl\u00fc k\u00f6y\u00fc<\/strong> oldu.<\/p>\n<p>Etkinli\u011fe kat\u0131lan <strong>\u0130neg\u00f6l \u0130l\u00e7e Milli E\u011fitim M\u00fcd\u00fcr\u00fc Ali Do\u011fru<\/strong> yapt\u0131\u011f\u0131 konu\u015fmada, <em>\u201cHer y\u0131l oldu\u011fu gibi bu y\u0131lda <strong>UEDA\u015e<\/strong> \u00e7ocuklar\u0131m\u0131z\u0131 sevindirdi. <strong>G\u00fcnd\u00fczl\u00fc Ortaokulu<\/strong>&#8216;muzda e\u011fitim g\u00f6ren <strong>89<\/strong> \u00e7ocu\u011fumuzun <strong>mont, atk\u0131, bere <\/strong>ve<strong> eldiven<\/strong> ihtiyac\u0131 giderildi. Bu hassasiyetin \u00f6n\u00fcm\u00fczdeki s\u00fcre\u00e7te de devam edece\u011fini biliyoruz ve desteklerinden \u00f6t\u00fcr\u00fc \u00e7ok te\u015fekk\u00fcr ediyoruz\u201d<\/em> diye ifade etti.<\/p>\n<p>Projede <strong>minik \u00f6\u011frencilerin g\u00fcl\u00fcmsemesini<\/strong> temel ald\u0131klar\u0131n\u0131 ifade eden <strong>UEDA\u015e Genel M\u00fcd\u00fcr\u00fc G\u00f6kay Fatih Danac\u0131<\/strong>, <em>\u201c9 y\u0131ld\u0131r devam eden sosyal sorumluluk projemiz kapsam\u0131nda bug\u00fcne kadar <strong>9.000 k\u0131\u015fl\u0131k k\u0131yafet<\/strong> da\u011f\u0131tt\u0131k. Bu y\u0131l\u0131n ba\u015flang\u0131c\u0131n\u0131 <strong>\u0130neg\u00f6l\u2019de<\/strong> ger\u00e7ekle\u015ftirdik. Bu iyilik hareketinde \u00fcniversite ve lise \u00f6\u011frencileri de yer al\u0131yor. Bu y\u0131l <strong>Bo\u011fazi\u00e7i \u00dcniversitesi<\/strong> <strong>Yap\u0131 Kulub\u00fc<\/strong> ile projemize yeni bir boyut kazand\u0131r\u0131yoruz. Biz miniklerimizi \u0131s\u0131t\u0131rken onlar da okullar\u0131n fiziki ko\u015fullar\u0131n\u0131 iyile\u015ftirmek i\u00e7in tespitlerini yap\u0131yor\u201d<\/em> diye konu\u015ftu.<\/p>","protected":false},"excerpt":{"rendered":"<p>Sorry, this entry is only available in Turkish. For the sake of viewer convenience, the content is shown below in the alternative language. You may click the link to switch the active language. Karde\u015fim \u00dc\u015f\u00fcmesin, minik y\u00fczleri g\u00fcld\u00fcrmeyi devam ederken 2013 y\u0131l\u0131ndan g\u00fcn\u00fcm\u00fcze so\u011fuk k\u0131\u015f g\u00fcnlerini \u0131s\u0131tan projenin bu y\u0131l ki ilk dura\u011f\u0131 G\u00fcnd\u00fczl\u00fc K\u00f6y\u00fc [&hellip;]<\/p>\n","protected":false},"author":1,"featured_media":147866,"comment_status":"open","ping_status":"open","sticky":false,"template":"","format":"standard","meta":[],"categories":[51,53],"tags":[2873,99439,99441,99440,1884,2227,79944],"views":245,"_links":{"self":[{"href":"https:\/\/www.enerjigazetesi.ist\/en\/wp-json\/wp\/v2\/posts\/147861"}],"collection":[{"href":"https:\/\/www.enerjigazetesi.ist\/en\/wp-json\/wp\/v2\/posts"}],"about":[{"href":"https:\/\/www.enerjigazetesi.ist\/en\/wp-json\/wp\/v2\/types\/post"}],"author":[{"embeddable":true,"href":"https:\/\/www.enerjigazetesi.ist\/en\/wp-json\/wp\/v2\/users\/1"}],"replies":[{"embeddable":true,"href":"https:\/\/www.enerjigazetesi.ist\/en\/wp-json\/wp\/v2\/comments?post=147861"}],"version-history":[{"count":0,"href":"https:\/\/www.enerjigazetesi.ist\/en\/wp-json\/wp\/v2\/posts\/147861\/revisions"}],"wp:featuredmedia":[{"embeddable":true,"href":"https:\/\/www.enerjigazetesi.ist\/en\/wp-json\/wp\/v2\/media\/147866"}],"wp:attachment":[{"href":"https:\/\/www.enerjigazetesi.ist\/en\/wp-json\/wp\/v2\/media?parent=147861"}],"wp:term":[{"taxonomy":"category","embeddable":true,"href":"https:\/\/www.enerjigazetesi.ist\/en\/wp-json\/wp\/v2\/categories?post=147861"},{"taxonomy":"post_tag","embeddable":true,"href":"https:\/\/www.enerjigazetesi.ist\/en\/wp-json\/wp\/v2\/tags?post=147861"}],"curies":[{"name":"wp","href":"https:\/\/api.w.org\/{rel}","templated":true}]}}