{"id":147852,"date":"2021-12-17T13:40:13","date_gmt":"2021-12-17T10:40:13","guid":{"rendered":"https:\/\/www.enerjigazetesi.ist\/?p=147852"},"modified":"2021-12-17T13:40:13","modified_gmt":"2021-12-17T10:40:13","slug":"spor-besiktas-kadin-futbol-takimina-destek-mesaji","status":"publish","type":"post","link":"https:\/\/www.enerjigazetesi.ist\/en\/spor-besiktas-kadin-futbol-takimina-destek-mesaji\/","title":{"rendered":"(Turkish) Spor: &#8216;Be\u015fikta\u015f Kad\u0131n Futbol Tak\u0131m\u0131&#8217;na Destek Mesaj\u0131!"},"content":{"rendered":"<p class=\"qtranxs-available-languages-message qtranxs-available-languages-message-en\">Sorry, this entry is only available in <a href=\"https:\/\/www.enerjigazetesi.ist\/tr\/wp-json\/wp\/v2\/posts\/147852\" class=\"qtranxs-available-language-link qtranxs-available-language-link-tr\" title=\"Turkish\">Turkish<\/a>. For the sake of viewer convenience, the content is shown below in the alternative language. You may click the link to switch the active language.<\/p><p><\/p>\n<h2>\u201cBen Var\u0131m\u201d hareketi kapsam\u0131nda Vodafone\u2019un hem isim hem de g\u00f6\u011f\u00fcs sponsoru oldu\u011fu <strong>Be\u015fikta\u015f Vodafone Kad\u0131n Futbol Tak\u0131m\u0131,<\/strong> Kad\u0131n Futbol S\u00fcper Ligi 2021-22 sezonunun ilk haftas\u0131nda Fenerbah\u00e7e Kad\u0131n Futbol Tak\u0131m\u0131 ile kar\u015f\u0131la\u015facak. <strong>Vodafone T\u00fcrkiye \u0130cra Kurulu Ba\u015fkan Yard\u0131mc\u0131s\u0131 Meltem Bakiler \u015eahin<\/strong>, 18 Aral\u0131k 2021 Cumartesi g\u00fcn\u00fc saat 15.00\u2019da Vodafone Park\u2019ta oynanacak derbi \u00f6ncesi siyah-beyazl\u0131 kad\u0131n futbolculara ba\u015far\u0131lar diledi.<\/h2>\n<p>\u015eahin, <span style=\"text-decoration: underline;\">\u015funlar\u0131 s\u00f6yledi:<\/span><\/p>\n<p><em>\u201cT\u00fcm alanlarda <strong>cinsiyet e\u015fitli\u011fini savunmaya<\/strong> devam etti\u011fimiz gibi futbolda da kad\u0131nlar\u0131n varl\u0131\u011f\u0131n\u0131 desteklemek ve art\u0131rmak istiyoruz. <strong>\u2018Kad\u0131nlar futbol oynayamaz\u2019<\/strong> \u015feklindeki bilin\u00e7siz \u00f6nyarg\u0131, y\u0131llarca kad\u0131nlar\u0131 futboldan uzak tuttu. Toplumda yerle\u015fik olan ve spora da yans\u0131yan bu <img loading=\"lazy\" class=\"alignright wp-image-147854\" src=\"https:\/\/www.enerjigazetesi.ist\/wp-content\/uploads\/2021\/12\/spor-besiktas-kadin-futbol-takimina-destek-mesaji.jpg\" alt=\"\" width=\"320\" height=\"196\" srcset=\"https:\/\/www.enerjigazetesi.ist\/wp-content\/uploads\/2021\/12\/spor-besiktas-kadin-futbol-takimina-destek-mesaji.jpg 515w, https:\/\/www.enerjigazetesi.ist\/wp-content\/uploads\/2021\/12\/spor-besiktas-kadin-futbol-takimina-destek-mesaji-300x184.jpg 300w, https:\/\/www.enerjigazetesi.ist\/wp-content\/uploads\/2021\/12\/spor-besiktas-kadin-futbol-takimina-destek-mesaji-500x307.jpg 500w, https:\/\/www.enerjigazetesi.ist\/wp-content\/uploads\/2021\/12\/spor-besiktas-kadin-futbol-takimina-destek-mesaji-80x50.jpg 80w\" sizes=\"(max-width: 320px) 100vw, 320px\" \/>cinsiyet\u00e7i yap\u0131n\u0131n de\u011fi\u015fmesi gerekiyor. Toplumun genelinde erkeklere bi\u00e7ilmi\u015f rol tan\u0131mlar\u0131nda kad\u0131nlar\u0131n da yerinin oldu\u011funa ve bunun cesaretle \u00f6n plana \u00e7\u0131kar\u0131lmas\u0131 gerekti\u011fine y\u00fcrekten inan\u0131yoruz. Bu inan\u00e7la, futbolda <strong>\u2018Ben Var\u0131m\u2019<\/strong> diyen Be\u015fikta\u015fl\u0131 kad\u0131n sporcular\u0131 tam <strong>9 y\u0131ld\u0131r<\/strong> destekliyor ve tak\u0131m\u0131m\u0131za hem isim hem de <strong>g\u00f6\u011f\u00fcs sponsoru<\/strong> olmaktan gurur duyuyoruz. <strong>Be\u015fikta\u015f Vodafone Kad\u0131n Futbol Tak\u0131m\u0131<\/strong> tarihinde ilk kez <strong>Mart 2020<\/strong>\u2019de <strong>Vodafone Park\u2019ta<\/strong> sahaya \u00e7\u0131kt\u0131. Atl\u00e9tico de Madrid Kad\u0131n Futbol Tak\u0131m\u0131 ile \u00f6zel bir ma\u00e7ta kar\u015f\u0131 kar\u015f\u0131ya geldi. Tak\u0131m\u0131n <strong>1,5 y\u0131ll\u0131k<\/strong> aran\u0131n ard\u0131ndan bu kez Kad\u0131n Futbol S\u00fcper Ligi <strong>2021-22 sezonu<\/strong> ilk ma\u00e7\u0131 kapsam\u0131nda Vodafone Park\u2019ta sahada olmas\u0131 bizim i\u00e7in \u00e7ok anlaml\u0131. Sezonun ilk haftas\u0131nda Fenerbah\u00e7e ile derbi oynayacak olan Be\u015fikta\u015f Vodafone Kad\u0131n Futbol Tak\u0131m\u0131\u2019na ba\u015far\u0131lar diliyoruz.\u201d<\/em><\/p>\n<h3><strong>Toplam 24 tak\u0131m m\u00fccadele verecek<\/strong><\/h3>\n<p><strong>A <\/strong>ve<strong> B Grubu<\/strong>\u2019nda toplam <strong>24 tak\u0131m<\/strong> ile ilk kez d\u00fczenlenecek <strong>S\u00fcper Lig\u2019de<\/strong> normal sezon m\u00fcsabakalar\u0131 <strong>12\u2019\u015fer<\/strong> tak\u0131mdan olu\u015fan <strong>2 grup<\/strong> halinde \u00e7ift devreli lig usul\u00fcne g\u00f6re <strong>22 haftada<\/strong> oynanacak. Normal sezon ma\u00e7lar\u0131 sonras\u0131nda play-off ve play-out kar\u015f\u0131la\u015fmalar\u0131 ile sezon tamamlanacak. Gruplar\u0131nda ilk 4 s\u0131ray\u0131 elde eden tak\u0131mlar play-off, son 4 s\u0131ray\u0131 alan ekipler ise play-out m\u00fccadelesi verecek.<\/p>\n<h3><strong>Normal sezon May\u0131s\u2019ta sona erecek<\/strong><\/h3>\n<p>S\u00fcper Lig\u2019de ilk hafta ma\u00e7lar\u0131 <strong>18-19 Aral\u0131k&#8217;ta<\/strong> yap\u0131lacak. Devre aras\u0131 <strong>13-24 \u015eubat 2022&#8217;de<\/strong> olacak ligde normal sezon <strong>4 May\u0131s&#8217;ta<\/strong> sona erecek. Ligde play-off ve play-out&#8217;lar <strong>12-13 May\u0131s&#8217;ta<\/strong> ba\u015flayacak ve final <strong>11 Haziran 2022&#8217;de<\/strong> oynanacak.<\/p>","protected":false},"excerpt":{"rendered":"<p>Sorry, this entry is only available in Turkish. For the sake of viewer convenience, the content is shown below in the alternative language. You may click the link to switch the active language. \u201cBen Var\u0131m\u201d hareketi kapsam\u0131nda Vodafone\u2019un hem isim hem de g\u00f6\u011f\u00fcs sponsoru oldu\u011fu Be\u015fikta\u015f Vodafone Kad\u0131n Futbol Tak\u0131m\u0131, Kad\u0131n Futbol S\u00fcper Ligi 2021-22 [&hellip;]<\/p>\n","protected":false},"author":1,"featured_media":147854,"comment_status":"open","ping_status":"open","sticky":false,"template":"","format":"standard","meta":[],"categories":[53],"tags":[99434,99437,99435,99438,99436],"views":145,"_links":{"self":[{"href":"https:\/\/www.enerjigazetesi.ist\/en\/wp-json\/wp\/v2\/posts\/147852"}],"collection":[{"href":"https:\/\/www.enerjigazetesi.ist\/en\/wp-json\/wp\/v2\/posts"}],"about":[{"href":"https:\/\/www.enerjigazetesi.ist\/en\/wp-json\/wp\/v2\/types\/post"}],"author":[{"embeddable":true,"href":"https:\/\/www.enerjigazetesi.ist\/en\/wp-json\/wp\/v2\/users\/1"}],"replies":[{"embeddable":true,"href":"https:\/\/www.enerjigazetesi.ist\/en\/wp-json\/wp\/v2\/comments?post=147852"}],"version-history":[{"count":0,"href":"https:\/\/www.enerjigazetesi.ist\/en\/wp-json\/wp\/v2\/posts\/147852\/revisions"}],"wp:featuredmedia":[{"embeddable":true,"href":"https:\/\/www.enerjigazetesi.ist\/en\/wp-json\/wp\/v2\/media\/147854"}],"wp:attachment":[{"href":"https:\/\/www.enerjigazetesi.ist\/en\/wp-json\/wp\/v2\/media?parent=147852"}],"wp:term":[{"taxonomy":"category","embeddable":true,"href":"https:\/\/www.enerjigazetesi.ist\/en\/wp-json\/wp\/v2\/categories?post=147852"},{"taxonomy":"post_tag","embeddable":true,"href":"https:\/\/www.enerjigazetesi.ist\/en\/wp-json\/wp\/v2\/tags?post=147852"}],"curies":[{"name":"wp","href":"https:\/\/api.w.org\/{rel}","templated":true}]}}