{"id":147848,"date":"2021-12-17T13:26:32","date_gmt":"2021-12-17T10:26:32","guid":{"rendered":"https:\/\/www.enerjigazetesi.ist\/?p=147848"},"modified":"2021-12-17T13:26:32","modified_gmt":"2021-12-17T10:26:32","slug":"sorunlara-cozumler-bulusmasinda-amaclar-icin-ortakliklar-konusulacak","status":"publish","type":"post","link":"https:\/\/www.enerjigazetesi.ist\/en\/sorunlara-cozumler-bulusmasinda-amaclar-icin-ortakliklar-konusulacak\/","title":{"rendered":"(Turkish) Sorunlara \u00c7\u00f6z\u00fcmler Bulu\u015fmas\u0131\u2019nda &#8216;Ama\u00e7lar i\u00e7in Ortakl\u0131klar&#8217; Konu\u015fulacak"},"content":{"rendered":"<p class=\"qtranxs-available-languages-message qtranxs-available-languages-message-en\">Sorry, this entry is only available in <a href=\"https:\/\/www.enerjigazetesi.ist\/tr\/wp-json\/wp\/v2\/posts\/147848\" class=\"qtranxs-available-language-link qtranxs-available-language-link-tr\" title=\"Turkish\">Turkish<\/a>. For the sake of viewer convenience, the content is shown below in the alternative language. You may click the link to switch the active language.<\/p><p><\/p>\n<h2><strong>S\u00fcrd\u00fcr\u00fclebilirlik Ad\u0131mlar\u0131 Derne\u011fi\u2019nin UNDP T\u00fcrkiye \u00e7\u00f6z\u00fcm ortakl\u0131\u011f\u0131 ve Zorlu Holding deste\u011fiyle y\u00fcr\u00fctt\u00fc\u011f\u00fc Sorunlara \u00c7\u00f6z\u00fcmler Bulu\u015fmas\u0131\u2019n\u0131n 21 Aral\u0131k 2021\u2019deki oturumu, S\u00fcrd\u00fcr\u00fclebilir Kalk\u0131nma Ama\u00e7lar\u0131\u2019ndan \u2018Ama\u00e7lar i\u00e7in Ortakl\u0131klar\u2019 ba\u015fl\u0131\u011f\u0131 alt\u0131nda ger\u00e7ekle\u015ftirilecek.<\/strong><\/h2>\n<p><img loading=\"lazy\" class=\"alignright wp-image-147850\" src=\"https:\/\/www.enerjigazetesi.ist\/wp-content\/uploads\/2021\/12\/sorunlara-cozumler-bulusmasinda-amaclar-icin-ortakliklar-konusulacak-2.jpg\" alt=\"\" width=\"320\" height=\"201\" srcset=\"https:\/\/www.enerjigazetesi.ist\/wp-content\/uploads\/2021\/12\/sorunlara-cozumler-bulusmasinda-amaclar-icin-ortakliklar-konusulacak-2.jpg 550w, https:\/\/www.enerjigazetesi.ist\/wp-content\/uploads\/2021\/12\/sorunlara-cozumler-bulusmasinda-amaclar-icin-ortakliklar-konusulacak-2-300x189.jpg 300w, https:\/\/www.enerjigazetesi.ist\/wp-content\/uploads\/2021\/12\/sorunlara-cozumler-bulusmasinda-amaclar-icin-ortakliklar-konusulacak-2-500x315.jpg 500w, https:\/\/www.enerjigazetesi.ist\/wp-content\/uploads\/2021\/12\/sorunlara-cozumler-bulusmasinda-amaclar-icin-ortakliklar-konusulacak-2-80x50.jpg 80w\" sizes=\"(max-width: 320px) 100vw, 320px\" \/><\/p>\n<p><strong>S\u00fcrd\u00fcr\u00fclebilirlik Ad\u0131mlar\u0131 Derne\u011fi<\/strong>\u2019nin, <strong>UNDP T\u00fcrkiye<\/strong> \u00e7\u00f6z\u00fcm ortakl\u0131\u011f\u0131 ve <strong>Zorlu Holding<\/strong> deste\u011fiyle y\u00fcr\u00fctt\u00fc\u011f\u00fc <strong>Sorunlara \u00c7\u00f6z\u00fcmler Bulu\u015fmas\u0131\u2019n\u0131n<\/strong> 21 Aral\u0131k 2021 Sal\u0131 g\u00fcn\u00fc ger\u00e7ekle\u015ftirilecek olan oturumunda S\u00fcrd\u00fcr\u00fclebilir Kalk\u0131nma Ama\u00e7lar\u0131\u2019n\u0131n 17. Maddesi<strong>\u00a0\u2018Ama\u00e7lar i\u00e7in Ortakl\u0131klar\u2019<\/strong>\u00a0ba\u015fl\u0131\u011f\u0131 ele al\u0131nacak.<\/p>\n<p>S\u00fcrd\u00fcr\u00fclebilir Kalk\u0131nma Ama\u00e7lar\u0131 kapsam\u0131nda hayata ge\u00e7irilen iyi uygulama \u00f6rneklerini ve ilham veren \u00e7al\u0131\u015fmalar\u0131 dinlemek, kar\u015f\u0131l\u0131kl\u0131 fikir al\u0131\u015fveri\u015finde bulunmak ve deneyim payla\u015f\u0131m\u0131 yapmak amac\u0131yla d\u00fczenlenen Sorunlara \u00c7\u00f6z\u00fcmler Bulu\u015fmas\u0131 <strong>21 Aral\u0131k 2021 Sal\u0131 g\u00fcn\u00fc 18.00-19:30<\/strong> saatleri aras\u0131nda ger\u00e7ekle\u015ftirilecek.\u00a0<strong>\u2018Ama\u00e7lar i\u00e7in Ortakl\u0131klar\u2019 ba\u015fl\u0131\u011f\u0131 alt\u0131nda d\u00fczenlenen etkinli\u011fin\u00a0<\/strong>moderat\u00f6rl\u00fc\u011f\u00fcn\u00fc <strong>UNDP T\u00fcrkiye Kapsay\u0131c\u0131 ve S\u00fcrd\u00fcr\u00fclebilir B\u00fcy\u00fcme Portf\u00f6y \u0130leti\u015fim Dan\u0131\u015fman\u0131 Deniz \u015eilliler Tapan yapacak.<\/strong><\/p>\n<p><span style=\"text-decoration: underline;\">Panelde;<\/span> <em>Avrupa \u0130mar ve Kalk\u0131nma Bankas\u0131 (EBRD) Sivil Toplum \u0130li\u015fkileri &amp; \u00d6zel Sekt\u00f6r Ortakl\u0131klar\u0131 Y\u00f6neticisi M\u0131sra \u00d6zku\u015f, T\u00fcrk Giri\u015fim ve \u0130\u015f D\u00fcnyas\u0131 Konfederasyonu (T\u00dcRKONFED) Genel Sekreter Yard\u0131mc\u0131s\u0131 Erhan Arslan ve Good4Trust Kurucusu ve K\u0131\u015fk\u0131rt\u0131c\u0131s\u0131 Uygar \u00d6zesmi, <\/em>konu\u015fmac\u0131 olarak yer alacak.<\/p>\n<p><strong>\u00c7evrimi\u00e7i ger\u00e7ekle\u015ftirilecek etkinli\u011fe kat\u0131l\u0131m i\u00e7in:<\/strong> <a href=\"https:\/\/us06web.zoom.us\/meeting\/register\/tZYudOugpzgjHNCVpQGFOvxuX1ekrNt3h_BR\" target=\"_blank\" rel=\"noopener\">https:\/\/us06web.zoom.us\/meeting\/register\/tZYudOugpzgjHNCVpQGFOvxuX1ekrNt3h_BR<\/a><\/p>\n<p>Ayr\u0131ca <a href=\"https:\/\/www.youtube.com\/watch?v=EGYWMWanLpg\" target=\"_blank\" rel=\"noopener\">https:\/\/www.youtube.com\/watch?v=EGYWMWanLpg<\/a><u>\u00a0<\/u><strong>Youtube kanal\u0131<\/strong> \u00fczerinden de etkinli\u011fi izleyebilirsiniz.<\/p>","protected":false},"excerpt":{"rendered":"<p>Sorry, this entry is only available in Turkish. For the sake of viewer convenience, the content is shown below in the alternative language. You may click the link to switch the active language. S\u00fcrd\u00fcr\u00fclebilirlik Ad\u0131mlar\u0131 Derne\u011fi\u2019nin UNDP T\u00fcrkiye \u00e7\u00f6z\u00fcm ortakl\u0131\u011f\u0131 ve Zorlu Holding deste\u011fiyle y\u00fcr\u00fctt\u00fc\u011f\u00fc Sorunlara \u00c7\u00f6z\u00fcmler Bulu\u015fmas\u0131\u2019n\u0131n 21 Aral\u0131k 2021\u2019deki oturumu, S\u00fcrd\u00fcr\u00fclebilir Kalk\u0131nma Ama\u00e7lar\u0131\u2019ndan [&hellip;]<\/p>\n","protected":false},"author":1,"featured_media":147850,"comment_status":"open","ping_status":"open","sticky":false,"template":"","format":"standard","meta":[],"categories":[53],"tags":[86468,59867,86467,54948],"views":145,"_links":{"self":[{"href":"https:\/\/www.enerjigazetesi.ist\/en\/wp-json\/wp\/v2\/posts\/147848"}],"collection":[{"href":"https:\/\/www.enerjigazetesi.ist\/en\/wp-json\/wp\/v2\/posts"}],"about":[{"href":"https:\/\/www.enerjigazetesi.ist\/en\/wp-json\/wp\/v2\/types\/post"}],"author":[{"embeddable":true,"href":"https:\/\/www.enerjigazetesi.ist\/en\/wp-json\/wp\/v2\/users\/1"}],"replies":[{"embeddable":true,"href":"https:\/\/www.enerjigazetesi.ist\/en\/wp-json\/wp\/v2\/comments?post=147848"}],"version-history":[{"count":0,"href":"https:\/\/www.enerjigazetesi.ist\/en\/wp-json\/wp\/v2\/posts\/147848\/revisions"}],"wp:featuredmedia":[{"embeddable":true,"href":"https:\/\/www.enerjigazetesi.ist\/en\/wp-json\/wp\/v2\/media\/147850"}],"wp:attachment":[{"href":"https:\/\/www.enerjigazetesi.ist\/en\/wp-json\/wp\/v2\/media?parent=147848"}],"wp:term":[{"taxonomy":"category","embeddable":true,"href":"https:\/\/www.enerjigazetesi.ist\/en\/wp-json\/wp\/v2\/categories?post=147848"},{"taxonomy":"post_tag","embeddable":true,"href":"https:\/\/www.enerjigazetesi.ist\/en\/wp-json\/wp\/v2\/tags?post=147848"}],"curies":[{"name":"wp","href":"https:\/\/api.w.org\/{rel}","templated":true}]}}