{"id":147807,"date":"2021-12-17T09:39:13","date_gmt":"2021-12-17T06:39:13","guid":{"rendered":"https:\/\/www.enerjigazetesi.ist\/?p=147807"},"modified":"2021-12-17T09:42:40","modified_gmt":"2021-12-17T06:42:40","slug":"yarini-kodlayanlar-fikir-marotunu-nda-gencler-den-cinsiyet-esitligi-icin-cozum","status":"publish","type":"post","link":"https:\/\/www.enerjigazetesi.ist\/en\/yarini-kodlayanlar-fikir-marotunu-nda-gencler-den-cinsiyet-esitligi-icin-cozum\/","title":{"rendered":"(Turkish) Yar\u0131n\u0131 Kodlayanlar Fikir Marotunu&#8217;nda Gen\u00e7lerden Cinsiyet E\u015fitli\u011fi \u0130\u00e7in \u00c7\u00f6z\u00fcm"},"content":{"rendered":"<p class=\"qtranxs-available-languages-message qtranxs-available-languages-message-en\">Sorry, this entry is only available in <a href=\"https:\/\/www.enerjigazetesi.ist\/tr\/wp-json\/wp\/v2\/posts\/147807\" class=\"qtranxs-available-language-link qtranxs-available-language-link-tr\" title=\"Turkish\">Turkish<\/a>. For the sake of viewer convenience, the content is shown below in the alternative language. You may click the link to switch the active language.<\/p><p><\/p>\n<h2><strong>T\u00fcrkiye Vodafone Vakf\u0131<\/strong>\u00a0ve <strong>Habitat Derne\u011fi\u00a0<\/strong>taraf\u0131ndan hayata ge\u00e7irilen <strong>\u201cYar\u0131n\u0131 Kodlayanlar\u201d<\/strong> projesi, \u00e7ocuk ve gen\u00e7leri dijital gelece\u011fe haz\u0131rlamaya devam ediyor. T\u00fcrkiye\u2019nin d\u00f6rt bir yan\u0131nda <strong>210 bini a\u015fk\u0131n<\/strong> \u00e7ocu\u011fa ula\u015fan proje kapsam\u0131nda d\u00fczenlenen online fikir maratonlar\u0131n\u0131n d\u00f6rd\u00fcnc\u00fcs\u00fc <strong>\u201cToplumsal Cinsiyet E\u015fitli\u011fi\u201d\u00a0<\/strong>temas\u0131yla ger\u00e7ekle\u015ftirildi.<\/h2>\n<p><strong>Lise \u00f6\u011frencilerinin<\/strong> kat\u0131l\u0131m\u0131yla d\u00fczenlenen etkinlikte,<strong> kat\u0131l\u0131mc\u0131 tak\u0131mlar toplumsal cinsiyet e\u015fitli\u011fi<\/strong> i\u00e7in <strong>mobil uygulama fikri<\/strong> \u00fcretti. Fikir maratonu \u00f6ncesi <strong>App Inventor e\u011fitimleri<\/strong>ni <strong>yarinikodlayanlar.com<\/strong> sitesi \u00fczerinden alan tak\u0131mlar, <strong>2 g\u00fcn boyunca<\/strong> e\u011fitim ve mentorluk <img loading=\"lazy\" class=\"alignright wp-image-147810\" src=\"https:\/\/www.enerjigazetesi.ist\/wp-content\/uploads\/2021\/12\/yarini-kodlayanlar-fikir-marotunu-nda-gencler-den-cinsiyet-esitligi-icin-cozum.jpg\" alt=\"\" width=\"320\" height=\"200\" srcset=\"https:\/\/www.enerjigazetesi.ist\/wp-content\/uploads\/2021\/12\/yarini-kodlayanlar-fikir-marotunu-nda-gencler-den-cinsiyet-esitligi-icin-cozum.jpg 550w, https:\/\/www.enerjigazetesi.ist\/wp-content\/uploads\/2021\/12\/yarini-kodlayanlar-fikir-marotunu-nda-gencler-den-cinsiyet-esitligi-icin-cozum-300x188.jpg 300w, https:\/\/www.enerjigazetesi.ist\/wp-content\/uploads\/2021\/12\/yarini-kodlayanlar-fikir-marotunu-nda-gencler-den-cinsiyet-esitligi-icin-cozum-500x313.jpg 500w, https:\/\/www.enerjigazetesi.ist\/wp-content\/uploads\/2021\/12\/yarini-kodlayanlar-fikir-marotunu-nda-gencler-den-cinsiyet-esitligi-icin-cozum-80x50.jpg 80w\" sizes=\"(max-width: 320px) 100vw, 320px\" \/>oturumlar\u0131na kat\u0131ld\u0131ktan sonra<strong> toplumsal cinsiyet e\u015fitli\u011fi<\/strong> konusunda kendi mobil uygulamalar\u0131n\u0131 geli\u015ftirdi. Toplam <strong>17 tak\u0131m\u0131n<\/strong> ba\u015fvurdu\u011fu fikir maratonunun finalinde <strong>5 tak\u0131m<\/strong> yar\u0131\u015ft\u0131.<\/p>\n<p>Yar\u0131\u015fmada, Simge Tepeli, G\u00fclce \u00c7etin, Ela Tan\u0131r ve Duru \u0130bi\u015fa\u011fao\u011flu\u2019ndan olu\u015fan <strong>Mavinin Pembe Tonlar\u0131<\/strong> tak\u0131m\u0131 birinci olurken; Arda Sak ve \u0130rfan Karabacak\u2019tan olu\u015fan <strong>Scorpions Robotics<\/strong> tak\u0131m\u0131 ikinci; G\u00f6kt\u00fcrk B\u00fcy\u00fcktuna ve Emir S\u00fcrmen\u2019den olu\u015fan <strong>Direni\u015f Haritas\u0131<\/strong> tak\u0131m\u0131 ise <strong>3&#8217;\u00fcnc\u00fc<\/strong> oldu.<\/p>\n<p>Fikir maratonunu de\u011ferlendiren\u00a0<strong>T\u00fcrkiye Vodafone Vakf\u0131 Ba\u015fkan\u0131 Hasan S\u00fcel,\u00a0<\/strong><span style=\"text-decoration: underline;\">\u015funlar\u0131 s\u00f6yledi:<\/span><\/p>\n<p><em>\u201cT\u00fcrkiye Vodafone Vakf\u0131 ve Habitat Derne\u011fi olarak, dijital gelece\u011fe haz\u0131r nesiller yeti\u015ftirme hedefiyle 5 y\u0131l \u00f6nce ba\u015flatt\u0131\u011f\u0131m\u0131z \u2018Yar\u0131n\u0131 Kodlayanlar\u2019 projesini b\u00fcy\u00fck bir kararl\u0131l\u0131kla s\u00fcrd\u00fcr\u00fcyoruz. Teknolojiyi insanl\u0131\u011f\u0131n iyili\u011fi i\u00e7in, toplumun sosyal bir ihtiyac\u0131na cevap vermek i\u00e7in nas\u0131l kullanabiliriz diye d\u00fc\u015f\u00fcnd\u00fc\u011f\u00fcm\u00fcz bir d\u00f6nemde, dedik ki, biz \u00f6nce insanlar\u0131n teknoloji okuryazarl\u0131\u011f\u0131n\u0131, teknolojiye olan yatk\u0131nl\u0131\u011f\u0131n\u0131 art\u0131rmak i\u00e7in bir proje yapal\u0131m ve \u00e7ocuklardan ba\u015flayal\u0131m. B\u00f6ylece, A\u011fustos 2016\u2019da Habitat Derne\u011fi i\u015fbirli\u011fiyle <strong>7-14 ya\u015f<\/strong> aras\u0131ndaki \u00e7ocuklar\u0131m\u0131za<strong> dijital d\u00fcnyan\u0131n lisan\u0131 kodlamay\u0131<\/strong> \u00f6\u011fretmeye ba\u015flad\u0131k. \u2018Yar\u0131n\u0131 Kodlayanlar\u2019 projemizle, t\u00fcketen de\u011fil, \u00fcreten bir neslin yeti\u015fmesine katk\u0131da bulunmak istiyoruz. Bug\u00fcne kadar <strong>81<\/strong> ilde <strong>210 binin<\/strong> \u00fczerinde \u00e7ocu\u011fumuza kodlama \u00f6\u011frettik. \u015eimdi de <strong>online fikir maratonlar\u0131<\/strong>yla, <strong>\u00e7ocuk<\/strong> ve <strong>gen\u00e7lerimizin<\/strong> somut toplumsal sorunlara \u00e7\u00f6z\u00fcm \u00fcretmelerini hedefliyoruz. <strong>4&#8217;\u00fcnc\u00fc fikir maratonu<\/strong>muzda \u00f6\u011frencilerimiz toplumsal cinsiyet e\u015fitli\u011fi konusunda kendi mobil uygulamalar\u0131n\u0131 geli\u015ftirdi. Ba\u015fta dereceye giren \u00f6\u011frencilerimiz olmak \u00fczere t\u00fcm kat\u0131l\u0131mc\u0131lar\u0131m\u0131z\u0131 kutluyoruz.\u201d<\/em><\/p>\n<h3><strong>Habitat Derne\u011fi Y\u00f6netim Kurulu Ba\u015fkan\u0131 Sezai Haz\u0131r<\/strong>\u00a0ise <span style=\"text-decoration: underline;\">\u015f\u00f6yle konu\u015ftu:<\/span><\/h3>\n<p><em>\u201cT\u00fcrkiye Vodafone Vakf\u0131 i\u015f birli\u011fi ile 5 y\u0131l \u00f6nce ba\u015flatt\u0131\u011f\u0131m\u0131z ve T\u00fcrkiye\u2019nin <strong>81<\/strong> ilinde <strong>210 binden<\/strong> fazla \u00e7ocu\u011fumuzun <strong>kodlama e\u011fitimi<\/strong> ile bulu\u015fmas\u0131na vesile olan Yar\u0131n\u0131 Kodlayanlar Projemiz ile her ge\u00e7en g\u00fcn daha fazla \u00e7ocu\u011fa ula\u015f\u0131yoruz. Bu durum hem bizler hem de \u00fclkemiz i\u00e7in b\u00fcy\u00fck bir mutluluk kayna\u011f\u0131d\u0131r. \u00c7ocuklar\u0131n T\u00fcrkiye\u2019nin dijitalle\u015fme s\u00fcrecinde en \u00f6nemli \u00f6zne haline gelmelerine, <strong>dijital d\u00fcnyan\u0131n dilini \u00f6\u011frenmelerine<\/strong> ve g\u00fcn\u00fcm\u00fcz sorunlar\u0131na dijital \u00e7\u00f6z\u00fcmler \u00fcretmelerine katk\u0131 sa\u011flamaya devam ediyoruz. Projemiz kapsam\u0131nda \u00e7ocuklar ve gen\u00e7lerin toplumsal cinsiyet e\u015fitli\u011finin ne kadar \u00f6nemli oldu\u011funu \u00f6\u011frenmeleri ve bu alanda katk\u0131 sa\u011flamalar\u0131 amac\u0131yla, <strong>Toplumsal Cinsiyet E\u015fitli\u011fi<\/strong> i\u00e7in mobil uygulama hackathonu d\u00fczenledik. Toplumsal cinsiyet e\u015fitsizli\u011finin toplumda yaratt\u0131\u011f\u0131 olumsuzluklar\u0131 geli\u015ftirdikleri mobil uygulamalar ile azaltmay\u0131 ama\u00e7layan \u00e7ocuklar bu t\u00fcr uygulamalar\u0131n \u00f6nemini bir kez daha g\u00f6stermi\u015f oldular. Ba\u015fta b\u00fct\u00fcn kat\u0131l\u0131mc\u0131lar\u0131m\u0131z olmak \u00fczere dereceye giren herkesi tebrik ediyor, ba\u015far\u0131lar\u0131n\u0131n devam\u0131n\u0131 diliyorum.\u201d<\/em><\/p>\n<h3><strong>\u201cTren\u201d uygulamas\u0131 1&#8217;incilik getirdi<\/strong><\/h3>\n<p>Fikir maratonunda birinci gelen\u00a0<strong>Mavinin Pembe Tonlar\u0131<\/strong>\u00a0tak\u0131m\u0131n\u0131n geli\u015ftirdi\u011fi <strong>\u201cTren\u201d<\/strong> isimli mobil uygulama, her birimizin farkl\u0131 vagonlarda da olsa birbirine ba\u011fl\u0131 oldu\u011fu ve birbirimize ihtiyac\u0131m\u0131z oldu\u011funda destek olmam\u0131z gerekti\u011fi fikrine dayan\u0131yor. Uygulamaya<strong> ya\u015f grubu<\/strong> ve bilgi al\u0131nmak istenen cinsiyet se\u00e7ilerek giri\u015f yap\u0131l\u0131yor. Kullan\u0131c\u0131lar, <strong>uygulamadaki makinistlerle<\/strong> kimseyle payla\u015famad\u0131klar\u0131 sorunlar\u0131 payla\u015fabiliyor ve sorunlara \u00e7\u00f6z\u00fcm bulabiliyor. Sorunlar\u0131n\u0131 belirlenen ba\u015fl\u0131klara uygun se\u00e7erek alan\u0131nda uzman ki\u015filerden ya\u015flar\u0131na uygun \u015fekilde bilgi alabiliyorlar. <strong>Uygulaman\u0131n sohbet k\u0131sm\u0131nda<\/strong> da anonim olarak uygulamadaki ki\u015filerle konu\u015fup ilgili sorun konusunda yaln\u0131z olmad\u0131klar\u0131n\u0131 anl\u0131yorlar.<\/p>\n<h3><strong>210 bini a\u015fk\u0131n \u00e7ocu\u011fa ula\u015f\u0131ld\u0131<\/strong><\/h3>\n<p><strong>\u201cYar\u0131n\u0131 Kodlayanlar\u201d projesi<\/strong>yle, T\u00fcrkiye\u2019nin d\u00f6rt bir yan\u0131nda ya\u015flar\u0131<strong> 7-14<\/strong> aras\u0131nda de\u011fi\u015fen \u00e7ocuklara\u00a0g\u00f6n\u00fcll\u00fc e\u011fitmenlerin y\u00f6netiminde programlamaya<strong> giri\u015f, algoritma mant\u0131\u011f\u0131, uygulama yapma, hik\u00e2ye olu\u015fturma<\/strong> ve<strong> oyun yapma<\/strong> gibi konularda<strong> teorik<\/strong> ve <strong>uygulamal\u0131 e\u011fitimler<\/strong> veriliyor. E\u011fitimlerde \u00e7ocuklara programlama hakk\u0131nda fikir sahibi olma, yarat\u0131c\u0131l\u0131klar\u0131n\u0131 ortaya \u00e7\u0131karacak \u00e7al\u0131\u015fmalar yapma, kendi hayal d\u00fcnyalar\u0131n\u0131 olu\u015fturma, <strong>kendi oyunlar\u0131n\u0131 \u00fcretme<\/strong> imk\u00e2n\u0131 sunuluyor. Bug\u00fcne kadar <strong>81 ilde 210 bini a\u015fk\u0131n<\/strong> \u00e7ocu\u011fa ula\u015fan proje kapsam\u0131nda, <strong>son 1 y\u0131lda<\/strong> elde edilen toplam sosyal de\u011fer yakla\u015f\u0131k <strong>6,6 milyon TL<\/strong> olurken, projeye yap\u0131lan her<strong>\u00a01 TL\u2019lik<\/strong> yat\u0131r\u0131m <strong>4,4 TL<\/strong> de\u011ferinde sosyal fayda yaratt\u0131.<\/p>","protected":false},"excerpt":{"rendered":"<p>Sorry, this entry is only available in Turkish. For the sake of viewer convenience, the content is shown below in the alternative language. You may click the link to switch the active language. T\u00fcrkiye Vodafone Vakf\u0131\u00a0ve Habitat Derne\u011fi\u00a0taraf\u0131ndan hayata ge\u00e7irilen \u201cYar\u0131n\u0131 Kodlayanlar\u201d projesi, \u00e7ocuk ve gen\u00e7leri dijital gelece\u011fe haz\u0131rlamaya devam ediyor. T\u00fcrkiye\u2019nin d\u00f6rt bir yan\u0131nda [&hellip;]<\/p>\n","protected":false},"author":1,"featured_media":147811,"comment_status":"open","ping_status":"open","sticky":false,"template":"","format":"standard","meta":[],"categories":[53,157],"tags":[51311,66971,99421,38023,65918,50858,25593,57068,70794],"views":192,"_links":{"self":[{"href":"https:\/\/www.enerjigazetesi.ist\/en\/wp-json\/wp\/v2\/posts\/147807"}],"collection":[{"href":"https:\/\/www.enerjigazetesi.ist\/en\/wp-json\/wp\/v2\/posts"}],"about":[{"href":"https:\/\/www.enerjigazetesi.ist\/en\/wp-json\/wp\/v2\/types\/post"}],"author":[{"embeddable":true,"href":"https:\/\/www.enerjigazetesi.ist\/en\/wp-json\/wp\/v2\/users\/1"}],"replies":[{"embeddable":true,"href":"https:\/\/www.enerjigazetesi.ist\/en\/wp-json\/wp\/v2\/comments?post=147807"}],"version-history":[{"count":0,"href":"https:\/\/www.enerjigazetesi.ist\/en\/wp-json\/wp\/v2\/posts\/147807\/revisions"}],"wp:featuredmedia":[{"embeddable":true,"href":"https:\/\/www.enerjigazetesi.ist\/en\/wp-json\/wp\/v2\/media\/147811"}],"wp:attachment":[{"href":"https:\/\/www.enerjigazetesi.ist\/en\/wp-json\/wp\/v2\/media?parent=147807"}],"wp:term":[{"taxonomy":"category","embeddable":true,"href":"https:\/\/www.enerjigazetesi.ist\/en\/wp-json\/wp\/v2\/categories?post=147807"},{"taxonomy":"post_tag","embeddable":true,"href":"https:\/\/www.enerjigazetesi.ist\/en\/wp-json\/wp\/v2\/tags?post=147807"}],"curies":[{"name":"wp","href":"https:\/\/api.w.org\/{rel}","templated":true}]}}