{"id":147719,"date":"2021-12-15T18:59:01","date_gmt":"2021-12-15T15:59:01","guid":{"rendered":"https:\/\/www.enerjigazetesi.ist\/?p=147719"},"modified":"2021-12-15T19:04:48","modified_gmt":"2021-12-15T16:04:48","slug":"vizyoner21de-iklim-degisikligine-iliskin-iklim-manifestosu-aciklanacak","status":"publish","type":"post","link":"https:\/\/www.enerjigazetesi.ist\/en\/vizyoner21de-iklim-degisikligine-iliskin-iklim-manifestosu-aciklanacak\/","title":{"rendered":"(Turkish) Vizyoner\u201921\u2019de \u0130klim De\u011fi\u015fikli\u011fi&#8217;ne \u0130li\u015fkin \u0130klim Manifestosu A\u00e7\u0131klanacak!"},"content":{"rendered":"<p class=\"qtranxs-available-languages-message qtranxs-available-languages-message-en\">Sorry, this entry is only available in <a href=\"https:\/\/www.enerjigazetesi.ist\/tr\/wp-json\/wp\/v2\/posts\/147719\" class=\"qtranxs-available-language-link qtranxs-available-language-link-tr\" title=\"Turkish\">Turkish<\/a>. For the sake of viewer convenience, the content is shown below in the alternative language. You may click the link to switch the active language.<\/p><p><\/p>\n<h2>2015\u2019ten g\u00fcn\u00fcm\u00fcze her 2 y\u0131lda bir d\u00fczenledi\u011fi M\u00dcS\u0130AD Vizyoner etkinlikleriyle i\u015f d\u00fcnyas\u0131n\u0131 gelece\u011fe haz\u0131rl\u0131yor. Bu seneki zirve ba\u015fl\u0131\u011f\u0131n\u0131n <strong>\u201cFark Et\u201d\u00a0<\/strong>olarak belirlendi\u011fi\u00a0M\u00dcS\u0130AD Vizyoner\u201921,\u00a0<strong>\u201c<\/strong><strong>Dijitali Fark Et\u201d, \u201c\u0130klimi Fark Et\u201d, \u201cGiri\u015fimi Fark Et\u201d, \u201cD\u00f6n\u00fc\u015f\u00fcm\u00fc Fark Et\u201d\u00a0<\/strong>alt ba\u015fl\u0131klar\u0131yla iklim krizinden dijital d\u00f6n\u00fc\u015f\u00fcme, giri\u015fimci ekosistemine kadar pek \u00e7ok alanda i\u015f d\u00fcnyas\u0131na rehberlik edecek.<\/h2>\n<p>22 Aral\u0131k 2021\u2019de <strong>Hali\u00e7 Kongre Merkezi<\/strong>\u2019nde d\u00fczenlenecek etkinlikte alan\u0131nda uzman duayen isimler konu\u015fmac\u0131 olarak i\u015f d\u00fcnyas\u0131na <strong>dijital d\u00f6n\u00fc\u015f\u00fcm\u00fcn izinden<\/strong> giden yenilik\u00e7i bir projeksiyon sunacak.<\/p>\n<h3><strong>Teknoloji, dijital, global, inovasyon kavramlar\u0131 derinlikli i\u015flenecek<\/strong><\/h3>\n<h3><strong><img loading=\"lazy\" class=\"alignright wp-image-147721\" src=\"https:\/\/www.enerjigazetesi.ist\/wp-content\/uploads\/2021\/12\/vizyoner21de-iklim-degisikligine-iliskin-iklim-manifestosunu-aciklanacak-2.jpg\" alt=\"\" width=\"320\" height=\"218\" srcset=\"https:\/\/www.enerjigazetesi.ist\/wp-content\/uploads\/2021\/12\/vizyoner21de-iklim-degisikligine-iliskin-iklim-manifestosunu-aciklanacak-2.jpg 619w, https:\/\/www.enerjigazetesi.ist\/wp-content\/uploads\/2021\/12\/vizyoner21de-iklim-degisikligine-iliskin-iklim-manifestosunu-aciklanacak-2-300x205.jpg 300w, https:\/\/www.enerjigazetesi.ist\/wp-content\/uploads\/2021\/12\/vizyoner21de-iklim-degisikligine-iliskin-iklim-manifestosunu-aciklanacak-2-500x341.jpg 500w, https:\/\/www.enerjigazetesi.ist\/wp-content\/uploads\/2021\/12\/vizyoner21de-iklim-degisikligine-iliskin-iklim-manifestosunu-aciklanacak-2-73x50.jpg 73w\" sizes=\"(max-width: 320px) 100vw, 320px\" \/><\/strong><\/h3>\n<p>Yeni \u00e7al\u0131\u015fma d\u00fczeninin merkezinde yer alan <strong>teknoloji, dijital, global, inovasyon<\/strong> gibi kavramlar, M\u00dcS\u0130AD Vizyoner\u201921\u2019de derinlikli olarak i\u015flenecek. Yeni \u00e7al\u0131\u015fma d\u00fczenine y\u00f6n veren bu kavramlar\u0131n i\u015f d\u00fcnyas\u0131n\u0131n gelece\u011fe ili\u015fkin<strong> kal\u0131c\u0131 de\u011ferler \u00fcretebilmesindeki rol\u00fc<\/strong> ortaya \u00e7\u0131kar\u0131lacak. T\u00fcrk i\u015f d\u00fcnyas\u0131na k\u00fcresel arenada rekabet g\u00fcc\u00fc kazand\u0131ran <strong>inovasyon<\/strong>, yenilik\u00e7i pazarlama taktikleri ve <strong>d\u00f6n\u00fc\u015f\u00fcm zirvenin<\/strong> odakland\u0131\u011f\u0131 konular olurken, ilkim krizine kar\u015f\u0131 \u00e7\u00f6z\u00fcm \u00f6nerileriyle de bug\u00fcnden gelecek senaryolar\u0131 konu\u015fulacak. Alan\u0131nda uzman isimlerin tecr\u00fcbelerinin payla\u015f\u0131laca\u011f\u0131, i\u015f d\u00fcnyas\u0131nda <strong>global trendlerin<\/strong> analiz edilece\u011fi, <strong>strateji<\/strong> ve<strong> eylem planlar\u0131n\u0131n<\/strong> olu\u015fturulaca\u011f\u0131 zirvede <strong>i\u015f d\u00fcnyas\u0131<\/strong> i\u00e7in yeni <strong>ilhamlar<\/strong> ve <strong>motivasyon kaynaklar\u0131<\/strong> ortaya konacak.<\/p>\n<h3><strong>\u0130\u015f d\u00fcnyas\u0131n\u0131n t\u00fcm akt\u00f6rlerine a\u00e7\u0131l\u0131m kazand\u0131racak<\/strong><\/h3>\n<p>M\u00dcS\u0130AD Vizyoner\u201921 ile i\u015f d\u00fcnyas\u0131na bilin\u00e7li ve \u00f6ng\u00f6r\u00fclebilir bir gelecek vizyonu kazand\u0131rmay\u0131 hedeflediklerini belirten <strong>M\u00dcS\u0130AD Vizyoner\u201921 \u0130cra Kurulu Ba\u015fkan\u0131 Erkan G\u00fcl<\/strong> \u201cVizyoner\u201921\u2019de i\u015f d\u00fcnyas\u0131n\u0131n t\u00fcm akt\u00f6rlerine gelece\u011fe ili\u015fkin bir a\u00e7\u0131l\u0131m kazand\u0131rmay\u0131 planl\u0131yoruz. Bu nedenle<strong> \u201cFark Et\u201d<\/strong> ana ba\u015fl\u0131\u011f\u0131nda <strong>4 farkl\u0131 alt ba\u015fl\u0131k<\/strong> belirledik. Bu ba\u015fl\u0131klar\u0131n\u0131n t\u00fcm\u00fcn\u00fc bir araya getirdi\u011fimizde hedefledi\u011fimiz fark\u0131ndal\u0131\u011f\u0131 olu\u015fturmu\u015f oluyoruz. Bu seneki etkinli\u011fimizde \u00e7ok say\u0131da farkl\u0131l\u0131k sunaca\u011f\u0131z. Vizyoner\u201921 i\u00e7in <strong>Start-up Exchange Sahnesi<\/strong> ile kar\u015f\u0131n\u0131za \u00e7\u0131kaca\u011f\u0131z. <strong>Start-up ruhunu<\/strong> \u00f6nemseyen giri\u015fimciler bu sahneye \u00e7\u0131kacak, misyon ve vizyonlar\u0131ndan bahsedip start-up fikri olan ki\u015filere de bir yol haritas\u0131 g\u00f6stermi\u015f olacaklar.\u00a0Yine Start-up exchange \u00f6d\u00fcl t\u00f6renimiz ile bir ilki ger\u00e7ekle\u015ftirerek; \u201c<strong>\u00d6zg\u00fcn \u00dcr\u00fcn \u015eampiyonu\u201d, \u201cS\u0131n\u0131r Tan\u0131mayan \u015eampiyon\u201d, \u201cEn \u00c7evreci \u015eampiyon\u201d<\/strong>, \u00f6d\u00fcllerimizi takdim edece\u011fiz. Kendi alan\u0131n\u0131n uzman\u0131 olan se\u00e7ici kurul \u00fcyelerimiz etkinli\u011fimize kat\u0131lan start-up\u2019lar\u0131 de\u011ferlendirecekler. Bu de\u011ferlendirmenin ard\u0131ndan etkinli\u011fimizin sonunda \u00f6d\u00fcl t\u00f6renimiz ger\u00e7ekle\u015fecek. Vizyoner\u201921 Zirvesine davet etti\u011fimiz start-up\u2019lar\u0131n bir\u00e7o\u011funun gelece\u011fin markalar\u0131 haline gelen unicornlara hatta decacorn\u2019lara d\u00f6n\u00fc\u015fece\u011fine i\u00e7tenlikle inan\u0131yoruz. Ayr\u0131ca bir di\u011fer s\u00fcrprizimiz de Start-up\u2019lar i\u00e7in \u00f6zel kitap\u00e7\u0131k ve web sitesinin tasarlanacak olmas\u0131\u2026 Kitap\u00e7\u0131\u011f\u0131m\u0131z ve web sitemizde Start-up\u2019lar\u0131n bilgileri, vizyonlar\u0131 ve ba\u015far\u0131lar\u0131 gibi bilgiler olacak; kitap\u00e7\u0131\u011f\u0131m\u0131z etkinlik zaman\u0131 da\u011f\u0131t\u0131l\u0131rken, start-up bilgilerinin yer ald\u0131\u011f\u0131 web sitemiz, gelecek<strong> Vizyoner\u2019e<\/strong> yani <strong>2023 y\u0131l\u0131na<\/strong> kadar a\u00e7\u0131k kalacakt\u0131r\u201d diye bilgi verdi.<\/p>\n<h3><strong>\u0130klim Manifestosu\u2019nu a\u00e7\u0131klayacak<\/strong><\/h3>\n<p>T\u00fcrkiye ekonomisinin lokomotifleri Kobileri b\u00fcnyesinde bar\u0131nd\u0131ran M\u00dcS\u0130AD, Vizyoner\u201921\u2019de iklim de\u011fi\u015fikli\u011fine ili\u015fkin k\u0131lavuz niteli\u011fi ta\u015f\u0131yan <strong>\u0130klim Manifestosu\u2019nu<\/strong> a\u00e7\u0131klayacak. Bu kapsamda<strong>\u00a0\u201c\u0130klimi Fark Et\u201d<\/strong> ba\u015fl\u0131\u011f\u0131yla daha g\u00fc\u00e7l\u00fc ve s\u00fcrd\u00fcr\u00fclebilir bir ekonomi i\u00e7in<strong> s\u00fcrd\u00fcr\u00fclebilir<\/strong> ve <strong>yenilenebilir enerji d\u00f6n\u00fc\u015f\u00fcm\u00fcn\u00fcn<\/strong> \u00f6nemine dikkat \u00e7ekecek. \u201cM\u00dcS\u0130AD Vizyoner\u201921\u2019de 4 ana konudan biri olan <strong>\u201c\u0130klimi Fark Et\u201d<\/strong> ba\u015fl\u0131\u011f\u0131nda a\u00e7\u0131klanacak \u0130klim Manifestosu,<strong>\u00a0\u201c<\/strong><strong>S\u00fcrd\u00fcr\u00fclebilir Yenilenebilir Enerji\u201d,<\/strong><strong>\u00a0\u201c<\/strong><strong>Ye\u015fil Yak\u0131t Projeksiyonu\u201d,<\/strong><strong>\u00a0\u201c<\/strong><strong>Karbon Sal\u0131m\u0131 D\u00fc\u015f\u00fck Ya da S\u0131f\u0131r Enerji \u00dcretimi\u201d,<\/strong><strong>\u00a0\u201c<\/strong><strong>D\u00f6ng\u00fcsel Ekonomi\u201d, Enerjinin Dijitalle\u015fmesi\u201d\u00a0<\/strong>ve <strong>\u201cParis \u0130klim Anla\u015fmas\u0131 \u0130\u00e7in Sanayi D\u00f6n\u00fc\u015f\u00fcm\u00fcne Uygun Politikalar\u201d\u00a0<\/strong>ba\u015fl\u0131klar\u0131ndan olu\u015fuyor. M\u00dcS\u0130AD Vizyoner\u201921, \u0130klim Manifestosu ile\u00a0i\u015f d\u00fcnyas\u0131n\u0131 iklim kriziyle topyek\u00fcn m\u00fccadeleye davet ederek \u00f6nc\u00fc bir giri\u015fimde bulunacak. Bu kapsamda olu\u015fturulan Dan\u0131\u015fma Kurulu\u2019nda T\u00fcrkiye\u2019nin sayg\u0131n akademisyenlerinden <strong>Prof. Dr. Kerem Alkin, Dr. Sohbet Karbuz, Prof. Dr. \u0130smail Ekmek\u00e7i ve Dr. Cihad Terzio\u011flu<\/strong> yer al\u0131yor.<\/p>\n<h3><strong>De\u011ferlerimizi de \u201cFark Et\u201dtirecek\u00a0<\/strong><\/h3>\n<p><strong>Psikiyatri<\/strong> alan\u0131nda \u00e7ok say\u0131da kongre ve sempozyumda konu\u015fmac\u0131 olarak yer alan yazar, <strong>Psikiyatrist Prof. Dr Kemal Sayar<\/strong> ile \u015fehir ve medeniyet, \u00f6zellikle de <strong>\u0130sl\u00e2m medeniyeti<\/strong> konular\u0131ndaki konu\u015fma ve \u00e7al\u0131\u015fmalar\u0131 ile tan\u0131nan <strong>Prof. Dr Sadettin \u00d6kten de<\/strong> zirvede yerini alacak. \u0130ki uzman isim \u2018<strong>De\u011ferlerimizi Fark Et\u2019\u00a0<\/strong>\u00f6zel panel ba\u015fl\u0131\u011f\u0131 alt\u0131nda, i\u015f d\u00fcnyas\u0131n\u0131n de\u011ferlerinin korunup geli\u015ftirilerek yar\u0131nlara ula\u015ft\u0131r\u0131lmas\u0131na y\u00f6nelik kat\u0131l\u0131mc\u0131lara yol haritas\u0131 sunacak.<\/p>\n<h3><strong>NFT Sergisi ile dijital d\u00f6n\u00fc\u015f\u00fcm\u00fcn g\u00fcc\u00fcn\u00fc sunacak<\/strong><\/h3>\n<p>M\u00dcS\u0130AD Vizyoner\u201921, bu sene <strong>NFT Sergisi<\/strong>\u2019ne de ev sahipli\u011fi yapacak. Birbirinden farkl\u0131<strong> sanat eserlerinin dijital<\/strong> olarak sergilenece\u011fi etkinlik alan\u0131nda yer alan\u00a0<strong>Start-Up Exchange Sahnesi<\/strong> ise T\u00fcrkiye\u2019nin start-uplar\u0131n\u0131 bulu\u015fturacak. T\u00fcrkiye\u2019de <strong>giri\u015fimci ekosistemin<\/strong> geli\u015fimine liderlik eden start-uplar bu sahnede ba\u015far\u0131 \u00f6yk\u00fclerini kat\u0131l\u0131mc\u0131larla payla\u015facak.<\/p>\n<h3><strong>K\u00fclt\u00fcrel \u015f\u00f6len sunacak<\/strong><\/h3>\n<p>Zirvede sergilenecek <strong>dijital sanat eserleriyle<\/strong> dijital d\u00f6n\u00fc\u015f\u00fcm\u00fcn g\u00fcc\u00fcn\u00fc \u00f6rnekleriyle sunacaklar\u0131n\u0131 kaydeden <strong>Erkan G\u00fcl<\/strong>, <em>\u201cVizyoner\u201921 Fark Et Zirvesinde bu sene di\u011fer senelerden farkl\u0131 olarak NFT Sergisi etkinlik alan\u0131nda yer almak i\u00e7in g\u00fcn say\u0131yor. Dijital sanat eserleri olarak bilinen NFT,\u00a0son zamanlarda isminden s\u0131kl\u0131kla s\u00f6z ettirmektedir. G\u00fcn\u00fcm\u00fcz sanat\u0131na yeni bir anlam katan NFT bir sergi olarak <strong>Vizyoner\u201921 Fark Et\u2019te<\/strong> yer alacak. Birbirinden farkl\u0131 <strong>sanat eserleri dijital<\/strong> olarak sergilenecek, gelen t\u00fcm ziyaret\u00e7iler i\u00e7in k\u00fclt\u00fcrel bir \u015f\u00f6len olu\u015fturacak\u201d<\/em> dedi.<\/p>\n<h3><strong>Kat\u0131l\u0131mc\u0131lar rekabet\u00e7i fayda ve f\u0131rsatlar\u0131 ke\u015ffedecek<\/strong><\/h3>\n<p>M\u00dcS\u0130AD Vizyoner\u201921\u2019e kat\u0131lanlar, etkinlik s\u0131ras\u0131nda <strong>B2B POINT bulu\u015fma noktas\u0131<\/strong>nda bir araya gelecek. Alan\u0131nda profesyonel kurumlar ve isimlerle bulu\u015fan kat\u0131l\u0131mc\u0131lar,<strong> fikir al\u0131\u015fveri\u015fi yaparak<\/strong> <strong>networklerini geli\u015ftirme<\/strong> \u015fans\u0131 elde edecek. Kat\u0131l\u0131mc\u0131lar farkl\u0131 konu ba\u015fl\u0131klar\u0131 etraf\u0131nda rekabet\u00e7i fayda ve f\u0131rsatlar\u0131 ke\u015ffederek i\u015flerine <strong>verimlilik kazand\u0131rman\u0131n yollar\u0131n\u0131<\/strong> arayacak.<\/p>","protected":false},"excerpt":{"rendered":"<p>Sorry, this entry is only available in Turkish. For the sake of viewer convenience, the content is shown below in the alternative language. You may click the link to switch the active language. 2015\u2019ten g\u00fcn\u00fcm\u00fcze her 2 y\u0131lda bir d\u00fczenledi\u011fi M\u00dcS\u0130AD Vizyoner etkinlikleriyle i\u015f d\u00fcnyas\u0131n\u0131 gelece\u011fe haz\u0131rl\u0131yor. Bu seneki zirve ba\u015fl\u0131\u011f\u0131n\u0131n \u201cFark Et\u201d\u00a0olarak belirlendi\u011fi\u00a0M\u00dcS\u0130AD Vizyoner\u201921,\u00a0\u201cDijitali [&hellip;]<\/p>\n","protected":false},"author":1,"featured_media":147722,"comment_status":"open","ping_status":"open","sticky":false,"template":"","format":"standard","meta":[],"categories":[53,52,157],"tags":[99368,99366,98551,99369,99367,1296,24043],"views":178,"_links":{"self":[{"href":"https:\/\/www.enerjigazetesi.ist\/en\/wp-json\/wp\/v2\/posts\/147719"}],"collection":[{"href":"https:\/\/www.enerjigazetesi.ist\/en\/wp-json\/wp\/v2\/posts"}],"about":[{"href":"https:\/\/www.enerjigazetesi.ist\/en\/wp-json\/wp\/v2\/types\/post"}],"author":[{"embeddable":true,"href":"https:\/\/www.enerjigazetesi.ist\/en\/wp-json\/wp\/v2\/users\/1"}],"replies":[{"embeddable":true,"href":"https:\/\/www.enerjigazetesi.ist\/en\/wp-json\/wp\/v2\/comments?post=147719"}],"version-history":[{"count":0,"href":"https:\/\/www.enerjigazetesi.ist\/en\/wp-json\/wp\/v2\/posts\/147719\/revisions"}],"wp:featuredmedia":[{"embeddable":true,"href":"https:\/\/www.enerjigazetesi.ist\/en\/wp-json\/wp\/v2\/media\/147722"}],"wp:attachment":[{"href":"https:\/\/www.enerjigazetesi.ist\/en\/wp-json\/wp\/v2\/media?parent=147719"}],"wp:term":[{"taxonomy":"category","embeddable":true,"href":"https:\/\/www.enerjigazetesi.ist\/en\/wp-json\/wp\/v2\/categories?post=147719"},{"taxonomy":"post_tag","embeddable":true,"href":"https:\/\/www.enerjigazetesi.ist\/en\/wp-json\/wp\/v2\/tags?post=147719"}],"curies":[{"name":"wp","href":"https:\/\/api.w.org\/{rel}","templated":true}]}}