{"id":147700,"date":"2021-12-15T16:18:27","date_gmt":"2021-12-15T13:18:27","guid":{"rendered":"https:\/\/www.enerjigazetesi.ist\/?p=147700"},"modified":"2021-12-15T16:21:22","modified_gmt":"2021-12-15T13:21:22","slug":"avrupa-birligi-ar-ge-ve-inovasyon-fonlari-etkinligi-21-aralik-saat-18-00-de","status":"publish","type":"post","link":"https:\/\/www.enerjigazetesi.ist\/en\/avrupa-birligi-ar-ge-ve-inovasyon-fonlari-etkinligi-21-aralik-saat-18-00-de\/","title":{"rendered":"(Turkish) &#8217;Avrupa Birli\u011fi Ar-Ge ve \u0130novasyon Fonlar\u0131&#8217; Etkinli\u011fi 21 Aral\u0131k Saat: 18:00&#8217;de!"},"content":{"rendered":"<p class=\"qtranxs-available-languages-message qtranxs-available-languages-message-en\">Sorry, this entry is only available in <a href=\"https:\/\/www.enerjigazetesi.ist\/tr\/wp-json\/wp\/v2\/posts\/147700\" class=\"qtranxs-available-language-link qtranxs-available-language-link-tr\" title=\"Turkish\">Turkish<\/a>. For the sake of viewer convenience, the content is shown below in the alternative language. You may click the link to switch the active language.<\/p><p><\/p>\n<h2>Kadir Has \u00dcniversitesi Enerji ve S\u00fcrd\u00fcr\u00fclebilir Kalk\u0131nma Merkezi (CESD) ile Enerji ve \u0130klim De\u011fi\u015fikli\u011fi Vakf\u0131 (EN\u0130VA)\u00a0taraf\u0131ndan d\u00fczenlenen\u00a0\u201cYe\u015fil Mutabakat ve <img loading=\"lazy\" class=\"alignright wp-image-147706\" src=\"https:\/\/www.enerjigazetesi.ist\/wp-content\/uploads\/2021\/12\/avrupa-birligi-ar-ge-ve-inovasyon-fonlari-etkinligi-21-aralik-saat-18-00-de-3.jpg\" alt=\"\" width=\"320\" height=\"177\" srcset=\"https:\/\/www.enerjigazetesi.ist\/wp-content\/uploads\/2021\/12\/avrupa-birligi-ar-ge-ve-inovasyon-fonlari-etkinligi-21-aralik-saat-18-00-de-3.jpg 475w, https:\/\/www.enerjigazetesi.ist\/wp-content\/uploads\/2021\/12\/avrupa-birligi-ar-ge-ve-inovasyon-fonlari-etkinligi-21-aralik-saat-18-00-de-3-300x165.jpg 300w, https:\/\/www.enerjigazetesi.ist\/wp-content\/uploads\/2021\/12\/avrupa-birligi-ar-ge-ve-inovasyon-fonlari-etkinligi-21-aralik-saat-18-00-de-3-80x44.jpg 80w\" sizes=\"(max-width: 320px) 100vw, 320px\" \/>T\u00fcrkiye-6\u201d etkinli\u011fi, 21 Aral\u0131k 2021 Sal\u0131 g\u00fcn\u00fc 18:00-19:00 aras\u0131nda d\u00fczenleniyor.<\/h2>\n<p><strong>KHAS CESD M\u00fcd\u00fcr\u00fc<\/strong> ve <strong>EN\u0130VA YK<\/strong> Ba\u015fkan\u0131\u00a0<strong>Prof. Dr. Volkan \u015e. Ediger<\/strong>\u00a0moderat\u00f6rl\u00fc\u011f\u00fcnde, konu\u011fumuz\u00a0<em>T\u00dcB\u0130TAK Ufuk Avrupa \u0130klim, Enerji<\/em> ve <em>Mobilite K\u00fcmesi \u0130rtibat Noktas\u0131 Bilimsel Programlar Uzman\u0131<\/em><strong> \u00c7a\u011fr\u0131 Y\u0131ld\u0131r\u0131m<\/strong>\u00a0ile\u00a0<strong>\u201cAvrupa Birli\u011fi Ar-Ge ve \u0130novasyon Fonlar\u0131\u201d<\/strong> temal\u0131 bir sohbet ger\u00e7ekle\u015ftiriliyor.<\/p>\n<p><strong>Etkinli\u011fe kat\u0131l\u0131m i\u00e7in:<\/strong> <a href=\"https:\/\/bit.ly\/3oAFzMI\" target=\"_blank\" rel=\"noopener\">https:\/\/bit.ly\/3oAFzMI<\/a> adresinden kay\u0131t olunmas\u0131 gerekmektedir.<\/p>","protected":false},"excerpt":{"rendered":"<p>Sorry, this entry is only available in Turkish. For the sake of viewer convenience, the content is shown below in the alternative language. You may click the link to switch the active language. Kadir Has \u00dcniversitesi Enerji ve S\u00fcrd\u00fcr\u00fclebilir Kalk\u0131nma Merkezi (CESD) ile Enerji ve \u0130klim De\u011fi\u015fikli\u011fi Vakf\u0131 (EN\u0130VA)\u00a0taraf\u0131ndan d\u00fczenlenen\u00a0\u201cYe\u015fil Mutabakat ve T\u00fcrkiye-6\u201d etkinli\u011fi, 21 [&hellip;]<\/p>\n","protected":false},"author":1,"featured_media":147703,"comment_status":"open","ping_status":"open","sticky":false,"template":"","format":"standard","meta":[],"categories":[53],"tags":[1192,99352,2132,33146,10263,10262,99351],"views":142,"_links":{"self":[{"href":"https:\/\/www.enerjigazetesi.ist\/en\/wp-json\/wp\/v2\/posts\/147700"}],"collection":[{"href":"https:\/\/www.enerjigazetesi.ist\/en\/wp-json\/wp\/v2\/posts"}],"about":[{"href":"https:\/\/www.enerjigazetesi.ist\/en\/wp-json\/wp\/v2\/types\/post"}],"author":[{"embeddable":true,"href":"https:\/\/www.enerjigazetesi.ist\/en\/wp-json\/wp\/v2\/users\/1"}],"replies":[{"embeddable":true,"href":"https:\/\/www.enerjigazetesi.ist\/en\/wp-json\/wp\/v2\/comments?post=147700"}],"version-history":[{"count":0,"href":"https:\/\/www.enerjigazetesi.ist\/en\/wp-json\/wp\/v2\/posts\/147700\/revisions"}],"wp:featuredmedia":[{"embeddable":true,"href":"https:\/\/www.enerjigazetesi.ist\/en\/wp-json\/wp\/v2\/media\/147703"}],"wp:attachment":[{"href":"https:\/\/www.enerjigazetesi.ist\/en\/wp-json\/wp\/v2\/media?parent=147700"}],"wp:term":[{"taxonomy":"category","embeddable":true,"href":"https:\/\/www.enerjigazetesi.ist\/en\/wp-json\/wp\/v2\/categories?post=147700"},{"taxonomy":"post_tag","embeddable":true,"href":"https:\/\/www.enerjigazetesi.ist\/en\/wp-json\/wp\/v2\/tags?post=147700"}],"curies":[{"name":"wp","href":"https:\/\/api.w.org\/{rel}","templated":true}]}}