{"id":147674,"date":"2021-12-15T11:50:47","date_gmt":"2021-12-15T08:50:47","guid":{"rendered":"https:\/\/www.enerjigazetesi.ist\/?p=147674"},"modified":"2021-12-15T11:55:12","modified_gmt":"2021-12-15T08:55:12","slug":"opet-tarihe-saygi-projesi-online-a-tasindi","status":"publish","type":"post","link":"https:\/\/www.enerjigazetesi.ist\/en\/opet-tarihe-saygi-projesi-online-a-tasindi\/","title":{"rendered":"(Turkish) OPET Tarihe Sayg\u0131 Projesi Online&#8217;a Ta\u015f\u0131nd\u0131"},"content":{"rendered":"<p class=\"qtranxs-available-languages-message qtranxs-available-languages-message-en\">Sorry, this entry is only available in <a href=\"https:\/\/www.enerjigazetesi.ist\/tr\/wp-json\/wp\/v2\/posts\/147674\" class=\"qtranxs-available-language-link qtranxs-available-language-link-tr\" title=\"Turkish\">Turkish<\/a>. For the sake of viewer convenience, the content is shown below in the alternative language. You may click the link to switch the active language.<\/p><p><\/p>\n<h2><strong>OPET Tarihe Sayg\u0131 Projesi\u2019nin 15 y\u0131ldan bu yana aral\u0131ks\u0131z s\u00fcren \u00e7al\u0131\u015fmalar\u0131na \u0131\u015f\u0131k tutan \u201cPayla\u015ft\u0131k\u00e7a \u00c7o\u011falan Zenginlik!\u201d sergisi, yerinde ziyaret edemeyenler i\u00e7in 3 boyutlu \u00f6zel bir \u00e7al\u0131\u015fma ile online ortama ta\u015f\u0131nd\u0131. Di\u011fer yandan P\u0130R\u0130 uygulamas\u0131 ile proje kapsam\u0131nda yap\u0131lan t\u00fcm \u00e7al\u0131\u015fmalar dijital bir tur ile ziyaret edilebiliyor.<\/strong><\/h2>\n<p><strong>OPET\u2019in \u201cTarihe Sayg\u0131 Projesi\u201d kapsam\u0131nda Gelibolu Tarihi Alan\u0131\u2019nda ger\u00e7ekle\u015ftirdi\u011fi t\u00fcm \u00e7al\u0131\u015fmalar ile \u201c2018 Troya Y\u0131l\u0131\u201d<\/strong> kapsam\u0131nda <strong>\u00a0\u2018Arkeo-K\u00f6y\u2019 kimli\u011fi<\/strong> kazanan<strong> Tevfikiye<\/strong> ve <strong>Etno-k\u00f6y<\/strong> olarak yenilenen <strong>\u00c7\u0131plak K\u00f6y\u00fc<\/strong>\u2019ndeki d\u00f6n\u00fc\u015f\u00fcm\u00fcn hikayesi,<strong>\u201cPayla\u015ft\u0131k\u00e7a \u00c7o\u011falan Zenginlik! \u00c7anakkale\u2019nin K\u00fclt\u00fcr Miras\u0131: Gelibolu\u2019dan Troya\u2019ya OPET Tarihe Sayg\u0131 Projesi\u201d\u00a0<\/strong>sergisi \u00e7at\u0131s\u0131 alt\u0131nda<strong>,\u00a0Troya M\u00fczesi\u2019nde<\/strong> sanatseverlerle bulu\u015fuyor.<strong>\u00a0<\/strong>\u201cPayla\u015ft\u0131k\u00e7a \u00c7o\u011falan Zenginlik\u201d sergisi, sosyal sorumluluk anlay\u0131\u015f\u0131na yeni bir boyut kazand\u0131ran Tarihe Sayg\u0131 Projesi\u2019nin <strong>15 y\u0131ll\u0131k ser\u00fcvenine<\/strong> ayna tutuyor. <strong>\u00c7anakkale topraklar\u0131nda<\/strong> hayata ge\u00e7irilen <strong>fiziksel<\/strong> ve <strong>toplumsal d\u00f6n\u00fc\u015f\u00fcm\u00fc<\/strong> t\u00fcm y\u00f6nleriyle ele alan sergi yo\u011fun ilgi \u00fczerine sergi, dijital ortama da ta\u015f\u0131nd\u0131. <strong>Pandemi ko\u015fullar\u0131<\/strong> ve<strong> lokasyon etkisiyle<\/strong> yerinde ziyaret edemeyenler, <a href=\"http:\/\/www.opet.com.tr\">www.opet.com.tr<\/a> \u00fczerinden <strong>3 boyutlu<\/strong> bir \u015fekilde sergiyi gezebilecek. ( Bknz. <a href=\"https:\/\/www.opet.com.tr\/tarihe-saygi-projesi-paylastikca-cogalan-zengin-sergisi\" target=\"_blank\" rel=\"noopener\">https:\/\/www.opet.com.tr\/tarihe-saygi-projesi-paylastikca-cogalan-zengin-sergisi )<\/a><\/p>\n<p style=\"text-align: center;\"><img loading=\"lazy\" class=\"aligncenter wp-image-147676\" src=\"https:\/\/www.enerjigazetesi.ist\/wp-content\/uploads\/2021\/12\/opet-tarihe-saygi-projesi-online-a-tasindi-1.jpg\" alt=\"\" width=\"500\" height=\"232\" srcset=\"https:\/\/www.enerjigazetesi.ist\/wp-content\/uploads\/2021\/12\/opet-tarihe-saygi-projesi-online-a-tasindi-1.jpg 550w, https:\/\/www.enerjigazetesi.ist\/wp-content\/uploads\/2021\/12\/opet-tarihe-saygi-projesi-online-a-tasindi-1-300x139.jpg 300w, https:\/\/www.enerjigazetesi.ist\/wp-content\/uploads\/2021\/12\/opet-tarihe-saygi-projesi-online-a-tasindi-1-500x232.jpg 500w, https:\/\/www.enerjigazetesi.ist\/wp-content\/uploads\/2021\/12\/opet-tarihe-saygi-projesi-online-a-tasindi-1-80x37.jpg 80w\" sizes=\"(max-width: 500px) 100vw, 500px\" \/><\/p>\n<h3><strong>P\u0130R\u0130 TAR\u0130HE SAYGI TURU BA\u015eLIYOR<\/strong><\/h3>\n<p>\u00d6te yandan <strong>Tarihe Sayg\u0131 Projesi,<\/strong> <strong>15\u2019inci<\/strong> y\u0131l\u0131nda \u00f6zel bir dijital bir tur olan <strong>P\u0130R\u0130<\/strong> ile i\u015fbirli\u011fine ta\u015f\u0131nd\u0131. \u015eehirlerin dijital turlarla gezilmesine imkan veren yeni nesil bir rehber olan <strong>P\u0130R\u0130 aplikasyonu<\/strong>na, <strong>Gelibolu Yar\u0131madas\u0131<\/strong>\u2019ndan ba\u015flayan ve <strong>Troya<\/strong>\u2019ya uzanan <strong>Tarihe Sayg\u0131 rotas\u0131<\/strong> eklendi. <strong>Tarihe Sayg\u0131 Projesi\u2019<\/strong>ne \u00f6zel olarak haz\u0131rlanan rotada projeyle ilintili <strong>27 durak<\/strong> bulunuyor. T\u00fcm duraklar opera sanat\u00e7\u0131s\u0131 ve oyuncu<strong> Cihan Ayhan<\/strong>\u2019\u0131n anlat\u0131m\u0131 ile dinleyicilere sunuluyor. <strong>Piri mobil uygulamas\u0131<\/strong>, <strong>Appstore<\/strong> ve <strong>Googleplay<\/strong> \u00fczerinde \u00fccretsiz olarak telefonlara indirilebiliyor.<\/p>\n<p style=\"text-align: center;\"><img loading=\"lazy\" class=\"aligncenter wp-image-147677\" src=\"https:\/\/www.enerjigazetesi.ist\/wp-content\/uploads\/2021\/12\/opet-tarihe-saygi-projesi-online-a-tasindi-02.jpg\" alt=\"\" width=\"500\" height=\"231\" srcset=\"https:\/\/www.enerjigazetesi.ist\/wp-content\/uploads\/2021\/12\/opet-tarihe-saygi-projesi-online-a-tasindi-02.jpg 550w, https:\/\/www.enerjigazetesi.ist\/wp-content\/uploads\/2021\/12\/opet-tarihe-saygi-projesi-online-a-tasindi-02-300x139.jpg 300w, https:\/\/www.enerjigazetesi.ist\/wp-content\/uploads\/2021\/12\/opet-tarihe-saygi-projesi-online-a-tasindi-02-500x231.jpg 500w, https:\/\/www.enerjigazetesi.ist\/wp-content\/uploads\/2021\/12\/opet-tarihe-saygi-projesi-online-a-tasindi-02-80x37.jpg 80w\" sizes=\"(max-width: 500px) 100vw, 500px\" \/><\/p>\n<h3><strong>TAR\u0130HE SAYGI PROJES\u0130, K\u00dcLT\u00dcREL ZENG\u0130NL\u0130KLER\u0130N PAYLA\u015eARAK \u00c7O\u011eALACA\u011eI B\u0130L\u0130NC\u0130N\u0130 YERLE\u015eT\u0130RMEY\u0130 HEDEFL\u0130YOR<\/strong><\/h3>\n<p><em>Bu topraklar\u0131 savunmak ad\u0131na verilmi\u015f iki tarihi m\u00fccadeleyi, <strong>\u00c7anakkale Sava\u015flar\u0131<\/strong> ile<strong> Troya Sava\u015f\u0131\u2019n\u0131<\/strong> k\u00fclt\u00fcrel birikimler \u0131\u015f\u0131\u011f\u0131nda ele alan <strong>OPET Tarihe Sayg\u0131 Projesi<\/strong>,<strong> tarihi<\/strong> ve<strong> k\u00fclt\u00fcrel zenginliklerin<\/strong> payla\u015farak \u00e7o\u011falaca\u011f\u0131 bilincini yerle\u015ftirmeyi hedefliyor. Proje, 2006 y\u0131l\u0131nda k\u00fclt\u00fcr miras\u0131m\u0131z\u0131n \u00e7ok katmanl\u0131 izlerini bar\u0131nd\u0131ran <strong>\u00c7anakkale<\/strong>\u2019de <strong>Gelibolu yar\u0131madas\u0131nda<\/strong> ba\u015flad\u0131. Topraklar\u0131m\u0131z\u0131n ta\u015f\u0131d\u0131\u011f\u0131 zenginliklerin korunarak gelecek ku\u015faklara aktar\u0131lmas\u0131, ulusal ve uluslararas\u0131 d\u00fczeyde tan\u0131t\u0131lmas\u0131 hedefiyle hem fiziksel bir yenilenmeyi hem de toplumsal d\u00f6n\u00fc\u015f\u00fcm\u00fc bir arada ele alan, <strong>yenilik\u00e7i bir sosyal sorumluluk<\/strong> anlay\u0131\u015f\u0131yla hayata ge\u00e7irildi. <strong>Ekonomik, sosyal <\/strong>ve <strong>k\u00fclt\u00fcrel<\/strong> y\u00f6nden \u00e7ok katmanl\u0131 bir geli\u015fim i\u00e7in <strong>b\u00f6lge sakinlerini, resmi kurumlar\u0131<\/strong> ve <strong>sivil organizasyonlar\u0131<\/strong> karar alma s\u00fcre\u00e7lerine dahil edip k\u00fclt\u00fcr miras\u0131 etraf\u0131nda birle\u015ftirerek, i\u015fbirli\u011fi, payla\u015f\u0131m ve kalk\u0131nma odakl\u0131 \u00f6zg\u00fcn bir model uyguland\u0131. <strong>\u00c7anakkale Sava\u015flar\u0131 Gelibolu Tarih\u00ee Alan\u0131<\/strong>\u2019nda, <strong>4 y\u0131l<\/strong> gibi k\u0131sa bir s\u00fcrede <strong>8<\/strong> k\u00f6y, <strong>2<\/strong> \u015fehitlik, <strong>2<\/strong> camii yenilendi, <strong>6<\/strong> m\u00fcze ve k\u00fclt\u00fcr merkezi, <strong>3<\/strong> an\u0131t projesi hayata ge\u00e7irildi, <strong>Eceabat Opet Tarihe Sayg\u0131 Park\u0131<\/strong> ile <strong>bir ortaokul<\/strong> b\u00f6lgeye kazand\u0131r\u0131ld\u0131. Tarih\u00ee Alan i\u00e7erisinde yer alan ve buram buram tarih kokan k\u00f6yler yepyeni bir \u00e7ehre ve tarihlerine yara\u015f\u0131r bir kimlik kazand\u0131. Yerel kalk\u0131nma odakl\u0131 \u00e7al\u0131\u015fmalar \u00e7evresini, tarihini ve k\u00fclt\u00fcrel de\u011ferlerini koruma bilinciyle desteklenirken, <strong>\u00c7anakkale Sava\u015flar\u0131 Gelibolu Tarih\u00ee Alan\u0131<\/strong>\u2019ndaki k\u00f6yler \u00f6zg\u00fcn bir g\u00f6r\u00fcn\u00fcme b\u00fcr\u00fcnd\u00fc.<\/em><\/p>\n<h3><strong>TEVF\u0130K\u0130YE VE \u00c7IPLAK K\u00d6Y\u00dc HALKIN KATILIMIYLA YEN\u0130 B\u0130R \u00c7EHREYE B\u00dcR\u00dcND\u00dc\u00a0<\/strong><\/h3>\n<p><em><strong>\u201c2018 Troya Y\u0131l\u0131\u201d<\/strong> vesilesiyle OPET <strong>\u201cTarihe Sayg\u0131 Projesi\u201d<\/strong> <strong>\u00c7anakkale<\/strong>\u2019nin <strong>Troas b\u00f6lgesi<\/strong>ne ta\u015f\u0131nd\u0131. Bir d\u00fcnya miras\u0131 olan Troya\u2019n\u0131n k\u00fclt\u00fcrel zenginliklerini payla\u015farak \u00e7o\u011faltmak amac\u0131yla b\u00f6lgede ya\u015fayan ve<strong> 1000&#8217;lerce y\u0131ll\u0131k<\/strong> k\u00fclt\u00fcrel ge\u00e7mi\u015fe sahip <strong>\u201cSon Troyal\u0131lar\u201d<\/strong>\u0131n k\u00f6ylerine yepyeni bir \u00e7ehre kazand\u0131r\u0131ld\u0131. <strong>Troya Milli Park\u0131<\/strong> i\u00e7inde bulunan <strong>Tevfikiye K\u00f6y\u00fc<\/strong> arkeolojiyle i\u00e7 i\u00e7e ge\u00e7en tarihinden, <strong>\u00c7\u0131plak K\u00f6y\u00fc<\/strong> ise Troya b\u00f6lgesinin k\u00fclt\u00fcr miras\u0131n\u0131n zenginliklerinden ilham alarak kurgulanm\u0131\u015f konseptlerle yenilendi, de\u011fi\u015fti ve d\u00f6n\u00fc\u015ft\u00fc. <strong>K\u00f6yl\u00fclerin<\/strong> aktif kat\u0131l\u0131m\u0131yla hayata ge\u00e7irilen <strong>Tevfikiye Arkeo-K\u00f6y<\/strong> ve <strong>\u00c7\u0131plak Etno-K\u00f6y<\/strong> uygulamalar\u0131, <strong>\u00d6ren Yeri<\/strong> ile <strong>M\u00fcze<\/strong>\u2019nin temsil etti\u011fi de\u011ferleri bu topraklar\u0131n insanlar\u0131n\u0131n <strong>k\u0131rsal miras\u0131yla<\/strong> birle\u015ftirerek yayg\u0131nla\u015ft\u0131rmay\u0131, ya\u015fatarak ve payla\u015farak zenginle\u015ftirmeyi hedefledi. K\u00f6ylerde hayata ge\u00e7irilen<strong> fiziksel<\/strong> ve<strong> sosyal d\u00f6n\u00fc\u015f\u00fcm<\/strong>, b\u00f6lge insan\u0131n\u0131n<strong> ya\u015fam k\u00fclt\u00fcr\u00fc<\/strong> \u00fczerinden<strong> Troya\u2019y\u0131<\/strong> bug\u00fcnle bulu\u015fturdu.<\/em><\/p>","protected":false},"excerpt":{"rendered":"<p>Sorry, this entry is only available in Turkish. For the sake of viewer convenience, the content is shown below in the alternative language. You may click the link to switch the active language. OPET Tarihe Sayg\u0131 Projesi\u2019nin 15 y\u0131ldan bu yana aral\u0131ks\u0131z s\u00fcren \u00e7al\u0131\u015fmalar\u0131na \u0131\u015f\u0131k tutan \u201cPayla\u015ft\u0131k\u00e7a \u00c7o\u011falan Zenginlik!\u201d sergisi, yerinde ziyaret edemeyenler i\u00e7in 3 [&hellip;]<\/p>\n","protected":false},"author":1,"featured_media":147678,"comment_status":"open","ping_status":"open","sticky":false,"template":"","format":"standard","meta":[],"categories":[53,44],"tags":[99339,4427,99341,4479,99340,88817],"views":395,"_links":{"self":[{"href":"https:\/\/www.enerjigazetesi.ist\/en\/wp-json\/wp\/v2\/posts\/147674"}],"collection":[{"href":"https:\/\/www.enerjigazetesi.ist\/en\/wp-json\/wp\/v2\/posts"}],"about":[{"href":"https:\/\/www.enerjigazetesi.ist\/en\/wp-json\/wp\/v2\/types\/post"}],"author":[{"embeddable":true,"href":"https:\/\/www.enerjigazetesi.ist\/en\/wp-json\/wp\/v2\/users\/1"}],"replies":[{"embeddable":true,"href":"https:\/\/www.enerjigazetesi.ist\/en\/wp-json\/wp\/v2\/comments?post=147674"}],"version-history":[{"count":0,"href":"https:\/\/www.enerjigazetesi.ist\/en\/wp-json\/wp\/v2\/posts\/147674\/revisions"}],"wp:featuredmedia":[{"embeddable":true,"href":"https:\/\/www.enerjigazetesi.ist\/en\/wp-json\/wp\/v2\/media\/147678"}],"wp:attachment":[{"href":"https:\/\/www.enerjigazetesi.ist\/en\/wp-json\/wp\/v2\/media?parent=147674"}],"wp:term":[{"taxonomy":"category","embeddable":true,"href":"https:\/\/www.enerjigazetesi.ist\/en\/wp-json\/wp\/v2\/categories?post=147674"},{"taxonomy":"post_tag","embeddable":true,"href":"https:\/\/www.enerjigazetesi.ist\/en\/wp-json\/wp\/v2\/tags?post=147674"}],"curies":[{"name":"wp","href":"https:\/\/api.w.org\/{rel}","templated":true}]}}