{"id":147647,"date":"2021-12-14T16:12:39","date_gmt":"2021-12-14T13:12:39","guid":{"rendered":"https:\/\/www.enerjigazetesi.ist\/?p=147647"},"modified":"2021-12-14T16:13:26","modified_gmt":"2021-12-14T13:13:26","slug":"teksan-teknoloji-sinifi-ogrencileri-gelecege-emin-ellerde-hazirlaniyor","status":"publish","type":"post","link":"https:\/\/www.enerjigazetesi.ist\/en\/teksan-teknoloji-sinifi-ogrencileri-gelecege-emin-ellerde-hazirlaniyor\/","title":{"rendered":"(Turkish) &#8217;Teksan&#8217; Teknoloji S\u0131n\u0131f\u0131 \u00d6\u011frencileri Gelece\u011fe Emin Ellerde Haz\u0131rlan\u0131yor"},"content":{"rendered":"<p class=\"qtranxs-available-languages-message qtranxs-available-languages-message-en\">Sorry, this entry is only available in <a href=\"https:\/\/www.enerjigazetesi.ist\/tr\/wp-json\/wp\/v2\/posts\/147647\" class=\"qtranxs-available-language-link qtranxs-available-language-link-tr\" title=\"Turkish\">Turkish<\/a>. For the sake of viewer convenience, the content is shown below in the alternative language. You may click the link to switch the active language.<\/p><p><\/p>\n<h2><strong>Enerji \u00e7\u00f6z\u00fcmleri sekt\u00f6r\u00fcne getirdi\u011fi yenilikler ile \u00f6nc\u00fc bir rol \u00fcstlenen Teksan, mesleki e\u011fitimi ileriye ta\u015f\u0131yacak i\u015f birlikleri ile sekt\u00f6r\u00fcn gelece\u011fi olan gen\u00e7lerin en iyi \u015fekilde yeti\u015fmelerine de katk\u0131 sa\u011fl\u0131yor. Teksan\u2019\u0131n, Topkap\u0131 Okullar\u0131 i\u015f birli\u011fi ile \u00d6zel \u0130kitelli OSB Mesleki ve Teknik Anadolu Lisesi Elektrik Elektronik B\u00f6l\u00fcm\u00fc\u2019nde a\u00e7t\u0131\u011f\u0131 Teksan Teknoloji S\u0131n\u0131f\u0131, 2021-2022 e\u011fitim-\u00f6\u011fretim y\u0131l\u0131nda ilk \u00f6\u011frencileri ile e\u011fitime ba\u015flam\u0131\u015ft\u0131. Teksan, ge\u00e7ti\u011fimiz g\u00fcnlerde Teknoloji S\u0131n\u0131f\u0131 \u00f6\u011frencilerini \u0130stanbul Sancaktepe\u2019de bulunan fabrika ve genel merkezinde a\u011f\u0131rlad\u0131. Teknik e\u011fitimlerin ard\u0131ndan \u00fcretim tesisini gezme f\u0131rsat\u0131 bulan \u00f6\u011frenciler, sekt\u00f6re dair de\u011ferli bilgiler edindiler. <\/strong><\/h2>\n<p>Teksan, sekt\u00f6r\u00fcn ihtiya\u00e7 duydu\u011fu donan\u0131mlara sahip gen\u00e7ler yeti\u015ftirme ve gelece\u011fe de\u011fer katma hedefiyle \u00f6nemli bir projeye imza att\u0131. \u00d6zel \u0130kitelli OSB Mesleki ve Teknik Anadolu Lisesi\u2019nde a\u00e7\u0131lan Teksan Teknoloji S\u0131n\u0131f\u0131, <strong>geli\u015fmi\u015f e\u011fitim program\u0131n\u0131n<\/strong> yan\u0131 s\u0131ra <strong>sanayi<\/strong> ile <strong>i\u00e7 i\u00e7e bir \u00f6\u011frenim modeli<\/strong> olu\u015fturuyor. <strong>Teorik<\/strong> ve<strong> pratik<\/strong> <strong>dersleri<\/strong> e\u015f zamanl\u0131 g\u00f6ren Teksan Teknoloji S\u0131n\u0131f\u0131 \u00f6\u011frencileri, <img loading=\"lazy\" class=\"alignright wp-image-147649\" src=\"https:\/\/www.enerjigazetesi.ist\/wp-content\/uploads\/2021\/12\/TeksanTeknolojiSinifi-TeksanIstanbulFabrikaZiyareti-4.jpg\" alt=\"\" width=\"320\" height=\"214\" srcset=\"https:\/\/www.enerjigazetesi.ist\/wp-content\/uploads\/2021\/12\/TeksanTeknolojiSinifi-TeksanIstanbulFabrikaZiyareti-4.jpg 550w, https:\/\/www.enerjigazetesi.ist\/wp-content\/uploads\/2021\/12\/TeksanTeknolojiSinifi-TeksanIstanbulFabrikaZiyareti-4-300x200.jpg 300w, https:\/\/www.enerjigazetesi.ist\/wp-content\/uploads\/2021\/12\/TeksanTeknolojiSinifi-TeksanIstanbulFabrikaZiyareti-4-500x334.jpg 500w, https:\/\/www.enerjigazetesi.ist\/wp-content\/uploads\/2021\/12\/TeksanTeknolojiSinifi-TeksanIstanbulFabrikaZiyareti-4-75x50.jpg 75w, https:\/\/www.enerjigazetesi.ist\/wp-content\/uploads\/2021\/12\/TeksanTeknolojiSinifi-TeksanIstanbulFabrikaZiyareti-4-450x300.jpg 450w\" sizes=\"(max-width: 320px) 100vw, 320px\" \/>e\u011fitimlerini <strong>uygulama at\u00f6lyeleri<\/strong> ve f<strong>abrika ziyaretleri<\/strong> ile daha da ileriye ta\u015f\u0131yor.<\/p>\n<p>Enerji \u00e7\u00f6z\u00fcmleri sekt\u00f6r\u00fcne ihtiya\u00e7 duydu\u011fu nitelikli elemanlar\u0131 kazand\u0131rmak fikriyle ortaya \u00e7\u0131kan Teksan Teknoloji S\u0131n\u0131f\u0131\u2019nda e\u011fitim g\u00f6ren <strong>30 \u00f6\u011frenci, \u00f6\u011fretmenleri<\/strong> e\u015fli\u011finde <strong>Teksan<\/strong>\u2019\u0131n <strong>\u0130stanbul Sancaktepe<\/strong>\u2019de yer alan fabrika ve genel merkezini ziyaret ettiler. Ziyaret kapsam\u0131nda \u00f6\u011frencilere elektrik ve jenerat\u00f6r sistemleri konusunda <strong>Teknik E\u011fitim<\/strong> verildi. Teknik e\u011fitimlerin ard\u0131ndan \u00fcretim tesisi gezildi. <strong>Jenerat\u00f6r \u00fcretimini<\/strong> yerinde g\u00f6rme ve yap\u0131lan \u00e7al\u0131\u015fmalar hakk\u0131nda detayl\u0131 bilgiler alma f\u0131rsat\u0131 bulan \u00f6\u011frencilere ziyaretin sonunda Teksan taraf\u0131ndan <strong>ki\u015fisel<\/strong> ve <strong>mesleki geli\u015fimlerini<\/strong> destekleyecek <strong>kitaplar<\/strong> hediye edildi. <strong>Teknik e\u011fitimler<\/strong> ve<strong> gezilerin<\/strong> y\u0131l i\u00e7inde de devam etmesi planlan\u0131yor.<\/p>\n<p><strong>Teksan Y\u00f6netim Kurulu Ba\u015fkan\u0131 \u00d6zdemir Ata<\/strong>, ziyaret s\u0131ras\u0131nda Teksan Teknoloji S\u0131n\u0131f\u0131 \u00d6\u011frencileri ile yak\u0131ndan ilgilendi ve gen\u00e7lere \u00f6nemli tavsiyelerde bulundu. <strong>Okul-sanayi i\u015fbirli\u011fine<\/strong> g\u00fczel bir \u00f6rnek olu\u015fturan ve sekt\u00f6r\u00fcn <strong>nitelikli eleman a\u00e7\u0131\u011f\u0131 sorununun \u00e7\u00f6z\u00fcm\u00fcne<\/strong> \u00f6nemli katk\u0131lar sa\u011flayacak olan <strong>Teksan Teknoloji S\u0131n\u0131flar\u0131<\/strong>&#8216;n\u0131n T\u00fcrkiye \u00e7ap\u0131nda yayg\u0131nla\u015fmas\u0131n\u0131 hedeflediklerini belirten <strong>\u00d6zdemir Ata<\/strong>, \u015funlar\u0131 s\u00f6yledi: <em>\u201c\u0130yi bir e\u011fitim ve \u00e7ok \u00e7al\u0131\u015fmak sizleri ba\u015far\u0131ya ula\u015ft\u0131racak en \u00f6nemli de\u011ferleriniz olacak. Teksan\u2019\u0131 kurarken en b\u00fcy\u00fck sermayemiz okulda ald\u0131\u011f\u0131m\u0131z e\u011fitim, ba\u015farmaya olan inanc\u0131m\u0131z ve her zaman \u00e7ok \u00e7al\u0131\u015fmakt\u0131. Zorluklar kar\u015f\u0131s\u0131nda y\u0131lmadan, hep ilerlemeyi hedefleyerek ve kendimize g\u00fcvenerek bug\u00fcnlere geldik. Okul s\u0131ralar\u0131ndan i\u015f hayat\u0131na at\u0131ld\u0131\u011f\u0131m\u0131zda bug\u00fcn geldi\u011fimiz noktay\u0131 hayal bile edemezdik ama \u00e7ok \u00e7al\u0131\u015farak bu hayali ba\u015fard\u0131k. \u00dclkemiz sanayine, ihracat\u0131na ve istihdam\u0131na \u00f6nemli katk\u0131lar sunan, T\u00fcrkiye\u2019nin en b\u00fcy\u00fck sanayi \u015firketleri aras\u0131na girmeyi ba\u015fard\u0131k. Biz sizlere g\u00fcveniyor ve \u00e7ok iyi yerlere gelece\u011finize inan\u0131yoruz. Siz de her zaman kendinize inan\u0131n ve g\u00fcvenin. \u00c7ok de\u011ferli \u00f6\u011fretmenlerinizin eme\u011fi ve sizlerin gayretli \u00e7al\u0131\u015fmalar\u0131n\u0131zla, i\u015f hayat\u0131na \u00e7ok iyi bir \u015fekilde haz\u0131rlanacak,<strong> mezun olduktan sonra<\/strong> sanayideki yerinizi alacaks\u0131n\u0131z. Biz de <strong>Teksan<\/strong> olarak Teknoloji S\u0131n\u0131f\u0131na<strong> uygulamal\u0131 e\u011fitim imkan\u0131<\/strong>, makine ve ekipman deste\u011fi yan\u0131nda sizlerin geli\u015fime katk\u0131 sa\u011flayacak her t\u00fcrl\u00fc deste\u011fi vermeye devam edece\u011fiz. Yolunuz a\u00e7\u0131k olsun.\u201d<\/em><\/p>","protected":false},"excerpt":{"rendered":"<p>Sorry, this entry is only available in Turkish. For the sake of viewer convenience, the content is shown below in the alternative language. You may click the link to switch the active language. Enerji \u00e7\u00f6z\u00fcmleri sekt\u00f6r\u00fcne getirdi\u011fi yenilikler ile \u00f6nc\u00fc bir rol \u00fcstlenen Teksan, mesleki e\u011fitimi ileriye ta\u015f\u0131yacak i\u015f birlikleri ile sekt\u00f6r\u00fcn gelece\u011fi olan gen\u00e7lerin [&hellip;]<\/p>\n","protected":false},"author":1,"featured_media":147650,"comment_status":"open","ping_status":"open","sticky":false,"template":"","format":"standard","meta":[],"categories":[51,53],"tags":[21210,27518,96177,99324],"views":173,"_links":{"self":[{"href":"https:\/\/www.enerjigazetesi.ist\/en\/wp-json\/wp\/v2\/posts\/147647"}],"collection":[{"href":"https:\/\/www.enerjigazetesi.ist\/en\/wp-json\/wp\/v2\/posts"}],"about":[{"href":"https:\/\/www.enerjigazetesi.ist\/en\/wp-json\/wp\/v2\/types\/post"}],"author":[{"embeddable":true,"href":"https:\/\/www.enerjigazetesi.ist\/en\/wp-json\/wp\/v2\/users\/1"}],"replies":[{"embeddable":true,"href":"https:\/\/www.enerjigazetesi.ist\/en\/wp-json\/wp\/v2\/comments?post=147647"}],"version-history":[{"count":0,"href":"https:\/\/www.enerjigazetesi.ist\/en\/wp-json\/wp\/v2\/posts\/147647\/revisions"}],"wp:featuredmedia":[{"embeddable":true,"href":"https:\/\/www.enerjigazetesi.ist\/en\/wp-json\/wp\/v2\/media\/147650"}],"wp:attachment":[{"href":"https:\/\/www.enerjigazetesi.ist\/en\/wp-json\/wp\/v2\/media?parent=147647"}],"wp:term":[{"taxonomy":"category","embeddable":true,"href":"https:\/\/www.enerjigazetesi.ist\/en\/wp-json\/wp\/v2\/categories?post=147647"},{"taxonomy":"post_tag","embeddable":true,"href":"https:\/\/www.enerjigazetesi.ist\/en\/wp-json\/wp\/v2\/tags?post=147647"}],"curies":[{"name":"wp","href":"https:\/\/api.w.org\/{rel}","templated":true}]}}