{"id":14764,"date":"2013-09-02T10:23:45","date_gmt":"2013-09-02T07:23:45","guid":{"rendered":"https:\/\/www.enerjigazetesi.ist\/?p=14764"},"modified":"2013-09-02T10:39:26","modified_gmt":"2013-09-02T07:39:26","slug":"enerji-verimliligi-etkinlikleri-ne-kadar-enerji-verimli","status":"publish","type":"post","link":"https:\/\/www.enerjigazetesi.ist\/en\/enerji-verimliligi-etkinlikleri-ne-kadar-enerji-verimli\/","title":{"rendered":"(Turkish) Enerji Verimlili\u011fi Etkinlikleri; Ne Kadar Enerji Verimli?"},"content":{"rendered":"<p class=\"qtranxs-available-languages-message qtranxs-available-languages-message-en\">Sorry, this entry is only available in <a href=\"https:\/\/www.enerjigazetesi.ist\/tr\/wp-json\/wp\/v2\/posts\/14764\" class=\"qtranxs-available-language-link qtranxs-available-language-link-tr\" title=\"Turkish\">Turkish<\/a>. For the sake of viewer convenience, the content is shown below in the alternative language. You may click the link to switch the active language.<\/p><p><strong><span style=\"font-size: small;\">Yakla\u015f\u0131k 27 senedir; yenilenebilir enerji, n\u00fckleer enerji, enerji verimlili\u011fi, ye\u015fil bina, \u00e7evre vb. konularda yaz\u0131p, m\u00fcmk\u00fcn oldu\u011funca t\u00fcm etkinliklere, panel-konferans-kongre-\u00e7al\u0131\u015ftay vb. toplant\u0131lara d\u00fczenleyici, kolayla\u015ft\u0131r\u0131c\u0131, konu\u015fmac\u0131 ve-veya izleyici olarak kat\u0131l\u0131yoruz. <\/span><\/strong><\/p>\n<p>Tuttu\u011fumuz notlardan, yaka-boyun kartlar\u0131n\u0131n say\u0131s\u0131ndan, alm\u0131\u015f oldu\u011fumuz kat\u0131l\u0131m belge ve plaketlerinden derleyerek yapm\u0131\u015f oldu\u011fumuz bir tesbiti ve nacizene \u00f6nerilerimizi; enerji sekt\u00f6r\u00fcyle ve sekt\u00f6r\u00fcn en az bizim kadar bu konularda art\u0131k s\u0131k\u0131nt\u0131-b\u0131kk\u0131nl\u0131k ya\u015fayanlar\u0131na da, ma\u011fdur ve muzdariplerine de terc\u00fcman olaca\u011f\u0131n\u0131 d\u00fc\u015f\u00fcnerek payla\u015fmak arzusunday\u0131z.<\/p>\n<p><strong>2007\u2019de<\/strong> yay\u0131nlanan<strong> \u201cEnerji Verimlili\u011fi Kanunu\u201d<\/strong> sonras\u0131, yaz\u0131p-konu\u015fman\u0131n yan\u0131s\u0131ra \u00f6zellikle sahaya inip, s\u00f6ylemlerimizin en az\u0131ndan biz k\u0131sm\u0131n\u0131n uygulamas\u0131na ba\u015flad\u0131ktan sonraki 6 y\u0131ld\u0131r da, yakla\u015f\u0131k; 200 civar\u0131nda etkinli\u011fe kat\u0131lm\u0131\u015f\u0131z. Y\u0131ll\u0131k ortalamas\u0131; 35 etkinlik\/40 g\u00fcn. Bu etkinliklerin, yakla\u015f\u0131k; %80\u2019i de ya\u015fad\u0131\u011f\u0131m\u0131z Ankara d\u0131\u015f\u0131nda ve %85\u2019i hafta i\u00e7i, %15\u2019i de hafta sonu yap\u0131lm\u0131\u015f.<\/p>\n<p>\u00dclkemizde her y\u0131l en az 300\u2019den fazla yerel-ulusal-uluslararas\u0131; enerji-enerji verimlili\u011fi-yenilenebilir enerji, ye\u015fil bina-ak\u0131ll\u0131 \u015febekeler-ak\u0131ll\u0131 \u015fehirler, mekanik tesisat, ayd\u0131nlatma, yal\u0131t\u0131m, malzeme vb. fuar\u0131, sempozyumu, kongresi, \u00e7al\u0131\u015ftay\u0131, paneli, semineri vb. yap\u0131lmaktad\u0131r. San\u0131r\u0131m yaln\u0131zca konu\u015fan, pek i\u015f yapmay\u0131 sevmeyen, \u201c\u00e7ok konu\u015fup-az i\u015f yapan\u201d bir toplum oldu\u011fumuz i\u00e7in, \u00e7ok fazla etkinlik d\u00fczenliyoruz.<\/p>\n<p><strong><span style=\"font-size: small;\">B\u00fct\u00fcn bu etkinlikleri:<\/span><\/strong><\/p>\n<p><strong>&#8211;<\/strong>Sadece etkinlik yapmak i\u00e7in; etkinlik yap\u0131lmas\u0131,<\/p>\n<p>-Ayn\u0131 yerde, ayn\u0131 zamanlarda, ayn\u0131 konulardaki etkinliklerin; hep ayn\u0131 panelist-kat\u0131l\u0131mc\u0131larla yap\u0131lmas\u0131,<\/p>\n<p>-Kendi ki\u015fisel enerjilerimizin, vakitlerimizin; harcanmas\u0131-verimsiz kullan\u0131lmas\u0131,<\/p>\n<p>-Etkinliklere kat\u0131lmak \u00fczere; i\u015flerimizden-ailelerimizden uzak kal\u0131nmas\u0131,<\/p>\n<p>-Etkinliklere kat\u0131lmak i\u00e7in; otob\u00fcs-u\u00e7ak-binek ara\u00e7larda harcad\u0131\u011f\u0131m\u0131z enerji ve olu\u015fturdu\u011fumuz karbon ayak izi,<\/p>\n<p>-Etkinliklerin yap\u0131ld\u0131\u011f\u0131 kamu-\u00f6zel toplant\u0131, kongre, k\u00fclt\u00fcr merkezi salonlar\u0131n\u0131n hem kendisinin hem de yer ald\u0131\u011f\u0131 kamu binas\u0131n\u0131n, otelin, kongre-k\u00fclt\u00fcr-fuar merkezlerinin; enerji verimsiz olu\u015fu, hatta fazla ayd\u0131nlatma ve \u0131s\u0131tma-so\u011futma enerjisi kullanan, iyi-do\u011fru ayd\u0131nlat\u0131lmayan (akkor lambal\u0131, halojenli, spotlu, avizeli) salonlarda yap\u0131lmas\u0131,<\/p>\n<p>-Etkinliklerde kurumsal-ki\u015fisel olarak yer almak, bro\u015f\u00fcr da\u011f\u0131tmak, stant almak, \u201cg\u00f6r\u00fcnmek\u201d zorunda kal\u0131nmas\u0131ndan dolay\u0131; harcanan verimsiz finansal kaynaklar\u0131 da de\u011ferlendirdi\u011fimizde, <span style=\"font-size: small;\">\u00e7ok b\u00fcy\u00fck bir k\u0131sm\u0131; tekrar, gereksiz, sadece ticari, verimsiz, fazla etkin ve yetkin olmayan, amaca ve hedefe ula\u015fmayan etkinlikler olarak nitelenebilir.<\/span><\/p>\n<p>Bir\u00e7o\u011fu (salt ticari olanlar\u0131n d\u0131\u015f\u0131nda) tamamen iyi niyet, fark\u0131ndal\u0131k yaratma, kamuoyunu bilin\u00e7lendirme, \u00fcyelerini bilgilendirme, sosyal sorumluluk, pro<span style=\"font-size: small;\"><a href=\"https:\/\/www.enerjigazetesi.ist\/wp-content\/uploads\/2013\/07\/enerji-verimliligi-semineri-elazig.jpg\"><img loading=\"lazy\" class=\"alignleft size-medium wp-image-12769\" title=\"enerji-verimliligi-etkinlikleri-ne-kadar-enerji-verimli\" src=\"https:\/\/www.enerjigazetesi.ist\/wp-content\/uploads\/2013\/07\/enerji-verimliligi-semineri-elazig-300x181.jpg\" alt=\"\" width=\"300\" height=\"181\" srcset=\"https:\/\/www.enerjigazetesi.ist\/wp-content\/uploads\/2013\/07\/enerji-verimliligi-semineri-elazig-300x181.jpg 300w, https:\/\/www.enerjigazetesi.ist\/wp-content\/uploads\/2013\/07\/enerji-verimliligi-semineri-elazig-80x48.jpg 80w, https:\/\/www.enerjigazetesi.ist\/wp-content\/uploads\/2013\/07\/enerji-verimliligi-semineri-elazig.jpg 480w\" sizes=\"(max-width: 300px) 100vw, 300px\" \/><\/a><\/span>je tan\u0131t\u0131m\u0131 ve proje \u00e7\u0131kt\u0131lar\u0131n\u0131n payla\u015f\u0131lmas\u0131, kurum ve kurulu\u015flar\u0131n yasal g\u00f6rev, zorunluluk vb. nedenlerle yap\u0131lmas\u0131na ra\u011fmen, \u00e7o\u011fu zaman istenildi\u011fi kadar maalesef \u201cverimli-etkin\u201d olamamaktad\u0131r.<\/p>\n<p>\u0130yi \u00f6rnek say\u0131labilecek etkinlikler aras\u0131nda kar amac\u0131 g\u00fctmeyen \u201cS\u00fcrd\u00fcr\u00fclebilirlik Akademisi\u201d taraf\u0131ndan her y\u0131l d\u00fczenlenen \u201cYe\u015fil \u0130\u015f Zirvesi\u201d etkinliklerinde; nispeten etkinliklere kat\u0131lanlar\u0131n \u201ckarbon ayak izini\u201d n\u00f6t\u00fcrlemeye, sunulan yemek ve ikramlar\u0131n \u201cekolojik\u201d ve \u201c\u201dyerel\u201d olmas\u0131na, etkinliklerin-sunumlar\u0131n-panellerin daha \u00f6zel konu ve uygulama odakl\u0131 olmas\u0131na, panelistlerin her y\u0131l farkl\u0131 olmas\u0131na gayret edilmektedir. Uluslararas\u0131 ICCI Fuar\u0131nda da \u201ckarbon n\u00f6t\u00fcr\u201d etkinlik olmas\u0131na dikkat edilmektedir. Di\u011fer etkinlikleri d\u00fczenleyenlerin de; en az\u0131ndan bu hususlara art\u0131k dikkat etmesini umuyoruz ve talep ediyoruz.<\/p>\n<p>Bunun yan\u0131s\u0131ra, \u00e7o\u011fu bu t\u00fcr etkinliklerde olmak \u00fczere ve ayr\u0131ca her konuda k\u0131sa-yetersiz sadece teorik e\u011fitim, kurs, etkinlik, sertifika, kat\u0131l\u0131m belgesi, SMM puan\u0131 vb. d\u00fczenlemek, bunlara s\u0131rf bu nedenle kat\u0131lmak, onlarca konuda \u201csertifikal\u0131-kat\u0131l\u0131m belgeli uzman\u201dlar yeti\u015ftirmek ama\u00e7l\u0131; adeta yeni bir \u201csertifika-kat\u0131l\u0131m belgesi\u201d verilmesi modas\u0131 da olu\u015fturulmu\u015f durumdad\u0131r. Art\u0131k gen\u00e7 meslekta\u015f m\u00fchendis arkada\u015flar\u0131n cv\u2019lerinde; onlarca bu t\u00fcr toplant\u0131lara, sertifika ve e\u011fitim pro\u011framlar\u0131na kat\u0131lm\u0131\u015f olduklar\u0131 belirtiliyor, ancak maalesef hi\u00e7bir zaman bunlar\u0131 kullanma f\u0131rsat\u0131 olamayacak i\u015flerde \u00e7al\u0131\u015fmak zorunda kal\u0131yorlar ya da \u00e7al\u0131\u015fma f\u0131rsat\u0131 bulam\u0131yorlar. Yani bu e\u011fitimlere b\u00fcy\u00fck paralar-zamanlar harcanmas\u0131 ve sertifika almalar\u0131, maalesef onlara daha iyi bir i\u015f ve do\u011fru kariyer sa\u011flayam\u0131yor.<\/p>\n<p><strong><span style=\"font-size: small;\">NE YAPILMALI\/NASIL YAPMALI?<\/span><\/strong><\/p>\n<p>Daha <strong>verimli-etkin-yetkin-faydal\u0131 etkinlikler nas\u0131l yap\u0131lmal\u0131<\/strong> ve nerelerde d\u00fczenlenmeli?<\/p>\n<p>Cevab\u0131 kolay olmamakla birlikte, bilebildi\u011fimiz kadar\u0131 ile baz\u0131 nacizane \u00f6nerilerimizi sizlerle tart\u0131\u015fmaya, de\u011ferli kamuoyu ile payla\u015fmaya ve m\u00fcmk\u00fcnse de uygulanmas\u0131n\u0131 sa\u011flamaya \u00e7al\u0131\u015faca\u011f\u0131z.<\/p>\n<p>1- Sekt\u00f6rel Dernekler; Enerji Verimlili\u011fi Platformu-Meclisi olu\u015fturup, TOBB, TMMOB, T\u00dcS\u0130AD, M\u00dcS\u0130AD, TUSKON, \u0130MSAD, \u0130SKAV, EYDER, EYODER vb. sekt\u00f6r temsilcileri ile ilgili-ili\u015fkili Bakanl\u0131klar bir araya gelmeli ve \u00fclkenin \u00f6ncelikleri, ihtiya\u00e7lar\u0131 i\u00e7in her ba\u015fl\u0131kta-kapsamda y\u0131lda (yurtd\u0131\u015f\u0131nda yap\u0131ld\u0131\u011f\u0131 gibi) 1 kez veya iki y\u0131lda 1 kez uluslararas\u0131 \u00e7ok b\u00fcy\u00fck fuarlar-kongreler-\u00e7al\u0131\u015ftaylar d\u00fczenlenmelidir. Alt sekt\u00f6r ve daha detayl\u0131 konular\u0131n-ba\u015fl\u0131klar\u0131n da y\u0131ll\u0131k planlanmas\u0131 da; benzer etkinlik ve fuarlar\u0131n birle\u015ftirilmesi, b\u00f6lgesel da\u011f\u0131l\u0131mlar\u0131n\u0131n \u00f6nceliklerinin belirlenmesi ile sa\u011flanmal\u0131d\u0131r. Bu t\u00fcr organizasyonlar\u0131 yapmak, y\u00f6nlendirmek, d\u00fczenlemek, \u00f6nceliklendirmek \u00fczere; kamu-\u00f6zel ilgili-ili\u015fkili-yetkili kurum-kurulu\u015flarla birlikte; \u201c<strong>Enerji Verimlili\u011fi Merkezi<\/strong> (EVEM)\u201d kurulmal\u0131d\u0131r.<\/p>\n<p>2- Genel kongre, sempozyumlar, paneller yerine, daha \u00f6zelle\u015fmi\u015f, somut ve pratik uygulamalar, \u201ccase study\u201d, \u201cba\u015far\u0131 \u00f6rnekleri\u201d, \u201cpilot uygulamalar\u201d \u00fczerinden, t\u00fcm ilgili taraflar\u0131n yer alaca\u011f\u0131 interaktif \u00e7al\u0131\u015ftaylar yap\u0131lmal\u0131d\u0131r.<\/p>\n<p>3- Bu etkinliklerin yap\u0131laca\u011f\u0131 <strong>\u015fehir, belediye ve otel, kongre salonlar\u0131n\u0131n<\/strong> da \u201c<strong>ye\u015fil-s\u00fcrd\u00fcr\u00fclebilir-\u00e7evre dostu, enerji verimlili\u011fi, karbon ayakizi, karbon n\u00f6tr<\/strong>\u201d <strong>k\u0131staslar\u0131na uygun yerler<\/strong> olarak se\u00e7ilmelidir. Etkinliklerde; yerel ve do\u011fal-ekolojik g\u0131da\/yemek kullan\u0131m\u0131 zorunlu hale getirilmelidir. Bu kriterlere uygun yerler aras\u0131nda tercih, ihale yap\u0131lmal\u0131, \u015fartnamelere-sat\u0131n almalara konulmal\u0131d\u0131r. Bu kriterleri sa\u011flamalar\u0131, dolayl\u0131 olsa da te\u015fvik edilmelidir. Bunlar\u0131 sa\u011flayamayacak olan yerlerde, en az\u0131ndan \u201cenerji verimlili\u011fi\u201d, \u201ckarbon\u201d, \u201ciklim de\u011fi\u015fikli\u011fi\u201d, \u201cye\u015fil bina\u201d etkinlikleri yap\u0131lmamal\u0131d\u0131r.<\/p>\n<p>4- Etkinlikler uzun s\u00fcreli, g\u00fcnlerce s\u00fcren, tatil ama\u00e7l\u0131, gezi ama\u00e7l\u0131 kurgulanmamal\u0131d\u0131r. Bu etkinliklere kat\u0131lacak personelin de; bu konularla, i\u015flerle ilgili, bilgili, merakl\u0131 olanlardan se\u00e7ilmesi ve kat\u0131ld\u0131klar\u0131 etkinli\u011fin konusunu-kapsam\u0131n\u0131 kurumlar\u0131na raporlamalar\u0131, benzer bir genel sunumu, kat\u0131lamayan di\u011fer personele yapmalar\u0131 gerekmektedir.<\/p>\n<p>5- Etkinlikler <strong>en fazla 2 g\u00fcn \u00fcst \u00fcste yap\u0131lmal\u0131<\/strong>, daha fazla uzat\u0131lmamal\u0131d\u0131r. Panellerde de moderat\u00f6r-kolayla\u015ft\u0131r\u0131c\u0131 d\u0131\u015f\u0131nda; 2 konu\u015fmac\u0131 ya da \u00e7ok gerekli-zorunlu ise; en fazla 3 konu\u015fmac\u0131 olmal\u0131d\u0131r. Ayn\u0131 konuda \u00e7al\u0131\u015fan, yakla\u015f\u0131k ayn\u0131 konularda uzman ki\u015filer yerine; farkl\u0131, sekt\u00f6r\u00fcn, konu ba\u015fl\u0131\u011f\u0131n\u0131n di\u011fer k\u0131s\u0131mlar\u0131nda uzman olanlar, tamamlay\u0131c\u0131 olacaklar tercih edilmelidir. M\u00fcmk\u00fcnse o konunun kamudaki en \u00fcst d\u00fczey muhattab\u0131, kurum temsilcisi de muhakkak kat\u0131lmal\u0131d\u0131r. T\u00fcm taraflar\u0131n olmad\u0131\u011f\u0131 etkinlikler yap\u0131lmamal\u0131d\u0131r.<\/p>\n<p>6- Daha \u00f6nce ayn\u0131 konuda \u00e7ok fazla sunumlar yapm\u0131\u015f, ne s\u00f6yledi\u011fi art\u0131k bilinen-ezberlenen (\u00f6rne\u011fin benim gibi), sunumunu bile de\u011fi\u015ftirmeyen uzmanlar\u0131n-panelistlerin yerine, sekt\u00f6r\u00fcn sayg\u0131 duydu\u011fu, uzmanl\u0131\u011f\u0131na g\u00fcven duydu\u011fu farkl\u0131-yeni ki\u015filer, yakla\u015f\u0131mlar \u00f6ne \u00e7\u0131kar\u0131lmal\u0131d\u0131r. Genel bilgi-s\u00f6ylemler ve tekrarlar yerine; somut \u00e7\u00f6z\u00fcm \u00f6nerileri, ba\u015far\u0131 \u00f6yk\u00fcleri olanlar sunum yapmal\u0131, panellere \u00e7a\u011fr\u0131lmal\u0131d\u0131r.<\/p>\n<p>7- M\u00fcmk\u00fcnse bu etkinlikler internet \u00fczerinden yay\u0131nlanmal\u0131, kat\u0131lmak isteyenler ba\u011flan\u0131p, evinden-i\u015fyerinden izleyebilmeli, b\u00f6ylelikle \u201cenerjimizin, zaman\u0131m\u0131z\u0131n, paralar\u0131m\u0131z\u0131n, karbon ayakizimizin harcanmas\u0131n\u0131n\u201d \u00f6n\u00fcne ge\u00e7ilmelidir.<\/p>\n<p>8- Etkinlikteki t\u00fcm sunumlar, internet ortam\u0131nda yay\u0131nlanmal\u0131 ve gidemeyen-gitmeyen merakl\u0131s\u0131na, ilgilisine ula\u015fabilmelidir.<\/p>\n<p>9- \u00d6zellikle <strong>kamunun enerji verimlili\u011fi et\u00fct ve VAP projelerini; <\/strong>hibe, sponsorluk ve pilot uygulamalarla yapt\u0131rmaya \u00e7al\u0131\u015fmalar\u0131 da, sa\u011fl\u0131kl\u0131 ve <strong>s\u00fcrd\u00fcr\u00fclebilir bir model olu\u015fturmad\u0131\u011f\u0131<\/strong> i\u00e7in <strong>do\u011fru de\u011fildir.<\/strong> Bunun yerine; <strong>elde edilecek tasarruf \u00fczerinden<\/strong> kendini <strong>finanse eden<\/strong>, kamu cari enerji b\u00fct\u00e7esine bile gerek kalmayan \u201c<strong>enerji performans anla\u015fmas\u0131<\/strong>(EPC)\u201d yaparak \u201cger\u00e7ek\u201d, <strong>uygulanabilir<\/strong> ve <strong>s\u00fcrd\u00fcr\u00fclebilir bir enerji verimlili\u011fi<\/strong> sa\u011flanmal\u0131d\u0131r.<\/p>\n<p><strong><span style=\"font-size: small;\">SONS\u00d6Z YER\u0130NE\u2026<\/span><\/strong><\/p>\n<p>En az\u0131ndan kendi ad\u0131ma, bundan b\u00f6yle bu t\u00fcr etkinliklerden m\u00fcmk\u00fcnse ve yaln\u0131zca; \u201cenerji verimli mekanlarda\u201d, \u201ckarbon ayakizi n\u00f6t\u00fcrlenmi\u015f yerlerde\u201d yap\u0131lanlar\u0131na, \u00e7\u00f6z\u00fcm ve uygulama odakl\u0131, asgari m\u00fc\u015fterekte t\u00fcm taraflar\u0131n bir arada temsil edildi\u011fi, daha \u00f6zelle\u015fmi\u015f konularda yap\u0131lanlar\u0131na kat\u0131lmaya \u00f6zellikle gayret edece\u011fim.<\/p>\n<p><span style=\"font-size: small;\">Yazan: Arif K\u00dcNAR \/ <\/span>VEN ESCO A.\u015e. Genel M\u00fcd\u00fcr\u00fc<\/p>\n<p>Yay\u0131nc\u0131: <a href=\"https:\/\/www.enerjigazetesi.ist\" target=\"_blank\">Enerji Gazetesi<\/a><\/p>\n<p>&nbsp;<\/p>","protected":false},"excerpt":{"rendered":"<p>Sorry, this entry is only available in Turkish. For the sake of viewer convenience, the content is shown below in the alternative language. You may click the link to switch the active language.Yakla\u015f\u0131k 27 senedir; yenilenebilir enerji, n\u00fckleer enerji, enerji verimlili\u011fi, ye\u015fil bina, \u00e7evre vb. konularda yaz\u0131p, m\u00fcmk\u00fcn oldu\u011funca t\u00fcm etkinliklere, panel-konferans-kongre-\u00e7al\u0131\u015ftay vb. toplant\u0131lara d\u00fczenleyici, [&hellip;]<\/p>\n","protected":false},"author":1,"featured_media":12769,"comment_status":"open","ping_status":"open","sticky":false,"template":"","format":"standard","meta":[],"categories":[53,52],"tags":[1107,63,67,1009,8172,165,103,12,8170,8173,8171,4785,1999,1426,8169,8167,1296,1423,793,8168],"views":877,"_links":{"self":[{"href":"https:\/\/www.enerjigazetesi.ist\/en\/wp-json\/wp\/v2\/posts\/14764"}],"collection":[{"href":"https:\/\/www.enerjigazetesi.ist\/en\/wp-json\/wp\/v2\/posts"}],"about":[{"href":"https:\/\/www.enerjigazetesi.ist\/en\/wp-json\/wp\/v2\/types\/post"}],"author":[{"embeddable":true,"href":"https:\/\/www.enerjigazetesi.ist\/en\/wp-json\/wp\/v2\/users\/1"}],"replies":[{"embeddable":true,"href":"https:\/\/www.enerjigazetesi.ist\/en\/wp-json\/wp\/v2\/comments?post=14764"}],"version-history":[{"count":14,"href":"https:\/\/www.enerjigazetesi.ist\/en\/wp-json\/wp\/v2\/posts\/14764\/revisions"}],"predecessor-version":[{"id":14766,"href":"https:\/\/www.enerjigazetesi.ist\/en\/wp-json\/wp\/v2\/posts\/14764\/revisions\/14766"}],"wp:featuredmedia":[{"embeddable":true,"href":"https:\/\/www.enerjigazetesi.ist\/en\/wp-json\/wp\/v2\/media\/12769"}],"wp:attachment":[{"href":"https:\/\/www.enerjigazetesi.ist\/en\/wp-json\/wp\/v2\/media?parent=14764"}],"wp:term":[{"taxonomy":"category","embeddable":true,"href":"https:\/\/www.enerjigazetesi.ist\/en\/wp-json\/wp\/v2\/categories?post=14764"},{"taxonomy":"post_tag","embeddable":true,"href":"https:\/\/www.enerjigazetesi.ist\/en\/wp-json\/wp\/v2\/tags?post=14764"}],"curies":[{"name":"wp","href":"https:\/\/api.w.org\/{rel}","templated":true}]}}