{"id":147582,"date":"2021-12-13T15:02:41","date_gmt":"2021-12-13T12:02:41","guid":{"rendered":"https:\/\/www.enerjigazetesi.ist\/?p=147582"},"modified":"2021-12-13T15:03:08","modified_gmt":"2021-12-13T12:03:08","slug":"sedas-sen-de-bir-atesbocegi-yak-kampanyasina-dahil-oldu","status":"publish","type":"post","link":"https:\/\/www.enerjigazetesi.ist\/en\/sedas-sen-de-bir-atesbocegi-yak-kampanyasina-dahil-oldu\/","title":{"rendered":"(Turkish) SEDA\u015e &#8216;Sen de Bir Ate\u015fb\u00f6ce\u011fi Yak&#8217; Kampanyas\u0131&#8217;na Dahil Oldu"},"content":{"rendered":"<p class=\"qtranxs-available-languages-message qtranxs-available-languages-message-en\">Sorry, this entry is only available in <a href=\"https:\/\/www.enerjigazetesi.ist\/tr\/wp-json\/wp\/v2\/posts\/147582\" class=\"qtranxs-available-language-link qtranxs-available-language-link-tr\" title=\"Turkish\">Turkish<\/a>. For the sake of viewer convenience, the content is shown below in the alternative language. You may click the link to switch the active language.<\/p><p><\/p>\n<h2><strong>Birle\u015fmi\u015f Milletler Kad\u0131n Birimi\u2019nin, kad\u0131na \u015fiddete kar\u015f\u0131 fark\u0131ndal\u0131\u011f\u0131 art\u0131rma amac\u0131yla d\u00fczenledi\u011fi \u201cSen de bir ate\u015f b\u00f6ce\u011fi yak\u201d kampanyas\u0131na SEDA\u015e da dahil oldu. Trafo boyamas\u0131, sosyal medya payla\u015f\u0131mlar\u0131, SEDA\u015e \u00dcst Y\u00f6netim Ekibi ve \u00e7al\u0131\u015fanlar\u0131n konuya y\u00f6nelik video mesajlar\u0131, SMS ve \u00e7a\u011fr\u0131 merkezi mesajlar\u0131 gibi \u00e7al\u0131\u015fmalarla 16 g\u00fcn boyunca kad\u0131na \u015fiddete kay\u0131ts\u0131z kalmama \u00e7a\u011fr\u0131s\u0131 yap\u0131ld\u0131.<\/strong><\/h2>\n<p><strong>Sakarya Elektrik Da\u011f\u0131t\u0131m A.\u015e. (SEDA\u015e)<\/strong>, Birle\u015fmi\u015f Milletler Kad\u0131n Birimi taraf\u0131ndan d\u00fczenlenen \u201cSen de bir ate\u015f b\u00f6ce\u011fi yak\u201d kampanyas\u0131na kat\u0131ld\u0131. <strong>25 Kas\u0131m Kad\u0131na Y\u00f6nelik \u015eiddete Kar\u015f\u0131 Uluslararas\u0131 M\u00fccadele G\u00fcn\u00fc<\/strong>\u2019nde ba\u015flayan<strong> 16 g\u00fcnl\u00fck kampanya<\/strong> boyunca \u00e7e\u015fitli uygulamalarla <img loading=\"lazy\" class=\"alignright wp-image-147584\" src=\"https:\/\/www.enerjigazetesi.ist\/wp-content\/uploads\/2021\/12\/sedas-sen-de-bir-atesbocegi-yak-kampanyasina-dahil-oldu-1.jpg\" alt=\"\" width=\"320\" height=\"253\" srcset=\"https:\/\/www.enerjigazetesi.ist\/wp-content\/uploads\/2021\/12\/sedas-sen-de-bir-atesbocegi-yak-kampanyasina-dahil-oldu-1.jpg 550w, https:\/\/www.enerjigazetesi.ist\/wp-content\/uploads\/2021\/12\/sedas-sen-de-bir-atesbocegi-yak-kampanyasina-dahil-oldu-1-300x237.jpg 300w, https:\/\/www.enerjigazetesi.ist\/wp-content\/uploads\/2021\/12\/sedas-sen-de-bir-atesbocegi-yak-kampanyasina-dahil-oldu-1-500x395.jpg 500w, https:\/\/www.enerjigazetesi.ist\/wp-content\/uploads\/2021\/12\/sedas-sen-de-bir-atesbocegi-yak-kampanyasina-dahil-oldu-1-63x50.jpg 63w\" sizes=\"(max-width: 320px) 100vw, 320px\" \/>kad\u0131na \u015fiddetle ilgili <strong>toplumsal fark\u0131ndal\u0131\u011f\u0131n art\u0131r\u0131lmas\u0131<\/strong> hedeflendi.<strong> \u201cKay\u0131ts\u0131z Kalmay\u0131n\u201d<\/strong> slogan\u0131yla y\u00fcr\u00fct\u00fclen aktivizm hareketi, <strong>kad\u0131nlar\u0131n maruz kald\u0131klar\u0131 \u015fiddetin<\/strong> son bulmas\u0131 i\u00e7in herkesi duyarl\u0131 olmaya davet ediyor.<\/p>\n<p>SEDA\u015e, kampanyaya dahil olan \u00e7al\u0131\u015fmalar\u0131yla kad\u0131nlar\u0131n kar\u015f\u0131la\u015ft\u0131klar\u0131<strong> toplumsal cinsiyete dayal\u0131 \u015fiddet<\/strong> ve<strong> ayr\u0131mc\u0131l\u0131\u011fa<\/strong> dikkat \u00e7ekti. <strong>Tuvalimiz Trafolar projesi<\/strong> kapsam\u0131nda, faaliyet b\u00f6lgesinde bulunan bir trafoya <strong>#Kay\u0131ts\u0131zKalmay\u0131n<\/strong> etiketiyle birlikte <strong>SEDA\u015e \u00e7al\u0131\u015fanlar\u0131<\/strong> taraf\u0131ndan ate\u015fb\u00f6ce\u011fi g\u00f6rseli resmedildi.<\/p>\n<p><strong>SEDA\u015e \u00dcst Y\u00f6netim Ekibi<\/strong> ve<strong> \u00e7al\u0131\u015fanlar\u0131n<\/strong> kampanyaya dair \u00e7a\u011fr\u0131lar\u0131n\u0131n bulundu\u011fu videolar haz\u0131rlanan <strong>SEDA\u015e \u00dcst Y\u00f6netim Ekibi<\/strong> ak, sosyal medya hesaplar\u0131ndan payla\u015f\u0131l\u0131rken m\u00fc\u015fterilere g\u00f6nderilen SMS\u2019ler ve \u00e7a\u011fr\u0131 merkezi arac\u0131l\u0131\u011f\u0131yla da konuyla ilgili mesajlar iletildi. <strong>16 g\u00fcnl\u00fck<\/strong> aktivizm kampanyas\u0131 boyunca t\u00fcm \u00e7al\u0131\u015fanlara fark\u0131ndal\u0131k ama\u00e7l\u0131<strong> turuncu yaka kurdelesi<\/strong> ile <strong>ate\u015fb\u00f6ce\u011fi sembol\u00fc<\/strong> da\u011f\u0131t\u0131ld\u0131 ve \u015firket bilgisayarlar\u0131nda <strong>ekran koruyucu<\/strong> olarak <strong>ate\u015f b\u00f6ce\u011fi tasar\u0131m\u0131<\/strong> kullan\u0131ld\u0131.<\/p>","protected":false},"excerpt":{"rendered":"<p>Sorry, this entry is only available in Turkish. For the sake of viewer convenience, the content is shown below in the alternative language. You may click the link to switch the active language. Birle\u015fmi\u015f Milletler Kad\u0131n Birimi\u2019nin, kad\u0131na \u015fiddete kar\u015f\u0131 fark\u0131ndal\u0131\u011f\u0131 art\u0131rma amac\u0131yla d\u00fczenledi\u011fi \u201cSen de bir ate\u015f b\u00f6ce\u011fi yak\u201d kampanyas\u0131na SEDA\u015e da dahil oldu. [&hellip;]<\/p>\n","protected":false},"author":1,"featured_media":147585,"comment_status":"open","ping_status":"open","sticky":false,"template":"","format":"standard","meta":[],"categories":[51,53],"tags":[98840,2873,2444,99307,99306,96394],"views":167,"_links":{"self":[{"href":"https:\/\/www.enerjigazetesi.ist\/en\/wp-json\/wp\/v2\/posts\/147582"}],"collection":[{"href":"https:\/\/www.enerjigazetesi.ist\/en\/wp-json\/wp\/v2\/posts"}],"about":[{"href":"https:\/\/www.enerjigazetesi.ist\/en\/wp-json\/wp\/v2\/types\/post"}],"author":[{"embeddable":true,"href":"https:\/\/www.enerjigazetesi.ist\/en\/wp-json\/wp\/v2\/users\/1"}],"replies":[{"embeddable":true,"href":"https:\/\/www.enerjigazetesi.ist\/en\/wp-json\/wp\/v2\/comments?post=147582"}],"version-history":[{"count":0,"href":"https:\/\/www.enerjigazetesi.ist\/en\/wp-json\/wp\/v2\/posts\/147582\/revisions"}],"wp:featuredmedia":[{"embeddable":true,"href":"https:\/\/www.enerjigazetesi.ist\/en\/wp-json\/wp\/v2\/media\/147585"}],"wp:attachment":[{"href":"https:\/\/www.enerjigazetesi.ist\/en\/wp-json\/wp\/v2\/media?parent=147582"}],"wp:term":[{"taxonomy":"category","embeddable":true,"href":"https:\/\/www.enerjigazetesi.ist\/en\/wp-json\/wp\/v2\/categories?post=147582"},{"taxonomy":"post_tag","embeddable":true,"href":"https:\/\/www.enerjigazetesi.ist\/en\/wp-json\/wp\/v2\/tags?post=147582"}],"curies":[{"name":"wp","href":"https:\/\/api.w.org\/{rel}","templated":true}]}}