{"id":147576,"date":"2021-12-13T14:23:44","date_gmt":"2021-12-13T11:23:44","guid":{"rendered":"https:\/\/www.enerjigazetesi.ist\/?p=147576"},"modified":"2021-12-13T14:27:01","modified_gmt":"2021-12-13T11:27:01","slug":"solar-cofund-2-projesi-2021-yili-cagrisi-son-basvuru-tarihleri-uzatildi","status":"publish","type":"post","link":"https:\/\/www.enerjigazetesi.ist\/en\/solar-cofund-2-projesi-2021-yili-cagrisi-son-basvuru-tarihleri-uzatildi\/","title":{"rendered":"(Turkish) &#8217;Solar Cofund 2 Projesi&#8217; 2021 Y\u0131l\u0131 \u00c7a\u011fr\u0131s\u0131&#8217;n\u0131n Son Ba\u015fvuru Tarihleri Uzat\u0131ld\u0131"},"content":{"rendered":"<p class=\"qtranxs-available-languages-message qtranxs-available-languages-message-en\">Sorry, this entry is only available in <a href=\"https:\/\/www.enerjigazetesi.ist\/tr\/wp-json\/wp\/v2\/posts\/147576\" class=\"qtranxs-available-language-link qtranxs-available-language-link-tr\" title=\"Turkish\">Turkish<\/a>. For the sake of viewer convenience, the content is shown below in the alternative language. You may click the link to switch the active language.<\/p><p><\/p>\n<h2 class=\"text-align-justify\"><strong>Solar Cofund 2 (SOLAR-ERA.NET Cofund 2) projesi 2021 Y\u0131l\u0131 \u00e7a\u011fr\u0131 takviminde, son ba\u015fvuru tarihlerinde de\u011fi\u015fikliklere gidildi\u011fi a\u00e7\u0131klan\u0131rken 1&#8217;inci a\u015fama uluslararas\u0131 ba\u015fvuru tarihi uzat\u0131larak 12.01.2022 olarak belirlendi.<\/strong><\/h2>\n<p><img loading=\"lazy\" class=\"alignright wp-image-147578\" src=\"https:\/\/www.enerjigazetesi.ist\/wp-content\/uploads\/2021\/12\/solar-cofund-2-projesi-2021-yili-cagrisi-son-basvuru-tarihleri-uzatildi.jpeg\" alt=\"\" width=\"320\" height=\"177\" srcset=\"https:\/\/www.enerjigazetesi.ist\/wp-content\/uploads\/2021\/12\/solar-cofund-2-projesi-2021-yili-cagrisi-son-basvuru-tarihleri-uzatildi.jpeg 561w, https:\/\/www.enerjigazetesi.ist\/wp-content\/uploads\/2021\/12\/solar-cofund-2-projesi-2021-yili-cagrisi-son-basvuru-tarihleri-uzatildi-300x166.jpeg 300w, https:\/\/www.enerjigazetesi.ist\/wp-content\/uploads\/2021\/12\/solar-cofund-2-projesi-2021-yili-cagrisi-son-basvuru-tarihleri-uzatildi-500x276.jpeg 500w, https:\/\/www.enerjigazetesi.ist\/wp-content\/uploads\/2021\/12\/solar-cofund-2-projesi-2021-yili-cagrisi-son-basvuru-tarihleri-uzatildi-80x44.jpeg 80w\" sizes=\"(max-width: 320px) 100vw, 320px\" \/><\/p>\n<p><strong>Ufuk2020 Program\u0131<\/strong> kapsam\u0131nda desteklenen bir <strong>Era-Net Cofund projesi<\/strong> olan <strong>SOLAR-ERA.NET Cofund 2 projesi<\/strong>nin ana amac\u0131, <strong>Avrupa \u00fclkeleri<\/strong> aras\u0131nda g\u00fcne\u015f enerjisinden elektrik elde edilmesi konular\u0131nda <strong>sanayinin<\/strong> ve <strong>akademinin<\/strong> y\u00fcr\u00fctt\u00fc\u011f\u00fc \u00e7al\u0131\u015fmalarda <strong>ara\u015ft\u0131rma<\/strong> ve <strong>geli\u015ftirme<\/strong> ortakl\u0131klar\u0131n\u0131n kurulmas\u0131 ve g\u00fcne\u015f enerjisinden enerji elde edilmesi konusunda uygulamalar\u0131n art\u0131r\u0131lmas\u0131d\u0131r. Uluslararas\u0131 proje \u00e7a\u011fr\u0131s\u0131na, <strong>en az 1 kat\u0131l\u0131mc\u0131n\u0131n<\/strong> end\u00fcstriden olmas\u0131 kayd\u0131 ile en az<strong> 2 farkl\u0131<\/strong> \u00fclkeden<strong> 2 kat\u0131l\u0131mc\u0131y\u0131<\/strong> i\u00e7eren <strong>uluslararas\u0131 konsorsiyumlar<\/strong> kat\u0131labilecek.<\/p>\n<h3><strong>\u00c7a\u011fr\u0131 kapsam\u0131nda projelerin a\u015fa\u011f\u0131daki konular\u0131 <span style=\"text-decoration: underline;\">hedeflemesi beklenmektedir:<\/span><\/strong><\/h3>\n<p>&#8211; Geli\u015fmi\u015f <strong>End\u00fcstriyel PV Teknolojileri<\/strong><br \/>\n&#8211; Geli\u015fmekte Olan <strong>PV Teknolojileri<\/strong><br \/>\n&#8211; Bina ve Altyap\u0131ya <strong>Entegre PV Teknolojileri<\/strong><br \/>\n&#8211; PV Santrallerinde <strong>Performans Art\u0131r\u0131c\u0131 Teknolojiler<\/strong><\/p>\n<p><strong>Uluslararas\u0131 \u00e7a\u011fr\u0131 takviminde ger\u00e7ekle\u015fen bu de\u011fi\u015fiklikler sonucu \u00e7a\u011fr\u0131 takviminin g\u00fcncel hali\u00a0<a class=\"file file--mime-application-pdf file--application-pdf\" href=\"https:\/\/ufukavrupa.org.tr\/sites\/default\/files\/inline-files\/ek3-solar-era-net-cofund-2021-ulusal-takvim2.pdf\" target=\"_blank\" rel=\"noopener\" data-entity-type=\"file\" data-entity-uuid=\"3e8c3610-7c82-4b42-a364-b5013b9fb2b5\">ekte yer almaktad\u0131r &gt;&gt;&gt;<\/a><\/strong><\/p>","protected":false},"excerpt":{"rendered":"<p>Sorry, this entry is only available in Turkish. For the sake of viewer convenience, the content is shown below in the alternative language. You may click the link to switch the active language. Solar Cofund 2 (SOLAR-ERA.NET Cofund 2) projesi 2021 Y\u0131l\u0131 \u00e7a\u011fr\u0131 takviminde, son ba\u015fvuru tarihlerinde de\u011fi\u015fikliklere gidildi\u011fi a\u00e7\u0131klan\u0131rken 1&#8217;inci a\u015fama uluslararas\u0131 ba\u015fvuru tarihi [&hellip;]<\/p>\n","protected":false},"author":1,"featured_media":147578,"comment_status":"open","ping_status":"open","sticky":false,"template":"","format":"standard","meta":[],"categories":[51,53,49],"tags":[99305,2206,99304,60963],"views":391,"_links":{"self":[{"href":"https:\/\/www.enerjigazetesi.ist\/en\/wp-json\/wp\/v2\/posts\/147576"}],"collection":[{"href":"https:\/\/www.enerjigazetesi.ist\/en\/wp-json\/wp\/v2\/posts"}],"about":[{"href":"https:\/\/www.enerjigazetesi.ist\/en\/wp-json\/wp\/v2\/types\/post"}],"author":[{"embeddable":true,"href":"https:\/\/www.enerjigazetesi.ist\/en\/wp-json\/wp\/v2\/users\/1"}],"replies":[{"embeddable":true,"href":"https:\/\/www.enerjigazetesi.ist\/en\/wp-json\/wp\/v2\/comments?post=147576"}],"version-history":[{"count":0,"href":"https:\/\/www.enerjigazetesi.ist\/en\/wp-json\/wp\/v2\/posts\/147576\/revisions"}],"wp:featuredmedia":[{"embeddable":true,"href":"https:\/\/www.enerjigazetesi.ist\/en\/wp-json\/wp\/v2\/media\/147578"}],"wp:attachment":[{"href":"https:\/\/www.enerjigazetesi.ist\/en\/wp-json\/wp\/v2\/media?parent=147576"}],"wp:term":[{"taxonomy":"category","embeddable":true,"href":"https:\/\/www.enerjigazetesi.ist\/en\/wp-json\/wp\/v2\/categories?post=147576"},{"taxonomy":"post_tag","embeddable":true,"href":"https:\/\/www.enerjigazetesi.ist\/en\/wp-json\/wp\/v2\/tags?post=147576"}],"curies":[{"name":"wp","href":"https:\/\/api.w.org\/{rel}","templated":true}]}}