{"id":147504,"date":"2021-12-12T17:56:29","date_gmt":"2021-12-12T14:56:29","guid":{"rendered":"https:\/\/www.enerjigazetesi.ist\/?p=147504"},"modified":"2021-12-12T17:58:41","modified_gmt":"2021-12-12T14:58:41","slug":"escevder-eskisehir-de-deprem-gercegini-masaya-yatirdi","status":"publish","type":"post","link":"https:\/\/www.enerjigazetesi.ist\/en\/escevder-eskisehir-de-deprem-gercegini-masaya-yatirdi\/","title":{"rendered":"(Turkish) &#8217;ESCEVDER&#8217; Eski\u015fehir\u2019de Deprem Ger\u00e7e\u011fi\u2019ni Masaya Yat\u0131rd\u0131"},"content":{"rendered":"<p class=\"qtranxs-available-languages-message qtranxs-available-languages-message-en\">Sorry, this entry is only available in <a href=\"https:\/\/www.enerjigazetesi.ist\/tr\/wp-json\/wp\/v2\/posts\/147504\" class=\"qtranxs-available-language-link qtranxs-available-language-link-tr\" title=\"Turkish\">Turkish<\/a>. For the sake of viewer convenience, the content is shown below in the alternative language. You may click the link to switch the active language.<\/p><p><\/p>\n<h2>Escevder \/ Eski\u015fehir \u00c7evre Derne\u011fi, Dede Mah. \u0130mamzade sok. No.11 Odunpazar\u0131 adresinde 11 Aral\u0131k 2021 saat 14.00&#8217;de d\u00fczenlenen &#8220;Eski\u015fehir\u2019de Deprem Ger\u00e7e\u011fi&#8221; konulu bir bilgilendirme toplant\u0131s\u0131 yapm\u0131\u015f olup dernek \u00fcyesi TMMOB Jeoloji M\u00fchendisleri Odas\u0131 Esk.\u015eube Ba\u015fkan\u0131 <strong>Prof. Dr. Can AYDAY <\/strong>bir sunum ger\u00e7ekle\u015ftirmi\u015ftir.<\/h2>\n<p><strong>Prof.Dr. Can AYDAY, <\/strong>Eski\u015fehir<strong> 200 milyon \u00f6nce<\/strong> etraf\u0131 <strong>denizlerle \u00e7evrili bir ada<\/strong> oldu\u011funu <img loading=\"lazy\" class=\"alignright wp-image-147506\" src=\"https:\/\/www.enerjigazetesi.ist\/wp-content\/uploads\/2021\/12\/escevder-eskisehir-de-deprem-gercegini-masaya-yatirdi-1.jpg\" alt=\"\" width=\"320\" height=\"240\" srcset=\"https:\/\/www.enerjigazetesi.ist\/wp-content\/uploads\/2021\/12\/escevder-eskisehir-de-deprem-gercegini-masaya-yatirdi-1.jpg 550w, https:\/\/www.enerjigazetesi.ist\/wp-content\/uploads\/2021\/12\/escevder-eskisehir-de-deprem-gercegini-masaya-yatirdi-1-300x225.jpg 300w, https:\/\/www.enerjigazetesi.ist\/wp-content\/uploads\/2021\/12\/escevder-eskisehir-de-deprem-gercegini-masaya-yatirdi-1-500x375.jpg 500w, https:\/\/www.enerjigazetesi.ist\/wp-content\/uploads\/2021\/12\/escevder-eskisehir-de-deprem-gercegini-masaya-yatirdi-1-67x50.jpg 67w\" sizes=\"(max-width: 320px) 100vw, 320px\" \/>zamanla sular\u0131n \u00e7ekilerek <strong>Eski\u015fehir ovas\u0131n\u0131n<\/strong> olu\u015ftu\u011funu, <strong>fay hatlar\u0131n\u0131n \u00fczerinde<\/strong> in\u015fa edildi\u011fini, <strong>1956 y\u0131l\u0131nda<\/strong> b\u00fcy\u00fck deprem oldu\u011funu ve sonraki b\u00fcy\u00fck depremin bu tarihten itibaren ise<strong> 70-120 y\u0131l<\/strong> sonra olu\u015fabilece\u011fini ve deprem b\u00fcy\u00fckl\u00fc\u011f\u00fcn\u00fcn<strong> 6.4 \u2013 6.8 b\u00fcy\u00fckl\u00fc\u011f\u00fcnde<\/strong> olaca\u011f\u0131n\u0131 dile getirmi\u015ftir.<\/p>\n<p><strong>Eski\u015fehir \u00c7evre Koruma Derne\u011fi<\/strong>, \u00fcyelerini bilin\u00e7lendirme \u00e7al\u0131\u015fmalar\u0131na devam etmekte olup,<strong> 18 Aral\u0131k 2021<\/strong> tarihinde <strong>Dt. Ahmet \u00d6ZKO\u00c7<\/strong> \u00a0<strong>\u201cA\u011f\u0131z ve Di\u015f Sa\u011fl\u0131\u011f\u0131\u201d<\/strong> konusunda dernek \u00fcyelerine bilgilendirme toplant\u0131s\u0131 yapacakt\u0131r.<\/p>\n<p><strong>Eski\u015fehir \u00c7evre Koruma ve Geli\u015ftirme Derne\u011fi ( ESCEVDER ) <\/strong>olarak<em> orman alanlar\u0131n\u0131n yok olmamas\u0131, suyumuzun israf edilmemesi, havam\u0131z\u0131n kirletilmemesi<\/em> ve <strong>\u00e7evremizin ya\u015fanabilir bir do\u011fa harikas\u0131<\/strong> olmas\u0131 i\u00e7in bundan \u00f6nce yapt\u0131\u011f\u0131 \u00e7al\u0131\u015fmalar\u0131n\u0131 bundan sonra da kararl\u0131l\u0131kla s\u00fcrd\u00fcrecek olup her Cumartesi g\u00fcn\u00fc <strong>\u00e7evre dostlar\u0131n\u0131 bilgilendirme<\/strong> \u00e7al\u0131\u015fmalar\u0131na devam ederek bu gelene\u011fini s\u00fcrd\u00fcrecektir. 12.12.2021<\/p>","protected":false},"excerpt":{"rendered":"<p>Sorry, this entry is only available in Turkish. For the sake of viewer convenience, the content is shown below in the alternative language. You may click the link to switch the active language. Escevder \/ Eski\u015fehir \u00c7evre Derne\u011fi, Dede Mah. \u0130mamzade sok. No.11 Odunpazar\u0131 adresinde 11 Aral\u0131k 2021 saat 14.00&#8217;de d\u00fczenlenen &#8220;Eski\u015fehir\u2019de Deprem Ger\u00e7e\u011fi&#8221; konulu [&hellip;]<\/p>\n","protected":false},"author":1,"featured_media":147507,"comment_status":"open","ping_status":"open","sticky":false,"template":"","format":"standard","meta":[],"categories":[53],"tags":[77754,71840,99209],"views":111,"_links":{"self":[{"href":"https:\/\/www.enerjigazetesi.ist\/en\/wp-json\/wp\/v2\/posts\/147504"}],"collection":[{"href":"https:\/\/www.enerjigazetesi.ist\/en\/wp-json\/wp\/v2\/posts"}],"about":[{"href":"https:\/\/www.enerjigazetesi.ist\/en\/wp-json\/wp\/v2\/types\/post"}],"author":[{"embeddable":true,"href":"https:\/\/www.enerjigazetesi.ist\/en\/wp-json\/wp\/v2\/users\/1"}],"replies":[{"embeddable":true,"href":"https:\/\/www.enerjigazetesi.ist\/en\/wp-json\/wp\/v2\/comments?post=147504"}],"version-history":[{"count":0,"href":"https:\/\/www.enerjigazetesi.ist\/en\/wp-json\/wp\/v2\/posts\/147504\/revisions"}],"wp:featuredmedia":[{"embeddable":true,"href":"https:\/\/www.enerjigazetesi.ist\/en\/wp-json\/wp\/v2\/media\/147507"}],"wp:attachment":[{"href":"https:\/\/www.enerjigazetesi.ist\/en\/wp-json\/wp\/v2\/media?parent=147504"}],"wp:term":[{"taxonomy":"category","embeddable":true,"href":"https:\/\/www.enerjigazetesi.ist\/en\/wp-json\/wp\/v2\/categories?post=147504"},{"taxonomy":"post_tag","embeddable":true,"href":"https:\/\/www.enerjigazetesi.ist\/en\/wp-json\/wp\/v2\/tags?post=147504"}],"curies":[{"name":"wp","href":"https:\/\/api.w.org\/{rel}","templated":true}]}}