{"id":147472,"date":"2021-12-11T15:00:27","date_gmt":"2021-12-11T12:00:27","guid":{"rendered":"https:\/\/www.enerjigazetesi.ist\/?p=147472"},"modified":"2021-12-11T15:01:03","modified_gmt":"2021-12-11T12:01:03","slug":"citroen-ami-herkes-icin-yuzde-100-elektrikli-ulasim-cozumu","status":"publish","type":"post","link":"https:\/\/www.enerjigazetesi.ist\/en\/citroen-ami-herkes-icin-yuzde-100-elektrikli-ulasim-cozumu\/","title":{"rendered":"(Turkish) Citro\u00ebn Ami; Herkes \u0130\u00e7in %100 Elektrikli Ula\u015f\u0131m \u00c7\u00f6z\u00fcm\u00fc!"},"content":{"rendered":"<p class=\"qtranxs-available-languages-message qtranxs-available-languages-message-en\">Sorry, this entry is only available in <a href=\"https:\/\/www.enerjigazetesi.ist\/tr\/wp-json\/wp\/v2\/posts\/147472\" class=\"qtranxs-available-language-link qtranxs-available-language-link-tr\" title=\"Turkish\">Turkish<\/a>. For the sake of viewer convenience, the content is shown below in the alternative language. You may click the link to switch the active language.<\/p><p><\/p>\n<h2><strong>Citro\u00ebn, 101&#8217;inci y\u0131l\u0131nda tamamen elektrikli Ami ile \u015fimdi T\u00fcrk t\u00fcketicisinin \u2018yol arkada\u015f\u0131\u2019 oluyor. Frans\u0131zca\u2019da \u2018arkada\u015f\u2019 anlam\u0131na gelen s\u00f6zc\u00fckten esinlenen model Ami, m\u00fc\u015fterilerinden ilham alan yenilik\u00e7i ve yeni t\u00fcketim bi\u00e7imlerine uyum sa\u011flayan bir markan\u0131n \u015fehir i\u00e7i ula\u015f\u0131m zorluklar\u0131na ve \u00e7evresel kayg\u0131lara sunmu\u015f oldu\u011fu yenilik\u00e7i bir \u00e7\u00f6z\u00fcm olarak \u00f6ne \u00e7\u0131k\u0131yor. <\/strong><\/h2>\n<p><strong>Ami \u2013<\/strong> <strong>100% \u00eblectric<\/strong>; iki koltuklu, tamamen <strong>elektrikli, konforlu, kompakt<\/strong> ve <strong>ki\u015fiselle\u015ftirilebilir<\/strong> bir \u015fehir i\u00e7i <strong>ula\u015f\u0131m \u00e7\u00f6z\u00fcm\u00fc<\/strong> sunarken <strong>45 km\/saat<\/strong>\u2019e kadar h\u0131za ula\u015fabilen <img loading=\"lazy\" class=\"alignright wp-image-147475\" src=\"https:\/\/www.enerjigazetesi.ist\/wp-content\/uploads\/2021\/12\/citroen-ami-herkes-icin-yuzde-100-elektrikli-ulasim-cozumu-2.jpg\" alt=\"\" width=\"320\" height=\"221\" srcset=\"https:\/\/www.enerjigazetesi.ist\/wp-content\/uploads\/2021\/12\/citroen-ami-herkes-icin-yuzde-100-elektrikli-ulasim-cozumu-2.jpg 550w, https:\/\/www.enerjigazetesi.ist\/wp-content\/uploads\/2021\/12\/citroen-ami-herkes-icin-yuzde-100-elektrikli-ulasim-cozumu-2-300x207.jpg 300w, https:\/\/www.enerjigazetesi.ist\/wp-content\/uploads\/2021\/12\/citroen-ami-herkes-icin-yuzde-100-elektrikli-ulasim-cozumu-2-500x345.jpg 500w, https:\/\/www.enerjigazetesi.ist\/wp-content\/uploads\/2021\/12\/citroen-ami-herkes-icin-yuzde-100-elektrikli-ulasim-cozumu-2-73x50.jpg 73w\" sizes=\"(max-width: 320px) 100vw, 320px\" \/>model, <strong>16 ya\u015f\u0131ndan itibaren<\/strong> kullan\u0131labilmesi ile <strong>her ya\u015ftan kullan\u0131c\u0131 i\u00e7in<\/strong> bamba\u015fka bir deneyimi sunuyor. Ara\u00e7 payla\u015f\u0131m, <strong>k\u0131sa s\u00fcreli kiralama, uzun d\u00f6nem kiralama<\/strong> ve<strong> sat\u0131n alma<\/strong> da dahil olmak \u00fczere kentsel ula\u015f\u0131ma <strong>360\u00b0 \u00e7\u00f6z\u00fcm \u00fcretmeyi<\/strong> hedefleyen Ami, T\u00fcrkiye&#8217;de \u00f6ncelikle <strong>kurumsal firmalar\u0131n kullan\u0131m\u0131<\/strong> i\u00e7in sat\u0131\u015fa sunuldu.<\/p>\n<p>Geli\u015fimin \u00f6nc\u00fcs\u00fc Citro\u00ebn\u2019in herkes i\u00e7in otomobil olan mottosunun \u015fimdi herkes i\u00e7in <strong>mobilite<\/strong> oldu\u011funu vurgulayan Citro\u00ebn T\u00fcrkiye Genel M\u00fcd\u00fcr\u00fc <strong>Selen Alk\u0131m<\/strong>, <em>\u201cYeni model, her ya\u015ftan kullan\u0131c\u0131 i\u00e7in <strong>elektrikli mobilitenin<\/strong> en \u00f6nemli oyuncular\u0131ndan bir tanesi olmaya aday. \u015eimdiden ald\u0131\u011f\u0131m\u0131z talep, <strong>2022 y\u0131l\u0131<\/strong> i\u00e7in<strong> 1.000 adet<\/strong> olan bireysel sat\u0131\u015f hedefimizi <strong>3.000\u2019e<\/strong> \u00e7\u0131kartmam\u0131z\u0131 sa\u011flad\u0131. Tabii bu noktada tedarik konusu yine en belirleyici kriter olacak. Ami, T\u00fcrkiye pazar\u0131nda \u015fu anda<strong> filo sat\u0131\u015f\u0131<\/strong> ve<strong> kurumsal m\u00fc\u015fteriler<\/strong> i\u00e7in piyasaya s\u00fcr\u00fcl\u00fcrken, <strong>2022 y\u0131l\u0131n\u0131n<\/strong> ilk \u00e7eyre\u011finden itibaren <strong>son t\u00fcketici<\/strong> ile <strong>direkt<\/strong> olarak bulu\u015fmaya ba\u015flayacak\u201d<\/em> \u015feklinde konu\u015ftu.<\/p>","protected":false},"excerpt":{"rendered":"<p>Sorry, this entry is only available in Turkish. For the sake of viewer convenience, the content is shown below in the alternative language. You may click the link to switch the active language. Citro\u00ebn, 101&#8217;inci y\u0131l\u0131nda tamamen elektrikli Ami ile \u015fimdi T\u00fcrk t\u00fcketicisinin \u2018yol arkada\u015f\u0131\u2019 oluyor. Frans\u0131zca\u2019da \u2018arkada\u015f\u2019 anlam\u0131na gelen s\u00f6zc\u00fckten esinlenen model Ami, m\u00fc\u015fterilerinden [&hellip;]<\/p>\n","protected":false},"author":1,"featured_media":147476,"comment_status":"open","ping_status":"open","sticky":false,"template":"","format":"standard","meta":[],"categories":[51,53],"tags":[99251,99252,40119,64981,46328,99253],"views":294,"_links":{"self":[{"href":"https:\/\/www.enerjigazetesi.ist\/en\/wp-json\/wp\/v2\/posts\/147472"}],"collection":[{"href":"https:\/\/www.enerjigazetesi.ist\/en\/wp-json\/wp\/v2\/posts"}],"about":[{"href":"https:\/\/www.enerjigazetesi.ist\/en\/wp-json\/wp\/v2\/types\/post"}],"author":[{"embeddable":true,"href":"https:\/\/www.enerjigazetesi.ist\/en\/wp-json\/wp\/v2\/users\/1"}],"replies":[{"embeddable":true,"href":"https:\/\/www.enerjigazetesi.ist\/en\/wp-json\/wp\/v2\/comments?post=147472"}],"version-history":[{"count":0,"href":"https:\/\/www.enerjigazetesi.ist\/en\/wp-json\/wp\/v2\/posts\/147472\/revisions"}],"wp:featuredmedia":[{"embeddable":true,"href":"https:\/\/www.enerjigazetesi.ist\/en\/wp-json\/wp\/v2\/media\/147476"}],"wp:attachment":[{"href":"https:\/\/www.enerjigazetesi.ist\/en\/wp-json\/wp\/v2\/media?parent=147472"}],"wp:term":[{"taxonomy":"category","embeddable":true,"href":"https:\/\/www.enerjigazetesi.ist\/en\/wp-json\/wp\/v2\/categories?post=147472"},{"taxonomy":"post_tag","embeddable":true,"href":"https:\/\/www.enerjigazetesi.ist\/en\/wp-json\/wp\/v2\/tags?post=147472"}],"curies":[{"name":"wp","href":"https:\/\/api.w.org\/{rel}","templated":true}]}}