{"id":147381,"date":"2021-12-09T16:20:46","date_gmt":"2021-12-09T13:20:46","guid":{"rendered":"https:\/\/www.enerjigazetesi.ist\/?p=147381"},"modified":"2021-12-09T16:20:46","modified_gmt":"2021-12-09T13:20:46","slug":"turkiye-de-yilin-280-gunu-gunesli-ve-gunes-en-ucuz-enerji-uretim-kaynagi","status":"publish","type":"post","link":"https:\/\/www.enerjigazetesi.ist\/en\/turkiye-de-yilin-280-gunu-gunesli-ve-gunes-en-ucuz-enerji-uretim-kaynagi\/","title":{"rendered":"(Turkish) T\u00fcrkiye&#8217;de Y\u0131l\u0131n 280 G\u00fcn\u00fc G\u00fcne\u015fli ve G\u00fcne\u015f En Ucuz Enerji \u00dcretim Kayna\u011f\u0131!"},"content":{"rendered":"<p class=\"qtranxs-available-languages-message qtranxs-available-languages-message-en\">Sorry, this entry is only available in <a href=\"https:\/\/www.enerjigazetesi.ist\/tr\/wp-json\/wp\/v2\/posts\/147381\" class=\"qtranxs-available-language-link qtranxs-available-language-link-tr\" title=\"Turkish\">Turkish<\/a>. For the sake of viewer convenience, the content is shown below in the alternative language. You may click the link to switch the active language.<\/p><p><\/p>\n<h2>G\u00fcne\u015f Enerjisi Sanayicileri ve End\u00fcstrisi Derne\u011fi (GENSED)\u00a0pandemi nedeni ile bir s\u00fcre ara verdi\u011fi\u00a0g\u00fcne\u015f enerjisi\u00a0seminerlerinin 16&#8217;\u0131nc\u0131s\u0131n\u0131\u00a0\u00a0\u201cEnd\u00fcstriyel \u00c7at\u0131larda G\u00fcne\u015f Enerjisi Santrali Uygulama Semineri\u201d\u00a0ba\u015fl\u0131\u011f\u0131 ile fiziksel olarak ger\u00e7ekle\u015ftirdi.<\/h2>\n<p>A\u011f\u0131rl\u0131kl\u0131 olarak g\u00fcne\u015f enerjisi yat\u0131r\u0131mc\u0131s\u0131 olmak isteyen <strong>200&#8217;e yak\u0131n<\/strong> sanayi kurulu\u015funun temsilcisinin kat\u0131ld\u0131\u011f\u0131 seminerde yak\u0131n gelecekte hayata ge\u00e7ecek<strong> s\u0131n\u0131rda karbon vergisi<\/strong> uygulamalar\u0131n\u0131n T\u00fcrk sanayicilerine getirdi\u011fi <strong>risk<\/strong> ve<strong> f\u0131rsatlar<\/strong> ile<strong> g\u00fcne\u015f enerjisi yat\u0131r\u0131mlar\u0131<\/strong>n\u0131n \u00f6nemi konu\u015fuldu.<\/p>\n<h3><img loading=\"lazy\" class=\"alignright wp-image-147383\" src=\"https:\/\/www.enerjigazetesi.ist\/wp-content\/uploads\/2021\/12\/turkiye-de-yilin-280-gunu-gunesli-ve-gunes-en-ucuz-enerji-uretim-kaynagi.jpg\" alt=\"\" width=\"320\" height=\"205\" srcset=\"https:\/\/www.enerjigazetesi.ist\/wp-content\/uploads\/2021\/12\/turkiye-de-yilin-280-gunu-gunesli-ve-gunes-en-ucuz-enerji-uretim-kaynagi.jpg 593w, https:\/\/www.enerjigazetesi.ist\/wp-content\/uploads\/2021\/12\/turkiye-de-yilin-280-gunu-gunesli-ve-gunes-en-ucuz-enerji-uretim-kaynagi-300x192.jpg 300w, https:\/\/www.enerjigazetesi.ist\/wp-content\/uploads\/2021\/12\/turkiye-de-yilin-280-gunu-gunesli-ve-gunes-en-ucuz-enerji-uretim-kaynagi-500x320.jpg 500w, https:\/\/www.enerjigazetesi.ist\/wp-content\/uploads\/2021\/12\/turkiye-de-yilin-280-gunu-gunesli-ve-gunes-en-ucuz-enerji-uretim-kaynagi-78x50.jpg 78w\" sizes=\"(max-width: 320px) 100vw, 320px\" \/>Y\u0131l\u0131n 280 g\u00fcn\u00fc g\u00fcne\u015fli!<\/h3>\n<p>GENSED Y\u00f6netim Kurulu Ba\u015fkan\u0131 Halil Demirda\u011f\u00a0seminerin a\u00e7\u0131l\u0131\u015f\u0131nda yapt\u0131\u011f\u0131 konu\u015fmada gerek Avrupa Birli\u011fi\u2019nin <strong>Ye\u015fil Mutabakat<\/strong> kapsam\u0131nda ataca\u011f\u0131 ad\u0131mlar gerekse de <strong>iklim de\u011fi\u015fikli\u011fi<\/strong> ile m\u00fccadeledeki k\u00fcresel \u00e7abalar\u0131n t\u00fcm sanayiciler i\u00e7in\u00a0<strong>&#8220;\u00fcr\u00fcn karbon ayak izi&#8221;<\/strong> kavram\u0131n\u0131 \u00e7ok \u00f6nemli hale getirece\u011fine vurgu yapt\u0131. Demirda\u011f s\u00fcrd\u00fcr\u00fclebilirli\u011fin temel noktalar\u0131ndan birinin \u00fclkelerin kendi enerji kaynaklar\u0131n\u0131 kullanmas\u0131 oldu\u011funu s\u00f6ylerken, y\u0131l\u0131n 280 <strong>g\u00fcn\u00fcn\u00fcn g\u00fcne\u015fli oldu\u011fu<\/strong>\u00a0ve g\u00fcne\u015fin\u00a0<strong>en ucuz elektrik\u00a0<\/strong>\u00fcretim kayna\u011f\u0131 haline geldi\u011fi T\u00fcrkiye&#8217;de g\u00fcne\u015f enerjisinin s\u00fcrd\u00fcr\u00fclebilir kalk\u0131nmadaki \u00f6neminin alt\u0131n\u0131 \u00e7izdi.<\/p>\n<p>T\u00fcrkiye&#8217;nin bug\u00fcnk\u00fc ger\u00e7e\u011finin elektrik eksikli\u011fi oldu\u011funa dikkat \u00e7eken Demirda\u011f, gelecekte<strong> elektrikli ara\u00e7 kullan\u0131m\u0131n\u0131n artmas\u0131<\/strong> ve <strong>hidrojen teknolojileri<\/strong> ile birlikte elektrik ihtiyac\u0131n\u0131n da artaca\u011f\u0131na vurgu yaparken, bu riske kar\u015f\u0131 <strong>g\u00fcne\u015f enerjisi yat\u0131r\u0131mlar\u0131n\u0131<\/strong> art\u0131racak ad\u0131mlar\u0131n at\u0131lmas\u0131 gerekti\u011fine vurgu yapt\u0131.<\/p>\n<h3>OSB&#8217;ler B\u00fcy\u00fck enerji t\u00fcketicisi<\/h3>\n<p><em>Gebze Ticaret Odas\u0131 Ba\u015fkan\u0131<\/em> <strong>Nail \u00c7iler\u00a0<\/strong>de a\u00e7\u0131l\u0131\u015fta yapt\u0131\u011f\u0131 konu\u015fmada Gebze b\u00f6lgesinde <strong>14 organize sanayi b\u00f6lgesi<\/strong> bulundu\u011funu, y\u0131ll\u0131k <strong>15 milyar dolar<\/strong> ihracat yapan bu<strong> OSB\u2019lerin<\/strong> ula\u015ft\u0131klar\u0131<strong> 46 milyon metrek\u00fcp<\/strong> <strong>do\u011fal gaz<\/strong> ve <strong>680 milyon kilovat-saatlik elektrik t\u00fcketimi<\/strong> ile bir\u00e7ok ilden daha <strong>b\u00fcy\u00fck enerji t\u00fcketicisi<\/strong> oldu\u011funa vurgu yapt\u0131. <strong>Gebze b\u00f6lgesindeki<\/strong> firmalar\u0131n <strong>kapasite<\/strong> ve <strong>istihdam art\u0131\u015f\u0131 sa\u011flamak<\/strong> ile birlikte ayn\u0131 zamanda<strong> teknoloji ihra\u00e7 edecek<\/strong> seviyeye geldi\u011finin de alt\u0131n\u0131 \u00e7izen <strong>Nail \u00c7iler<\/strong> bu geli\u015fmelerin<strong> OSB\u2019lerin<\/strong> enerji t\u00fcketimini de art\u0131rd\u0131\u011f\u0131 bilgisini verdi. Nail \u00c7iler Avrupa Birli\u011fi <strong>Ye\u015fil Mutabakat<\/strong>\u2019\u0131n\u0131n da g\u00fcndemlerinde oldu\u011funu sanayicilerin getirilecek d\u00fczenlemelere uyum sa\u011flayabilmesi i\u00e7in bir <strong>destek paketinin verilmesi<\/strong> gerekti\u011finin de alt\u0131n\u0131 \u00e7izdi.<\/p>","protected":false},"excerpt":{"rendered":"<p>Sorry, this entry is only available in Turkish. For the sake of viewer convenience, the content is shown below in the alternative language. You may click the link to switch the active language. G\u00fcne\u015f Enerjisi Sanayicileri ve End\u00fcstrisi Derne\u011fi (GENSED)\u00a0pandemi nedeni ile bir s\u00fcre ara verdi\u011fi\u00a0g\u00fcne\u015f enerjisi\u00a0seminerlerinin 16&#8217;\u0131nc\u0131s\u0131n\u0131\u00a0\u00a0\u201cEnd\u00fcstriyel \u00c7at\u0131larda G\u00fcne\u015f Enerjisi Santrali Uygulama Semineri\u201d\u00a0ba\u015fl\u0131\u011f\u0131 ile [&hellip;]<\/p>\n","protected":false},"author":1,"featured_media":147383,"comment_status":"open","ping_status":"open","sticky":false,"template":"","format":"standard","meta":[],"categories":[51,53,49],"tags":[47806,5982,93544,85540],"views":335,"_links":{"self":[{"href":"https:\/\/www.enerjigazetesi.ist\/en\/wp-json\/wp\/v2\/posts\/147381"}],"collection":[{"href":"https:\/\/www.enerjigazetesi.ist\/en\/wp-json\/wp\/v2\/posts"}],"about":[{"href":"https:\/\/www.enerjigazetesi.ist\/en\/wp-json\/wp\/v2\/types\/post"}],"author":[{"embeddable":true,"href":"https:\/\/www.enerjigazetesi.ist\/en\/wp-json\/wp\/v2\/users\/1"}],"replies":[{"embeddable":true,"href":"https:\/\/www.enerjigazetesi.ist\/en\/wp-json\/wp\/v2\/comments?post=147381"}],"version-history":[{"count":0,"href":"https:\/\/www.enerjigazetesi.ist\/en\/wp-json\/wp\/v2\/posts\/147381\/revisions"}],"wp:featuredmedia":[{"embeddable":true,"href":"https:\/\/www.enerjigazetesi.ist\/en\/wp-json\/wp\/v2\/media\/147383"}],"wp:attachment":[{"href":"https:\/\/www.enerjigazetesi.ist\/en\/wp-json\/wp\/v2\/media?parent=147381"}],"wp:term":[{"taxonomy":"category","embeddable":true,"href":"https:\/\/www.enerjigazetesi.ist\/en\/wp-json\/wp\/v2\/categories?post=147381"},{"taxonomy":"post_tag","embeddable":true,"href":"https:\/\/www.enerjigazetesi.ist\/en\/wp-json\/wp\/v2\/tags?post=147381"}],"curies":[{"name":"wp","href":"https:\/\/api.w.org\/{rel}","templated":true}]}}