{"id":147376,"date":"2021-12-09T15:34:32","date_gmt":"2021-12-09T12:34:32","guid":{"rendered":"https:\/\/www.enerjigazetesi.ist\/?p=147376"},"modified":"2021-12-09T15:34:32","modified_gmt":"2021-12-09T12:34:32","slug":"turkiye-imsad-ve-stk-lar-surdurulebilir-kalkinma-icin-bir-araya-geldi","status":"publish","type":"post","link":"https:\/\/www.enerjigazetesi.ist\/en\/turkiye-imsad-ve-stk-lar-surdurulebilir-kalkinma-icin-bir-araya-geldi\/","title":{"rendered":"(Turkish) T\u00fcrkiye \u0130MSAD ve STK\u2019lar &#8216;S\u00fcrd\u00fcr\u00fclebilir Kalk\u0131nma&#8217; \u0130\u00e7in Bir Araya Geldi"},"content":{"rendered":"<p class=\"qtranxs-available-languages-message qtranxs-available-languages-message-en\">Sorry, this entry is only available in <a href=\"https:\/\/www.enerjigazetesi.ist\/tr\/wp-json\/wp\/v2\/posts\/147376\" class=\"qtranxs-available-language-link qtranxs-available-language-link-tr\" title=\"Turkish\">Turkish<\/a>. For the sake of viewer convenience, the content is shown below in the alternative language. You may click the link to switch the active language.<\/p><p><\/p>\n<h2><strong>T\u00fcrkiye \u0130MSAD\u00a0<\/strong>(T\u00fcrkiye \u0130n\u015faat Malzemesi Sanayicileri Derne\u011fi) ve <strong>\u00c7EDB\u0130K<\/strong> (\u00c7evre Dostu Ye\u015fil Binalar Derne\u011fi) ortakl\u0131\u011f\u0131nda ba\u015fvurusu ger\u00e7ekle\u015ftirilen \u2018<strong>S\u00fcrd\u00fcr\u00fclebilir Kalk\u0131nma i\u00e7in STK\u2019lar\u2019<\/strong> projesi, <strong>T.C. D\u0131\u015fi\u015fleri Bakanl\u0131\u011f\u0131 Avrupa Birli\u011fi Ba\u015fkanl\u0131\u011f\u0131\u00a0<\/strong>taraf\u0131ndan <strong>Avrupa Birli\u011fi\u00a0<\/strong>mali deste\u011fiyle uygulanan<strong>\u00a0Sivil Toplum Destek Program\u0131n\u0131n\u00a0<\/strong>3&#8217;\u00fcnc\u00fc d\u00f6nemi kapsam\u0131nda<strong> hibe deste\u011fi<\/strong> almaya hak kazand\u0131.<\/h2>\n<p><strong>T\u00fcrkiye \u0130MSAD<\/strong> ve <strong>\u00c7EDB\u0130K<\/strong> i\u015f birli\u011fi ile <strong>01 Nisan 2021<\/strong>\u2019de hayata ge\u00e7irilen ve <strong>15<\/strong> ay s\u00fcrmesi planlanan proje kapsam\u0131nda <strong>\u2018S\u00fcrd\u00fcr\u00fclebilir Kalk\u0131nma i\u00e7in STK\u2019lar Projesi E\u011fitimleri<\/strong>\u2019; <strong>\u015eanl\u0131urfa, Giresun, Eski\u015fehir\u00a0<\/strong>ve <strong>\u0130zmir<\/strong>&#8216;de <strong>iki g\u00fcn<\/strong> fiziki, <strong>3&#8217;\u00fcnc\u00fc g\u00fcn<\/strong> online; <strong>\u0130stanbul<\/strong> ve <strong>Ankara<\/strong>\u2019da yer alan <strong>T\u00fcrkiye \u0130MSAD<\/strong> ve<strong> \u00c7EDB\u0130K<\/strong> \u00fcye dernekleri i\u00e7in ise <strong>online toplant\u0131larla<\/strong> <img loading=\"lazy\" class=\"alignright wp-image-147378\" src=\"https:\/\/www.enerjigazetesi.ist\/wp-content\/uploads\/2021\/12\/turkiye-imsad-ve-stk-lar-surdurulebilir-kalkinma-icin-bir-araya-geldi-1.jpg\" alt=\"\" width=\"320\" height=\"201\" srcset=\"https:\/\/www.enerjigazetesi.ist\/wp-content\/uploads\/2021\/12\/turkiye-imsad-ve-stk-lar-surdurulebilir-kalkinma-icin-bir-araya-geldi-1.jpg 550w, https:\/\/www.enerjigazetesi.ist\/wp-content\/uploads\/2021\/12\/turkiye-imsad-ve-stk-lar-surdurulebilir-kalkinma-icin-bir-araya-geldi-1-300x189.jpg 300w, https:\/\/www.enerjigazetesi.ist\/wp-content\/uploads\/2021\/12\/turkiye-imsad-ve-stk-lar-surdurulebilir-kalkinma-icin-bir-araya-geldi-1-500x315.jpg 500w, https:\/\/www.enerjigazetesi.ist\/wp-content\/uploads\/2021\/12\/turkiye-imsad-ve-stk-lar-surdurulebilir-kalkinma-icin-bir-araya-geldi-1-80x50.jpg 80w\" sizes=\"(max-width: 320px) 100vw, 320px\" \/>yap\u0131ld\u0131.<\/p>\n<p>Sekt\u00f6rler aras\u0131 <strong>proaktif i\u015f birli\u011finin<\/strong> sa\u011flanmas\u0131, <strong>politika<\/strong> ve k<strong>arar alma s\u00fcre\u00e7lerine<\/strong> demokratik kat\u0131l\u0131m i\u00e7in sivil toplumun kapasitesinin art\u0131r\u0131lmas\u0131 ve geli\u015fiminin desteklenmesi amac\u0131yla ba\u015flat\u0131lan proje kapsam\u0131nda <strong>T\u00fcrkiye \u0130MSAD<\/strong> ve<strong> \u00c7EDB\u0130K<\/strong>, \u00f6ncelikle kendi<strong> S\u00fcrd\u00fcr\u00fclebilir Kalk\u0131nma Ama\u00e7lar\u0131<\/strong> <strong>(SKA)<\/strong> eylem planlar\u0131n\u0131 geli\u015ftirmeye ba\u015flad\u0131.<\/p>\n<p><strong>S\u00fcrd\u00fcr\u00fclebilir Kalk\u0131nma i\u00e7in STK\u2019lar Projesi E\u011fitimleri<\/strong>\u2019nin ilki <strong>28-29<\/strong> <strong>Eyl\u00fcl<\/strong>\u2019de <strong>\u015eanl\u0131urfa<\/strong>\u2019da, ikincisi <strong>5-6 Ekim<\/strong>\u2019de <strong>Giresun<\/strong>\u2019da d\u00fczenlendi. Ard\u0131ndan <strong>19-20<\/strong> <strong>Ekim<\/strong>\u2019de <strong>Tepeba\u015f\u0131 Belediyesi Ba\u015fkan Yard\u0131mc\u0131s\u0131 Suat Yaln\u0131zo\u011flu<\/strong>&#8216;nun te\u015frifleri ile <strong>Eski\u015fehir<\/strong>\u2019de yap\u0131lan e\u011fitim program\u0131n\u0131 <strong>26-27<\/strong> <strong>Ekim<\/strong>\u2019de <strong>\u0130zmir<\/strong>\u2019de <strong>Buca Belediye Ba\u015fkan\u0131 Erhan K\u0131l\u0131\u00e7<\/strong> ve <strong>Ba\u015fkan Yard\u0131mc\u0131s\u0131 Bar\u0131\u015f \u00d6zre\u00e7ber<\/strong>&#8216;in te\u015frifleriyle ger\u00e7ekle\u015ftirilen e\u011fitim izledi.<\/p>\n<p>3 g\u00fcn s\u00fcren e\u011fitimlerin 2 g\u00fcn\u00fc <strong>\u201cS\u00fcrd\u00fcr\u00fclebilir Kalk\u0131nma Ama\u00e7lar\u0131\u201d<\/strong> ba\u015fl\u0131\u011f\u0131yla yap\u0131l\u0131rken, di\u011fer g\u00fcn\u00fcn e\u011fitimlerinde <strong>\u201cSavunuculuk\u201d\u00a0<\/strong>konusu masaya yat\u0131r\u0131ld\u0131.<\/p>\n<p><strong>\u015eanl\u0131urfa, Giresun, Eski\u015fehir\u00a0<\/strong>ve<strong>\u00a0\u0130zmir\u00a0<\/strong>i\u00e7in \u00e7evirim i\u00e7i olarak d\u00fczenlenen \u00fc\u00e7\u00fcnc\u00fc g\u00fcn e\u011fitimleri, <strong>19<\/strong> ve <strong>26<\/strong> <strong>Kas\u0131m<\/strong>\u2019da, <strong>T\u00fcrkiye \u0130MSAD ve \u00c7EDB\u0130K \u00dcye Dernekleri E\u011fitimleri ise internet \u00fczerinden\u00a0<\/strong><strong>24, 29<\/strong><strong>\u00a0<\/strong><strong>Kas\u0131m\u00a0<\/strong><strong>ve\u00a0<\/strong><strong>2 Aral\u0131k<\/strong><strong> 2021&#8217;de ger\u00e7ekle\u015ftirildi.<\/strong><\/p>\n<p><strong>\u201cS\u00fcrd\u00fcr\u00fclebilir Kalk\u0131nma Ama\u00e7lar\u0131\u201d\u00a0<\/strong>ba\u015fl\u0131kl\u0131<strong>\u00a0<\/strong>e\u011fitimler i\u00e7in<strong>\u00a0<\/strong><em>Bo\u011fazi\u00e7i \u00dcniversitesi \u0130klim De\u011fi\u015fikli\u011fi ve Politikalar\u0131 Uygulama ve Ara\u015ft\u0131rma Merkezi Direkt\u00f6r\u00fc<\/em>\u00a0<strong>Prof. Dr. Levent Kurnaz\u00a0<\/strong>ile birlikte, Bo\u011fazi\u00e7i \u00dcniversitesi himayesinde olu\u015fturulan <strong>Birle\u015fmi\u015f Milletler S\u00fcrd\u00fcr\u00fclebilir Kalk\u0131nma \u00c7\u00f6z\u00fcmleri A\u011f\u0131 (UNSDSN)<\/strong> T\u00fcrkiye Koordinat\u00f6r\u00fc\u00a0<strong>Bahar \u00d6zay<\/strong>, Bo\u011fazi\u00e7i \u00dcniversitesi \u0130klim De\u011fi\u015fikli\u011fi ve Politikalar\u0131 Uygulama ve Ara\u015ft\u0131rma Merkezi ara\u015ft\u0131rmac\u0131lar\u0131\u00a0<strong>Dr. Nazan An\u00a0<\/strong>ve<strong>\u00a0Dr. Tufan Turp, \u201cSavunuculuk\u201d\u00a0<\/strong>ba\u015fl\u0131kl\u0131<strong>\u00a0<\/strong>e\u011fitimler i\u00e7in<strong>\u00a0<\/strong>Abdullah G\u00fcl \u00dcniversitesi\u2019nden Prof. Dr. Burak Uzal ile \u00d6\u011fretim G\u00f6revlisi <strong>Zeynep Tu\u011f\u00e7e \u00c7ift\u00e7iba\u015f\u0131 G\u00fc\u00e7<\/strong>, Alparslan T\u00fcrke\u015f Bilim ve Teknoloji \u00dcniversitesi\u2019nden <strong>Selahattin Ciritci\u00a0<\/strong>ve Dan\u0131\u015fman <strong>Ay\u00e7a Ba\u011fc\u0131<\/strong>, e\u011fitim program\u0131 kapsam\u0131nda yer alan bilgileri kat\u0131l\u0131mc\u0131larla payla\u015ft\u0131.<\/p>\n<p>Sahip olunan\u00a0kaynaklar\u0131n \u00f6neminin vurguland\u0131\u011f\u0131 <strong>\u201cS\u00fcrd\u00fcr\u00fclebilir Kalk\u0131nma Ama\u00e7lar\u0131\u201d<\/strong> ba\u015fl\u0131kl\u0131 e\u011fitimlerde, kurumlar\u0131n topluma sadece ekonomik fayda sa\u011flama rol\u00fcne sahip olmad\u0131\u011f\u0131, ayn\u0131 zamanda <strong>sosyal<\/strong> ve<strong> \u00e7evresel<\/strong> a\u00e7\u0131dan topluma kar\u015f\u0131 sorumlu oldu\u011funa dikkat \u00e7ekildi.\u00a0Ayn\u0131 zamanda <strong>s\u00fcrd\u00fcr\u00fclebilirlik<\/strong> ve i<strong>klim g\u00fcndeminin, in\u015faat, \u00e7evre, mimarl\u0131k, enerji, enerji verimlili\u011fi<\/strong> ve <strong>s\u00fcrd\u00fcr\u00fclebilir kalk\u0131nma<\/strong> alanlar\u0131na etkisi konu\u015fuldu.<\/p>\n<p><strong>\u201cSavunuculuk\u201d<\/strong> ba\u015fl\u0131kl\u0131 e\u011fitimlerde ise <strong>sekt\u00f6rler aras\u0131 diyalog<\/strong> sayesinde kent ad\u0131na de\u011fi\u015fim teorisi temel nokta olarak benimsenerek kat\u0131l\u0131mc\u0131larla birlikte<strong> savunuculuk, payda\u015f analizi<\/strong> ve<strong> ileti\u015fim<\/strong> konular\u0131nda <strong>analiz<\/strong> ve <strong>de\u011ferlendirmeler<\/strong> yap\u0131ld\u0131.\u00a0Farkl\u0131 sekt\u00f6r ve meslek temsilcilerinin olu\u015fturdu\u011fu kat\u0131l\u0131mc\u0131lar\u0131n yer ald\u0131\u011f\u0131 e\u011fitimlerde, <strong>b\u00f6lgesel<\/strong> ve <strong>sekt\u00f6rel sorunlar\u0131<\/strong> kapsam\u0131nda<strong> g\u00f6r\u00fc\u015f<\/strong> ve <strong>yorumlar\u0131<\/strong> al\u0131narak ortak ama\u00e7lar do\u011frultusunda i\u015f birli\u011fi a\u011flar\u0131n\u0131n olu\u015fmas\u0131na y\u00f6nelik g\u00f6r\u00fc\u015f al\u0131\u015fveri\u015finde bulunuldu.\u00a0\u201c<strong>S\u00fcrd\u00fcr\u00fclebilir Kalk\u0131nma Ama\u00e7lar\u0131<\/strong>\u201d e\u011fitiminin<strong> 2&#8217;inci g\u00fcn\u00fcnde<\/strong> ise <strong>SKA\u2019lar<\/strong> \u00e7er\u00e7evesinde i\u015f birli\u011fi \u00f6rnekleri payla\u015f\u0131larak, kurum i\u00e7i <strong>eylem plan\u0131 haz\u0131rlama, K\u00fcresel Ama\u00e7lar i\u00e7in ortak \u00e7al\u0131\u015fma alanlar\u0131, eylem plan\u0131 \u00f6rnekleri<\/strong> de\u011ferlendirildi.<\/p>\n<h3><strong>STK, kamu ve \u00f6zel sekt\u00f6r i\u015f birli\u011fi artacak<\/strong><\/h3>\n<p>Projeden, <strong>T\u00fcrkiye \u0130MSAD<\/strong> ve <strong>\u00c7EDB\u0130K<\/strong>&#8216;in<strong> ulusal-k\u00fcresel a\u011flar\u0131<\/strong>, ula\u015f\u0131lmas\u0131 hedeflenen en az <strong>50<\/strong> sivil toplum kurulu\u015funun ve yerel y\u00f6netimler taraf\u0131ndan kurulan <strong>\u2018S\u00fcrd\u00fcr\u00fclebilir Kentsel Geli\u015fim A\u011f\u0131\u2019\u00a0<\/strong>\u00fcyelerinin yararlanmas\u0131 ama\u00e7lan\u0131yor. Projenin hedef kitlesi aras\u0131nda yerel y\u00f6netimler, di\u011fer sekt\u00f6rlerden payda\u015flar ile birlikte <strong>\u00c7evre ve \u015eehircilik Bakanl\u0131\u011f\u0131, Enerji ve Tabii Kaynaklar Bakanl\u0131\u011f\u0131<\/strong> gibi ilgili kamu kurumlar\u0131 yer al\u0131yor.<\/p>\n<p><strong>\u2018S\u00fcrd\u00fcr\u00fclebilir Kalk\u0131nma i\u00e7in STK\u2019lar\u2019\u00a0<\/strong>projesi faaliyetleri aras\u0131nda\u00a0web sayfas\u0131, STK&#8217;lar i\u00e7in S\u00fcrd\u00fcr\u00fclebilir Kalk\u0131nma, lobicilik, ileti\u015fim ve payda\u015f diyalo\u011fu hakk\u0131nda kapasite geli\u015ftirme e\u011fitim program\u0131, T\u00fcrkiye \u0130MSAD ve \u00c7EDB\u0130K&#8217;in SKA eylem planlar\u0131 ve ilerleme raporlar\u0131, SKA hakk\u0131nda kitap\u00e7\u0131k, SKA \u00fczerine bir <strong>sosyal medya kampanyas\u0131<\/strong>, tavsiye niteli\u011finde bir politika belgesi ve <strong>SKA \u00d6d\u00fclleri<\/strong> bulunuyor.<\/p>\n<p><strong>S\u00f6zle\u015fme Makam\u0131 Merkezi Finans<\/strong> ve <strong>\u0130hale Birimi<\/strong> olan <strong>Sivil Toplum Destek Program\u0131, STK\u2019lar\u0131n<\/strong> kapasitelerinin g\u00fc\u00e7lendirilmesine y\u00f6nelik y\u00fcr\u00fct\u00fclen bir <strong>hibe program\u0131d\u0131r<\/strong> ve <strong>Sivil Toplum Destek Program\u0131&#8217;<\/strong>n\u0131n 3&#8217;\u00fcnc\u00fc d\u00f6neminde verilen desteklerle<strong> STK\u2019lar\u0131n<\/strong> kurumsal kapasitesinin art\u0131r\u0131lmas\u0131 ve<strong> STK\u2019lar aras\u0131<\/strong> ortakl\u0131klar\u0131n te\u015fvik edilmesi; <strong>aktif vatanda\u015fl\u0131k<\/strong> ve <strong>STK\u2019lar\u0131n karar alma<\/strong> s\u00fcre\u00e7lerine kat\u0131l\u0131m\u0131n\u0131n desteklenmesi ve son olarak <strong>aktif vatanda\u015fl\u0131k<\/strong> i\u00e7in <strong>yasal \u00e7er\u00e7evenin geli\u015ftirilmesi<\/strong> hedeflenmektedir.<\/p>","protected":false},"excerpt":{"rendered":"<p>Sorry, this entry is only available in Turkish. For the sake of viewer convenience, the content is shown below in the alternative language. You may click the link to switch the active language. T\u00fcrkiye \u0130MSAD\u00a0(T\u00fcrkiye \u0130n\u015faat Malzemesi Sanayicileri Derne\u011fi) ve \u00c7EDB\u0130K (\u00c7evre Dostu Ye\u015fil Binalar Derne\u011fi) ortakl\u0131\u011f\u0131nda ba\u015fvurusu ger\u00e7ekle\u015ftirilen \u2018S\u00fcrd\u00fcr\u00fclebilir Kalk\u0131nma i\u00e7in STK\u2019lar\u2019 projesi, T.C. [&hellip;]<\/p>\n","protected":false},"author":1,"featured_media":147379,"comment_status":"open","ping_status":"open","sticky":false,"template":"","format":"standard","meta":[],"categories":[53],"tags":[4240,99219,10215,84885,59867,25553],"views":134,"_links":{"self":[{"href":"https:\/\/www.enerjigazetesi.ist\/en\/wp-json\/wp\/v2\/posts\/147376"}],"collection":[{"href":"https:\/\/www.enerjigazetesi.ist\/en\/wp-json\/wp\/v2\/posts"}],"about":[{"href":"https:\/\/www.enerjigazetesi.ist\/en\/wp-json\/wp\/v2\/types\/post"}],"author":[{"embeddable":true,"href":"https:\/\/www.enerjigazetesi.ist\/en\/wp-json\/wp\/v2\/users\/1"}],"replies":[{"embeddable":true,"href":"https:\/\/www.enerjigazetesi.ist\/en\/wp-json\/wp\/v2\/comments?post=147376"}],"version-history":[{"count":0,"href":"https:\/\/www.enerjigazetesi.ist\/en\/wp-json\/wp\/v2\/posts\/147376\/revisions"}],"wp:featuredmedia":[{"embeddable":true,"href":"https:\/\/www.enerjigazetesi.ist\/en\/wp-json\/wp\/v2\/media\/147379"}],"wp:attachment":[{"href":"https:\/\/www.enerjigazetesi.ist\/en\/wp-json\/wp\/v2\/media?parent=147376"}],"wp:term":[{"taxonomy":"category","embeddable":true,"href":"https:\/\/www.enerjigazetesi.ist\/en\/wp-json\/wp\/v2\/categories?post=147376"},{"taxonomy":"post_tag","embeddable":true,"href":"https:\/\/www.enerjigazetesi.ist\/en\/wp-json\/wp\/v2\/tags?post=147376"}],"curies":[{"name":"wp","href":"https:\/\/api.w.org\/{rel}","templated":true}]}}