{"id":147305,"date":"2021-12-08T14:17:03","date_gmt":"2021-12-08T11:17:03","guid":{"rendered":"https:\/\/www.enerjigazetesi.ist\/?p=147305"},"modified":"2021-12-08T14:17:29","modified_gmt":"2021-12-08T11:17:29","slug":"sanayi-de-donusum-webinar-serisinin-2inci-duragi-konya-osb","status":"publish","type":"post","link":"https:\/\/www.enerjigazetesi.ist\/en\/sanayi-de-donusum-webinar-serisinin-2inci-duragi-konya-osb\/","title":{"rendered":"(Turkish) Sanayide D\u00f6n\u00fc\u015f\u00fcm Webinar Serisi&#8217;nin 2&#8217;inci Dura\u011f\u0131 &#8216;Konya OSB'"},"content":{"rendered":"<p class=\"qtranxs-available-languages-message qtranxs-available-languages-message-en\">Sorry, this entry is only available in <a href=\"https:\/\/www.enerjigazetesi.ist\/tr\/wp-json\/wp\/v2\/posts\/147305\" class=\"qtranxs-available-language-link qtranxs-available-language-link-tr\" title=\"Turkish\">Turkish<\/a>. For the sake of viewer convenience, the content is shown below in the alternative language. You may click the link to switch the active language.<\/p><p><\/p>\n<h2><strong>Yap\u0131 malzemesi sekt\u00f6r\u00fcn\u00fcn \u00f6nc\u00fc kurulu\u015fu T\u00fcrk Ytong\u2019un D\u00fcnya Gazetesi i\u015f birli\u011fiyle d\u00fczenledi\u011fi \u2018Sanayide D\u00f6n\u00fc\u015f\u00fcm\u2019 webinar serisi, T\u00fcrkiye\u2019nin en \u00e7ok talep g\u00f6ren Organize Sanayi B\u00f6lgelerinden Konya OSB ile devam ediyor.<\/strong><\/h2>\n<p><strong>\u201cYE\u015e\u0130L OSB KONSEPT\u0130 ve YAPISAL D\u00d6N\u00dc\u015e\u00dcM\u201d ba\u015fl\u0131kl\u0131 webinarda OSB\u2019lerin Ye\u015fil Mutabakat \u00e7er\u00e7evesindeki d\u00f6n\u00fc\u015f\u00fcm\u00fcn\u00fcn yan\u0131 s\u0131ra, deprem ve yang\u0131n risklerine kar\u015f\u0131 yap\u0131sal d\u00f6n\u00fc\u015f\u00fcm\u00fc de masaya yat\u0131r\u0131lacak.<\/strong><\/p>\n<p><img loading=\"lazy\" class=\"alignright wp-image-147309\" src=\"https:\/\/www.enerjigazetesi.ist\/wp-content\/uploads\/2021\/12\/sanayi-de-donusum-webinar-serisinin-2inci-duragi-konya-osb-1.jpg\" alt=\"\" width=\"320\" height=\"289\" srcset=\"https:\/\/www.enerjigazetesi.ist\/wp-content\/uploads\/2021\/12\/sanayi-de-donusum-webinar-serisinin-2inci-duragi-konya-osb-1.jpg 550w, https:\/\/www.enerjigazetesi.ist\/wp-content\/uploads\/2021\/12\/sanayi-de-donusum-webinar-serisinin-2inci-duragi-konya-osb-1-300x271.jpg 300w, https:\/\/www.enerjigazetesi.ist\/wp-content\/uploads\/2021\/12\/sanayi-de-donusum-webinar-serisinin-2inci-duragi-konya-osb-1-444x400.jpg 444w, https:\/\/www.enerjigazetesi.ist\/wp-content\/uploads\/2021\/12\/sanayi-de-donusum-webinar-serisinin-2inci-duragi-konya-osb-1-55x50.jpg 55w, https:\/\/www.enerjigazetesi.ist\/wp-content\/uploads\/2021\/12\/sanayi-de-donusum-webinar-serisinin-2inci-duragi-konya-osb-1-500x451.jpg 500w\" sizes=\"(max-width: 320px) 100vw, 320px\" \/>D\u00fcnya Gazetesi Y\u00f6netim Kurulu Ba\u015fkan\u0131 <strong>Hakan G\u00fclda\u011f<\/strong>\u2019\u0131n moderat\u00f6rl\u00fck yapaca\u011f\u0131 webinara Konya Sanayi Odas\u0131 Ba\u015fkan\u0131, Konya OSB Ba\u015fkan\u0131 ve OSB\u00dcK Y\u00f6netim Kurulu Ba\u015fkan\u0131 <strong>Memi\u015f K\u00fct\u00fckc\u00fc<\/strong>, T\u00fcrk Ytong Y\u00f6netim Kurulu Ba\u015fkan\u0131 <strong>Fethi Hinginar<\/strong> ve Allianz T\u00fcrkiye Risk M\u00fchendisli\u011fi ve Allianz Teknik Direkt\u00f6r\u00fc <strong>Dr. Ceyhun Eren<\/strong> kat\u0131lacak.<\/p>\n<p><strong>08 Aral\u0131k 2021 \u00c7ar\u015famba g\u00fcn\u00fc saat 15.30<\/strong>\u2019da ba\u015flayacak ve <strong>canl\u0131 yay\u0131nlanacak<\/strong> webinar\u0131n odak konusu <strong>Organize Sanayi B\u00f6lgeleri\u2019nin\u00a0<\/strong>Avrupa<strong>\u00a0<\/strong>Birli\u011fi<strong>\u00a0<\/strong>Ye\u015fil<strong>\u00a0<\/strong>Mutabakat \u00e7er\u00e7evesindeki<strong> de\u011fi\u015fimi, geli\u015fimi<\/strong> ve<strong> yap\u0131sal d\u00f6n\u00fc\u015f\u00fcm\u00fc\u00a0<\/strong>olacak. OSB\u2019lerin geli\u015fimi ve d\u00fcnyaya entegrasyonu, \u00e7evre ile ili\u015fkisi, OSB\u2019lerdeki yat\u0131r\u0131mlar\u0131n <strong>yap\u0131sal s\u00fcrd\u00fcr\u00fclebilirli\u011fi, risk<\/strong> ve <strong>g\u00fcvenli\u011fi<\/strong> konular\u0131 de\u011ferlendirilecek.<\/p>\n<p><strong>T\u00fcrk Ytong Sanayi A.\u015e.<\/strong><\/p>\n<p><strong>Tarih:<\/strong> 8 Aral\u0131k 2021 \u00c7ar\u015famba<\/p>\n<p><strong>Saat:<\/strong> 15.30<\/p>\n<p>D\u00fcnya Gazetesi\u2019nin YouTube kanal\u0131ndan canl\u0131 yay\u0131nlanacak toplant\u0131ya kat\u0131lmak i\u00e7in <a href=\"https:\/\/www.youtube.com\/watch?v=2E36Efxo424\" target=\"_blank\" rel=\"noopener\"><strong>TIKLAYIN&gt;&gt;<\/strong><\/a><\/p>","protected":false},"excerpt":{"rendered":"<p>Sorry, this entry is only available in Turkish. For the sake of viewer convenience, the content is shown below in the alternative language. You may click the link to switch the active language. Yap\u0131 malzemesi sekt\u00f6r\u00fcn\u00fcn \u00f6nc\u00fc kurulu\u015fu T\u00fcrk Ytong\u2019un D\u00fcnya Gazetesi i\u015f birli\u011fiyle d\u00fczenledi\u011fi \u2018Sanayide D\u00f6n\u00fc\u015f\u00fcm\u2019 webinar serisi, T\u00fcrkiye\u2019nin en \u00e7ok talep g\u00f6ren Organize [&hellip;]<\/p>\n","protected":false},"author":1,"featured_media":147310,"comment_status":"open","ping_status":"open","sticky":false,"template":"","format":"standard","meta":[],"categories":[53,52],"tags":[99191,99190,9071,99189,99188,99192,85540],"views":233,"_links":{"self":[{"href":"https:\/\/www.enerjigazetesi.ist\/en\/wp-json\/wp\/v2\/posts\/147305"}],"collection":[{"href":"https:\/\/www.enerjigazetesi.ist\/en\/wp-json\/wp\/v2\/posts"}],"about":[{"href":"https:\/\/www.enerjigazetesi.ist\/en\/wp-json\/wp\/v2\/types\/post"}],"author":[{"embeddable":true,"href":"https:\/\/www.enerjigazetesi.ist\/en\/wp-json\/wp\/v2\/users\/1"}],"replies":[{"embeddable":true,"href":"https:\/\/www.enerjigazetesi.ist\/en\/wp-json\/wp\/v2\/comments?post=147305"}],"version-history":[{"count":0,"href":"https:\/\/www.enerjigazetesi.ist\/en\/wp-json\/wp\/v2\/posts\/147305\/revisions"}],"wp:featuredmedia":[{"embeddable":true,"href":"https:\/\/www.enerjigazetesi.ist\/en\/wp-json\/wp\/v2\/media\/147310"}],"wp:attachment":[{"href":"https:\/\/www.enerjigazetesi.ist\/en\/wp-json\/wp\/v2\/media?parent=147305"}],"wp:term":[{"taxonomy":"category","embeddable":true,"href":"https:\/\/www.enerjigazetesi.ist\/en\/wp-json\/wp\/v2\/categories?post=147305"},{"taxonomy":"post_tag","embeddable":true,"href":"https:\/\/www.enerjigazetesi.ist\/en\/wp-json\/wp\/v2\/tags?post=147305"}],"curies":[{"name":"wp","href":"https:\/\/api.w.org\/{rel}","templated":true}]}}