{"id":147251,"date":"2021-12-07T20:12:16","date_gmt":"2021-12-07T17:12:16","guid":{"rendered":"https:\/\/www.enerjigazetesi.ist\/?p=147251"},"modified":"2021-12-07T20:23:08","modified_gmt":"2021-12-07T17:23:08","slug":"enerji-de-kooperatif-calismalari-onem-kazaniyor","status":"publish","type":"post","link":"https:\/\/www.enerjigazetesi.ist\/en\/enerji-de-kooperatif-calismalari-onem-kazaniyor\/","title":{"rendered":"(Turkish) Enerjide Kooperatif \u00c7al\u0131\u015fmalar\u0131 \u00d6nem Kazan\u0131yor"},"content":{"rendered":"<p class=\"qtranxs-available-languages-message qtranxs-available-languages-message-en\">Sorry, this entry is only available in <a href=\"https:\/\/www.enerjigazetesi.ist\/tr\/wp-json\/wp\/v2\/posts\/147251\" class=\"qtranxs-available-language-link qtranxs-available-language-link-tr\" title=\"Turkish\">Turkish<\/a>. For the sake of viewer convenience, the content is shown below in the alternative language. You may click the link to switch the active language.<\/p><p><\/p>\n<h2><strong>5.Uluslararas\u0131 Yenilenebilir Enerji Kooperatifleri Zirvesi bu y\u0131l Bursa\u2019da ger\u00e7ekle\u015ftirildi. Uluda\u011f Elektrik Da\u011f\u0131t\u0131m A.\u015e.(UEDA\u015e) ve Troya \u00c7evre Derne\u011fi\u2019nin i\u015fbirli\u011fi yapt\u0131\u011f\u0131 projenin ev sahipli\u011fini ise Nil\u00fcfer Belediyesi \u00fcstlendi. <\/strong><\/h2>\n<p><strong>Enerji Kooperatifleri<\/strong> ve <strong>Ulus \u00f6tesi<\/strong> deneyimleri, <strong>sekt\u00f6rel i\u015fbirlikleri, ye\u015fil mutabakat<\/strong> ve<strong> enerji d\u00f6n\u00fc\u015f\u00fcm\u00fc<\/strong> i\u00e7in <strong>yasal mevzuat<\/strong> ve <strong>haz\u0131rl\u0131klar\u0131n<\/strong> konu\u015fuldu\u011fu programa <strong>Yunanistan, Polonya, G\u00fcrcistan, Almanya ve S\u0131rbistan<\/strong>\u2019dan da konu\u015fmac\u0131lar kat\u0131ld\u0131.<\/p>\n<p><img loading=\"lazy\" class=\"alignright wp-image-147254\" src=\"https:\/\/www.enerjigazetesi.ist\/wp-content\/uploads\/2021\/12\/enerji-de-kooperatif-calismalari-onem-kazaniyor.jpg\" alt=\"\" width=\"320\" height=\"179\" srcset=\"https:\/\/www.enerjigazetesi.ist\/wp-content\/uploads\/2021\/12\/enerji-de-kooperatif-calismalari-onem-kazaniyor.jpg 550w, https:\/\/www.enerjigazetesi.ist\/wp-content\/uploads\/2021\/12\/enerji-de-kooperatif-calismalari-onem-kazaniyor-300x168.jpg 300w, https:\/\/www.enerjigazetesi.ist\/wp-content\/uploads\/2021\/12\/enerji-de-kooperatif-calismalari-onem-kazaniyor-500x280.jpg 500w, https:\/\/www.enerjigazetesi.ist\/wp-content\/uploads\/2021\/12\/enerji-de-kooperatif-calismalari-onem-kazaniyor-80x45.jpg 80w\" sizes=\"(max-width: 320px) 100vw, 320px\" \/>Program\u0131n ev sahipli\u011fi konu\u015fmas\u0131n\u0131 yapan <strong>Nil\u00fcfer Belediye Ba\u015fkan\u0131 Turgay Erdem<\/strong>, <em>\u201cNil\u00fcfer Belediyesi <strong>k\u00fcresel iklim de\u011fi\u015fikli\u011fi<\/strong> ve bununla <strong>m\u00fccadeleyi s\u00fcrd\u00fcrebilmek politikas\u0131n\u0131<\/strong> benimsemi\u015ftir. <strong>Sera gaz\u0131n\u0131n azalt\u0131lmas\u0131<\/strong> ve <strong>iklim de\u011fi\u015fikli\u011fine uyum<\/strong> faaliyetlerini giderek yo\u011funla\u015ft\u0131r\u0131yoruz. \u00d6zellikle T\u00fcrkiye\u2019de <strong>karbon sal\u0131m\u0131n\u0131n azalt\u0131lmas\u0131<\/strong>na y\u00f6nelik ba\u015fkanlar s\u00f6zle\u015fmesine imza atan, <strong>ilk 10 belediyeden<\/strong> bir tanesi<strong> Nil\u00fcfer Belediyesi<\/strong> olmu\u015ftur. 2014 y\u0131l\u0131nda imzalanan ba\u015fkanlar s\u00f6zle\u015fmesi kapsam\u0131nda Nil\u00fcfer\u2019de <strong>karbon emisyonunun<\/strong> 2030 y\u0131l\u0131na <strong>% 40<\/strong> oran\u0131nda azalt\u0131lmas\u0131n\u0131 hedefliyoruz. B\u00fct\u00fcn \u00e7abam\u0131z daha <strong>ya\u015fan\u0131labilir<\/strong>, <strong>temiz<\/strong> ve <strong>duyarl\u0131<\/strong> bir Nil\u00fcfer i\u00e7in.<\/em><\/p>\n<p><em>B\u00fct\u00fcn T\u00fcrkiye\u2019de bir\u00e7ok<strong> belediye<\/strong> ve <strong>yerel giri\u015fimler<\/strong> <strong>yenilenebilir enerji yat\u0131r\u0131mlar\u0131<\/strong>yla kablolu sal\u0131n\u0131m\u0131n\u0131 azaltmak ve kentleri daha ya\u015fan\u0131r k\u0131lmak i\u00e7in \u00e7al\u0131\u015fmalar y\u00fcr\u00fct\u00fcyor. <strong>Troya \u00e7evre derne\u011fi<\/strong> taraf\u0131ndan <strong>Nil\u00fcfer Belediyesi<\/strong> ve <strong>UEDA\u015e<\/strong>\u2019\u0131n i\u015f birli\u011fiyle bu y\u0131l 5&#8217;incisi<strong> Bursa\u2019da<\/strong> d\u00fczenlenen<strong> yenilenebilir enerji kooperatifleri<\/strong> konferans\u0131n\u0131n bu anlamda fark\u0131ndal\u0131k yaratmak ve deneyimlerini payla\u015fmak a\u00e7\u0131s\u0131ndan i\u015flevsel olaca\u011f\u0131n\u0131 ben de d\u00fc\u015f\u00fcn\u00fcyorum. Katk\u0131 koyan t\u00fcm kat\u0131l\u0131mc\u0131lar\u0131 \u00e7ok te\u015fekk\u00fcr ediyorum\u201d<\/em> diye belirtti.<\/p>\n<p><strong>Uluda\u011f Elektrik Da\u011f\u0131t\u0131m A.\u015e. Y\u00f6netim Kurulu Ba\u015fkan Vekili \u0130smail Erg\u00fcne\u015f<\/strong> enerji sekt\u00f6r\u00fcn\u00fcn b\u00fcy\u00fck bir <strong>de\u011fi\u015fim<\/strong> ve <strong>d\u00f6n\u00fc\u015f\u00fcm s\u00fcrecinden<\/strong> ge\u00e7ti\u011fini ifade ederek, <em>\u201cBug\u00fcn bakt\u0131\u011f\u0131m\u0131zda <strong>\u00e7evre sorunlar\u0131, s\u00fcrd\u00fcr\u00fclebilirlik, kad\u0131n\u0131n g\u00fc\u00e7lendirilmesi<\/strong>, gen\u00e7ler d\u00fcnyam\u0131z\u0131n \u00fclkemizin en \u00f6nemli meseleleri aras\u0131nda yer al\u0131yor. Bir de\u011fi\u015fim i\u00e7inden ge\u00e7ti\u011fimiz kesin. Bu de\u011fi\u015fim b\u00fct\u00fcn toplumsal sorumlulu\u011fu olan <strong>akt\u00f6rlere sorumluluk<\/strong> y\u00fckl\u00fcyor. \u00d6zellikle bizim gibi t\u00fcm b\u00f6lgeye, \u00fcretici g\u00fc\u00e7lere b\u00f6lgenin b\u00fct\u00fcn<strong> sosyal, ekonomik<\/strong> yap\u0131s\u0131na dokunan yap\u0131lara daha da fazla sorumluluk y\u00fckl\u00fcyor.<\/em><\/p>\n<p><em>Biz kurumsal olarak daha <strong>s\u00fcrd\u00fcr\u00fclebilir bir \u00e7evre<\/strong> ve ayn\u0131 zamanda<strong> kad\u0131nlar\u0131n sorunlar\u0131na<\/strong> ve <strong>g\u00fc\u00e7lendirilmesi destek<\/strong> olma, <strong>gen\u00e7lerin sorunu<\/strong> ve <strong>daha fazla istihdam<\/strong> i\u00e7in bunlarla ilgili \u015firketimizin bir rol\u00fc oldu\u011fu konusunda<strong> \u015firket y\u00f6netimi<\/strong> olarak hem fikiriz. Bu projede g\u00fcndeme geldi\u011finde a\u00e7\u0131k\u00e7as\u0131 biz bundan heyecan duyduk. Biz inan\u0131yoruz ki,<strong> e\u011fer \u00e7evre sorunlar\u0131<\/strong> ile ba\u015f edeceksek, daha <strong>s\u00fcrd\u00fcr\u00fclebilir bir ekonomi<\/strong> in\u015fa edeceksek bu art\u0131k daha<strong> payla\u015f\u0131mc\u0131, kat\u0131l\u0131mc\u0131<\/strong> ve <strong>daha \u00fcretken yap\u0131larla<\/strong> m\u00fcmk\u00fcn olabilir.<\/em><\/p>\n<p><em>T\u00fcm meslek odalar\u0131n\u0131n b\u00f6yle bir yap\u0131n\u0131n alt\u0131nda birle\u015fmesi hem g\u00fc\u00e7l\u00fc bir <strong>STK in\u015fas\u0131<\/strong> anlam\u0131nda ve b\u00fct\u00fcn tecr\u00fcbelerin payla\u015f\u0131larak ortak de\u011ferin \u00e7o\u011falt\u0131lmas\u0131 anlam\u0131nda g\u00fczel bir \u00f6rnek. Dolay\u0131s\u0131yla <strong>enerjinin tabana yay\u0131larak<\/strong> kat\u0131l\u0131mc\u0131l\u0131\u011f\u0131n artt\u0131rabilmesi ve <strong>ye\u015fil d\u00f6n\u00fc\u015f\u00fcm sa\u011flanmas\u0131<\/strong> a\u00e7\u0131s\u0131nda do\u011fru bir adresteyiz. Ben organizasyonu d\u00fczenleyen payda\u015flara bir <strong>enerji profesyoneli<\/strong> olarak \u015f\u00fckranlar\u0131m\u0131 sunuyorum. Bu de\u011fi\u015fim ka\u00e7\u0131n\u0131lmaz, biz <strong>ne kadar \u00e7aba sarf edersek<\/strong> o kadar g\u00fc\u00e7l\u00fc bir gelecek in\u015fa ederiz\u201d<\/em> dedi.<\/p>\n<p><strong>Troya \u00c7evre Derne\u011fi Y\u00f6netim Kurulu Ba\u015fkan\u0131 Oral Kaya<\/strong> enerjide kooperatif\u00e7ili\u011fin \u00f6nemine dikkat \u00e7ekerken,<em> \u201c<strong>Enerji kooperatifleri<\/strong> \u00f6zellikle yerelde ya\u015fayan, belli bir b\u00f6lgede olan insanlar\u0131n <strong>kendi elektrik ihtiya\u00e7lar\u0131n\u0131n<\/strong> kendilerinin kar\u015f\u0131layabilmesidir. Bu devlet \u00fczerindeki b\u00fcy\u00fck y\u00fck\u00fcn azalt\u0131lmas\u0131d\u0131r. Devletin fosil yak\u0131tlara vermi\u015f oldu\u011fu <strong>enerji \u00fcretimi<\/strong>\u00a0a\u00e7\u0131s\u0131ndan deste\u011fin de ortadan kald\u0131r\u0131lmas\u0131yla <strong>d\u00f6n\u00fc\u015f\u00fcm <\/strong>gerektirdi\u011fini g\u00f6rd\u00fck. <strong>Enerji kooperatifleri<\/strong> yereldeki ekonomik \u00e7ok g\u00fc\u00e7l\u00fc unsurlar\u0131d\u0131r. \u00c7\u00fcnk\u00fc yerelde kurulduklar\u0131 i\u00e7in o yereldeki hizmet ve \u00e7al\u0131\u015fmay\u0131 etkili \u015fekilde yapabilirler.<\/em><\/p>\n<p><em>Avrupa\u2019daki <strong>Yenilenebilir Enerji Kooperatifleri Birli\u011fi<\/strong> ge\u00e7ti\u011fimiz sene yapt\u0131\u011f\u0131 ara\u015ft\u0131rmada k\u0131ta Avrupa&#8217;s\u0131nda bunun i\u00e7inde <strong>T\u00fcrkiye, Ukrayna<\/strong> ve <strong>Do\u011fu Avrupa \u00fclkeleri<\/strong> de dahil, 2050 y\u0131l\u0131nda elektrik enerjisinin <strong>% 40<\/strong>\u2019\u0131n\u0131n <strong>yenilenebilir enerji kaynaklardan<\/strong> de\u011fil, topluluk bazl\u0131 yani kooperatiflerle enerji \u00fcretimini sa\u011flayaca\u011f\u0131n\u0131 g\u00f6steriyor. <strong>2050\u2019de<\/strong> \u00fcretti\u011fimiz elektri\u011fin <strong>% 40<\/strong>\u2019\u0131n\u0131 sahipleri yani t\u00fcketiciler \u00fcretecektir. Burada \u00f6zellikle <strong>UEDA\u015e<\/strong> gibi da\u011f\u0131t\u0131m kurumlar\u0131na veya daha b\u00fcy\u00fck enerji \u00fcreticilerine daha da b\u00fcy\u00fck sorumluluklar d\u00fc\u015fmektedir. <strong>Daha k\u00fc\u00e7\u00fck kapasite<\/strong> ile \u00fcretilen enerjinin daha etkin bir \u015fekilde kullan\u0131lmas\u0131 i\u00e7in <strong>koordinasyon \u00e7al\u0131\u015fmas\u0131<\/strong> yap\u0131lacak. Yenilenebilir enerjinin bu \u015firketler taraf\u0131ndan da uygulanmas\u0131 s\u00fcreci daha da \u00f6nemli k\u0131lmaktad\u0131r\u201d<\/em> diye konu\u015ftu.<\/p>","protected":false},"excerpt":{"rendered":"<p>Sorry, this entry is only available in Turkish. For the sake of viewer convenience, the content is shown below in the alternative language. You may click the link to switch the active language. 5.Uluslararas\u0131 Yenilenebilir Enerji Kooperatifleri Zirvesi bu y\u0131l Bursa\u2019da ger\u00e7ekle\u015ftirildi. Uluda\u011f Elektrik Da\u011f\u0131t\u0131m A.\u015e.(UEDA\u015e) ve Troya \u00c7evre Derne\u011fi\u2019nin i\u015fbirli\u011fi yapt\u0131\u011f\u0131 projenin ev sahipli\u011fini [&hellip;]<\/p>\n","protected":false},"author":1,"featured_media":147254,"comment_status":"open","ping_status":"open","sticky":false,"template":"","format":"standard","meta":[],"categories":[51,53],"tags":[99164,958,3812,404,57347,3344,42274,37494,6565,53757,1236,668,1296,73961,2227,79944,38310,99165,1245,2482],"views":151,"_links":{"self":[{"href":"https:\/\/www.enerjigazetesi.ist\/en\/wp-json\/wp\/v2\/posts\/147251"}],"collection":[{"href":"https:\/\/www.enerjigazetesi.ist\/en\/wp-json\/wp\/v2\/posts"}],"about":[{"href":"https:\/\/www.enerjigazetesi.ist\/en\/wp-json\/wp\/v2\/types\/post"}],"author":[{"embeddable":true,"href":"https:\/\/www.enerjigazetesi.ist\/en\/wp-json\/wp\/v2\/users\/1"}],"replies":[{"embeddable":true,"href":"https:\/\/www.enerjigazetesi.ist\/en\/wp-json\/wp\/v2\/comments?post=147251"}],"version-history":[{"count":0,"href":"https:\/\/www.enerjigazetesi.ist\/en\/wp-json\/wp\/v2\/posts\/147251\/revisions"}],"wp:featuredmedia":[{"embeddable":true,"href":"https:\/\/www.enerjigazetesi.ist\/en\/wp-json\/wp\/v2\/media\/147254"}],"wp:attachment":[{"href":"https:\/\/www.enerjigazetesi.ist\/en\/wp-json\/wp\/v2\/media?parent=147251"}],"wp:term":[{"taxonomy":"category","embeddable":true,"href":"https:\/\/www.enerjigazetesi.ist\/en\/wp-json\/wp\/v2\/categories?post=147251"},{"taxonomy":"post_tag","embeddable":true,"href":"https:\/\/www.enerjigazetesi.ist\/en\/wp-json\/wp\/v2\/tags?post=147251"}],"curies":[{"name":"wp","href":"https:\/\/api.w.org\/{rel}","templated":true}]}}