{"id":147232,"date":"2021-12-07T15:27:17","date_gmt":"2021-12-07T12:27:17","guid":{"rendered":"https:\/\/www.enerjigazetesi.ist\/?p=147232"},"modified":"2021-12-07T15:27:17","modified_gmt":"2021-12-07T12:27:17","slug":"yetkili-elektrikcilere-sedas-tarafindan-seminer-verildi","status":"publish","type":"post","link":"https:\/\/www.enerjigazetesi.ist\/en\/yetkili-elektrikcilere-sedas-tarafindan-seminer-verildi\/","title":{"rendered":"(Turkish) Yetkili Elektrik\u00e7ilere &#8216;SEDA\u015e&#8217; Taraf\u0131ndan Seminer Verildi"},"content":{"rendered":"<p class=\"qtranxs-available-languages-message qtranxs-available-languages-message-en\">Sorry, this entry is only available in <a href=\"https:\/\/www.enerjigazetesi.ist\/tr\/wp-json\/wp\/v2\/posts\/147232\" class=\"qtranxs-available-language-link qtranxs-available-language-link-tr\" title=\"Turkish\">Turkish<\/a>. For the sake of viewer convenience, the content is shown below in the alternative language. You may click the link to switch the active language.<\/p><p><\/p>\n<h2><strong>SEDA\u015e, b\u00fcnyesindeki yetkili elektrik\u00e7iler ve kay\u0131tl\u0131 bulunduklar\u0131 meslek odalar\u0131na y\u00f6nelik seminer d\u00fczenlendi. Seminerde abonelik i\u015flemleri ve de\u011fi\u015fen mevzuatlar hakk\u0131nda bilgilendirme yap\u0131ld\u0131. <\/strong><\/h2>\n<p><strong>Sakarya Elektrik Da\u011f\u0131t\u0131m A.\u015e. (SEDA\u015e)<\/strong> b\u00fcnyesine kay\u0131tl\u0131 <strong>yetkili elektrik\u00e7iler<\/strong> ve ba\u011fl\u0131 bulunduklar\u0131 <strong>meslek odalar\u0131<\/strong> i\u00e7in seminer d\u00fczenledi. Seminer,<strong> SEDA\u015e<\/strong>\u2019\u0131n <em>Kurumsal \u0130leti\u015fim ve <img loading=\"lazy\" class=\"alignright wp-image-147234\" src=\"https:\/\/www.enerjigazetesi.ist\/wp-content\/uploads\/2021\/12\/yetkili-elektrikcilere-sedas-tarafindan-seminer-verildi.jpg\" alt=\"\" width=\"300\" height=\"300\" srcset=\"https:\/\/www.enerjigazetesi.ist\/wp-content\/uploads\/2021\/12\/yetkili-elektrikcilere-sedas-tarafindan-seminer-verildi.jpg 550w, https:\/\/www.enerjigazetesi.ist\/wp-content\/uploads\/2021\/12\/yetkili-elektrikcilere-sedas-tarafindan-seminer-verildi-300x300.jpg 300w, https:\/\/www.enerjigazetesi.ist\/wp-content\/uploads\/2021\/12\/yetkili-elektrikcilere-sedas-tarafindan-seminer-verildi-150x150.jpg 150w, https:\/\/www.enerjigazetesi.ist\/wp-content\/uploads\/2021\/12\/yetkili-elektrikcilere-sedas-tarafindan-seminer-verildi-400x400.jpg 400w, https:\/\/www.enerjigazetesi.ist\/wp-content\/uploads\/2021\/12\/yetkili-elektrikcilere-sedas-tarafindan-seminer-verildi-50x50.jpg 50w, https:\/\/www.enerjigazetesi.ist\/wp-content\/uploads\/2021\/12\/yetkili-elektrikcilere-sedas-tarafindan-seminer-verildi-100x100.jpg 100w, https:\/\/www.enerjigazetesi.ist\/wp-content\/uploads\/2021\/12\/yetkili-elektrikcilere-sedas-tarafindan-seminer-verildi-500x500.jpg 500w\" sizes=\"(max-width: 300px) 100vw, 300px\" \/>M\u00fc\u015fteri \u0130li\u015fkileri M\u00fcd\u00fcrl\u00fc\u011f\u00fc<\/em> taraf\u0131ndan ger\u00e7ekle\u015ftirildi. <strong>Digital<\/strong> olarak yap\u0131lan seminerde <strong>Elektrik M\u00fchendisleri Odas\u0131 ve Elektrik Teknisyenleri Odas\u0131na<\/strong> kay\u0131tl\u0131 <strong>yetkili elektrik\u00e7ilere<\/strong>, <strong>abonelik i\u015flemleri<\/strong> ve <strong>s\u00fcre\u00e7leri<\/strong> hakk\u0131nda detayl\u0131 bilgi verildi. M\u00fc\u015fteri \u0130li\u015fkileri Koordinasyon Uzmanlar\u0131 moderat\u00f6rl\u00fc\u011f\u00fcnde ger\u00e7ekle\u015ftirilen seminere <strong>Bolu, D\u00fczce, Sakarya ve Kocaeli<\/strong> <em>elektrik m\u00fchendisleri odas\u0131 ve elektrik meslek odalar\u0131ndan<\/em> <strong>105 yetkili<\/strong> elektrik\u00e7i kat\u0131ld\u0131.<\/p>\n<p><span style=\"text-decoration: underline;\">Seminerde;<\/span> abonelik s\u00fcre\u00e7lerine ili\u015fkin<strong> EPDK mevzuat<\/strong> ve<strong> y\u00f6netmelikleri<\/strong>, <strong>enerji m\u00fcsaade ba\u015fvuru s\u00fcre\u00e7leri, proje onay s\u00fcre\u00e7leri, al\u00e7ak gerilim hatt\u0131-y\u00fcksek gerilim hatt\u0131 abone dosya i\u00e7erikleri<\/strong> ve <strong>web portal ba\u015fvuru i\u015flemleri<\/strong> ile ilgili bilgilendirme yap\u0131ld\u0131. Kar\u015f\u0131l\u0131kl\u0131 <strong>soru cevap etkinli\u011fi<\/strong> ile tamamlanan program\u0131n sonunda<strong> elektrik meslek odalar\u0131 y\u00f6neticileri<\/strong> ba\u015fta olmak \u00fczere t\u00fcm kat\u0131l\u0131mc\u0131lar seminerle ilgili memnuniyetlerini dile getirerek<strong> SEDA\u015e<\/strong>\u2019a te\u015fekk\u00fcrlerini ilettiler.<\/p>\n<p><strong>SEDA\u015e Kurumsal \u0130leti\u015fim ve M\u00fc\u015fteri \u0130li\u015fkileri M\u00fcd\u00fcrl\u00fc\u011f\u00fc<\/strong>, i\u015f payda\u015flar\u0131 yetkili <strong>elektrik\u00e7ilerin<\/strong> bilgilendirilmesine y\u00f6nelik <strong>seminerlerin \u00f6n\u00fcm\u00fczdeki d\u00f6nemlerde de<\/strong> devam edece\u011fini bildirdi.<\/p>","protected":false},"excerpt":{"rendered":"<p>Sorry, this entry is only available in Turkish. For the sake of viewer convenience, the content is shown below in the alternative language. You may click the link to switch the active language. SEDA\u015e, b\u00fcnyesindeki yetkili elektrik\u00e7iler ve kay\u0131tl\u0131 bulunduklar\u0131 meslek odalar\u0131na y\u00f6nelik seminer d\u00fczenlendi. Seminerde abonelik i\u015flemleri ve de\u011fi\u015fen mevzuatlar hakk\u0131nda bilgilendirme yap\u0131ld\u0131. Sakarya [&hellip;]<\/p>\n","protected":false},"author":1,"featured_media":147235,"comment_status":"open","ping_status":"open","sticky":false,"template":"","format":"standard","meta":[],"categories":[51,53],"tags":[69934,99158,99157,4546,750,2444,99159],"views":167,"_links":{"self":[{"href":"https:\/\/www.enerjigazetesi.ist\/en\/wp-json\/wp\/v2\/posts\/147232"}],"collection":[{"href":"https:\/\/www.enerjigazetesi.ist\/en\/wp-json\/wp\/v2\/posts"}],"about":[{"href":"https:\/\/www.enerjigazetesi.ist\/en\/wp-json\/wp\/v2\/types\/post"}],"author":[{"embeddable":true,"href":"https:\/\/www.enerjigazetesi.ist\/en\/wp-json\/wp\/v2\/users\/1"}],"replies":[{"embeddable":true,"href":"https:\/\/www.enerjigazetesi.ist\/en\/wp-json\/wp\/v2\/comments?post=147232"}],"version-history":[{"count":0,"href":"https:\/\/www.enerjigazetesi.ist\/en\/wp-json\/wp\/v2\/posts\/147232\/revisions"}],"wp:featuredmedia":[{"embeddable":true,"href":"https:\/\/www.enerjigazetesi.ist\/en\/wp-json\/wp\/v2\/media\/147235"}],"wp:attachment":[{"href":"https:\/\/www.enerjigazetesi.ist\/en\/wp-json\/wp\/v2\/media?parent=147232"}],"wp:term":[{"taxonomy":"category","embeddable":true,"href":"https:\/\/www.enerjigazetesi.ist\/en\/wp-json\/wp\/v2\/categories?post=147232"},{"taxonomy":"post_tag","embeddable":true,"href":"https:\/\/www.enerjigazetesi.ist\/en\/wp-json\/wp\/v2\/tags?post=147232"}],"curies":[{"name":"wp","href":"https:\/\/api.w.org\/{rel}","templated":true}]}}