{"id":147214,"date":"2021-12-07T13:11:12","date_gmt":"2021-12-07T10:11:12","guid":{"rendered":"https:\/\/www.enerjigazetesi.ist\/?p=147214"},"modified":"2021-12-07T13:11:30","modified_gmt":"2021-12-07T10:11:30","slug":"sanko-enerji-marka-gorunumunu-yeniledi","status":"publish","type":"post","link":"https:\/\/www.enerjigazetesi.ist\/en\/sanko-enerji-marka-gorunumunu-yeniledi\/","title":{"rendered":"(Turkish) Sanko Enerji &#8216;Marka G\u00f6r\u00fcn\u00fcm\u00fcn\u00fc&#8217; Yeniledi"},"content":{"rendered":"<p class=\"qtranxs-available-languages-message qtranxs-available-languages-message-en\">Sorry, this entry is only available in <a href=\"https:\/\/www.enerjigazetesi.ist\/tr\/wp-json\/wp\/v2\/posts\/147214\" class=\"qtranxs-available-language-link qtranxs-available-language-link-tr\" title=\"Turkish\">Turkish<\/a>. For the sake of viewer convenience, the content is shown below in the alternative language. You may click the link to switch the active language.<\/p><p><\/p>\n<h2><strong>Sanko Enerji Grubu, \u2018marka g\u00f6r\u00fcn\u00fcm\u00fcn\u00fc\u2019 g\u00fcn\u00fcn dinamiklerine uygun olarak yeniledi. Bu kapsamda\u00a0<\/strong><a href=\"http:\/\/www.sankoenerji.com.tr\/\"><strong>www.sankoenerji.com.tr<\/strong><\/a><strong> adresli internet sitesi yenilenerek eri\u015fime a\u00e7\u0131ld\u0131.<\/strong><\/h2>\n<p><strong>% 100 &#8216;yenilenebilir enerji&#8217;<\/strong> kaynaklar\u0131ndan \u00fcretim yapan ve <strong>\u2018Yenilenebilir Enerji Alan\u0131n\u0131n T\u00fcrkiye\u2019<\/strong>deki \u00f6nc\u00fclerinden biri olan <strong>Sanko Enerji Grubu<\/strong>, kurumsalla\u015fma \u00e7al\u0131\u015fmalar\u0131 \u00e7er\u00e7evesinde <img loading=\"lazy\" class=\"alignright wp-image-147216\" src=\"https:\/\/www.enerjigazetesi.ist\/wp-content\/uploads\/2021\/12\/sanko-enerji-marka-gorunumunu-yeniledi-1.jpg\" alt=\"\" width=\"320\" height=\"180\" srcset=\"https:\/\/www.enerjigazetesi.ist\/wp-content\/uploads\/2021\/12\/sanko-enerji-marka-gorunumunu-yeniledi-1.jpg 550w, https:\/\/www.enerjigazetesi.ist\/wp-content\/uploads\/2021\/12\/sanko-enerji-marka-gorunumunu-yeniledi-1-300x169.jpg 300w, https:\/\/www.enerjigazetesi.ist\/wp-content\/uploads\/2021\/12\/sanko-enerji-marka-gorunumunu-yeniledi-1-500x281.jpg 500w, https:\/\/www.enerjigazetesi.ist\/wp-content\/uploads\/2021\/12\/sanko-enerji-marka-gorunumunu-yeniledi-1-80x45.jpg 80w\" sizes=\"(max-width: 320px) 100vw, 320px\" \/>marka g\u00f6r\u00fcn\u00fcm\u00fcn\u00fc g\u00fcn\u00fcn dinamiklerine uygun olarak yeniledi. Yak\u0131n bir d\u00f6nemde <strong>ba\u015fta Avrupa<\/strong> olmak \u00fczere yurt d\u0131\u015f\u0131nda da faaliyet g\u00f6stermeyi planlayan \u015firket, bu \u00e7er\u00e7evede <strong>internet sitesini de<\/strong> <strong>revize ederek<\/strong> yeni haliyle eri\u015fime a\u00e7t\u0131.<\/p>\n<p>T\u00fcrkiye\u2019nin en b\u00fcy\u00fck yenilenebilir enerji \u015firketi olmay\u0131 kendine vizyon edinmi\u015f bir Grup olarak <strong>ye\u015fil d\u00f6n\u00fc\u015f\u00fcm, s\u00fcrd\u00fcr\u00fclebilirlik, dijitalle\u015fme<\/strong> ve<strong> \u00e7e\u015fitlilik<\/strong> ba\u015fl\u0131klar\u0131n\u0131 stratejisinin temelleri olarak belirleyen Sanko Enerji Grubu CEO\u2019su <strong>Hakan Y\u0131ld\u0131r\u0131m<\/strong>, <em>\u201cBir yandan sosyal sorumluluklar\u0131m\u0131z\u0131 eksiksiz olarak yerine getirmeyi hedeflerken bir yandan da <strong>markam\u0131z\u0131 uluslararas\u0131 standartlara<\/strong> uygun olacak \u015fekilde konumland\u0131racak \u00e7al\u0131\u015fmalar s\u00fcrd\u00fcr\u00fcyoruz. Yak\u0131n bir zamanda faaliyetlerimizi ba\u015fta Avrupa olmak \u00fczere <strong>yurt d\u0131\u015f\u0131na da ta\u015f\u0131may\u0131<\/strong> planl\u0131yoruz. Bu sebeple <a href=\"http:\/\/www.sankoenerji.com.tr\/\" target=\"_blank\" rel=\"noopener\">www.sankoenerji.com.tr<\/a><u>\u00a0<\/u>adresinde bulunan internet sitemizi daha modern ve minimal \u015fekilde yeniledik. B\u00f6ylece gerek yurti\u00e7i gerekse yurtd\u0131\u015f\u0131ndan bize eri\u015fenleri, <strong>Sanko Enerji Grubu&#8217;nun<\/strong> \u00e7al\u0131\u015fmalar\u0131n\u0131 daha iyi ifade etti\u011fine inand\u0131\u011f\u0131m\u0131z internet sitemizin <strong>yeni y\u00fcz\u00fcyle tan\u0131\u015ft\u0131rmaya<\/strong> ba\u015flad\u0131k. Yak\u0131n bir d\u00f6nemde <strong>yurt d\u0131\u015f\u0131 arenaya<\/strong> \u00e7\u0131kacak olan bir markan\u0131n bu \u00e7al\u0131\u015fmalar\u0131 tamamlamas\u0131n\u0131 g\u00fcn\u00fcn gere\u011fi olarak de\u011ferlendirdik\u201d<\/em> \u015feklinde konu\u015ftu.<\/p>","protected":false},"excerpt":{"rendered":"<p>Sorry, this entry is only available in Turkish. For the sake of viewer convenience, the content is shown below in the alternative language. You may click the link to switch the active language. Sanko Enerji Grubu, \u2018marka g\u00f6r\u00fcn\u00fcm\u00fcn\u00fc\u2019 g\u00fcn\u00fcn dinamiklerine uygun olarak yeniledi. Bu kapsamda\u00a0www.sankoenerji.com.tr adresli internet sitesi yenilenerek eri\u015fime a\u00e7\u0131ld\u0131. % 100 &#8216;yenilenebilir enerji&#8217; [&hellip;]<\/p>\n","protected":false},"author":1,"featured_media":147218,"comment_status":"open","ping_status":"open","sticky":false,"template":"","format":"standard","meta":[],"categories":[51,53],"tags":[34504,37465,89400,1296,15330,2482],"views":141,"_links":{"self":[{"href":"https:\/\/www.enerjigazetesi.ist\/en\/wp-json\/wp\/v2\/posts\/147214"}],"collection":[{"href":"https:\/\/www.enerjigazetesi.ist\/en\/wp-json\/wp\/v2\/posts"}],"about":[{"href":"https:\/\/www.enerjigazetesi.ist\/en\/wp-json\/wp\/v2\/types\/post"}],"author":[{"embeddable":true,"href":"https:\/\/www.enerjigazetesi.ist\/en\/wp-json\/wp\/v2\/users\/1"}],"replies":[{"embeddable":true,"href":"https:\/\/www.enerjigazetesi.ist\/en\/wp-json\/wp\/v2\/comments?post=147214"}],"version-history":[{"count":0,"href":"https:\/\/www.enerjigazetesi.ist\/en\/wp-json\/wp\/v2\/posts\/147214\/revisions"}],"wp:featuredmedia":[{"embeddable":true,"href":"https:\/\/www.enerjigazetesi.ist\/en\/wp-json\/wp\/v2\/media\/147218"}],"wp:attachment":[{"href":"https:\/\/www.enerjigazetesi.ist\/en\/wp-json\/wp\/v2\/media?parent=147214"}],"wp:term":[{"taxonomy":"category","embeddable":true,"href":"https:\/\/www.enerjigazetesi.ist\/en\/wp-json\/wp\/v2\/categories?post=147214"},{"taxonomy":"post_tag","embeddable":true,"href":"https:\/\/www.enerjigazetesi.ist\/en\/wp-json\/wp\/v2\/tags?post=147214"}],"curies":[{"name":"wp","href":"https:\/\/api.w.org\/{rel}","templated":true}]}}