{"id":147183,"date":"2021-12-06T20:01:26","date_gmt":"2021-12-06T17:01:26","guid":{"rendered":"https:\/\/www.enerjigazetesi.ist\/?p=147183"},"modified":"2021-12-06T20:01:26","modified_gmt":"2021-12-06T17:01:26","slug":"akademisyenler-ve-is-dunyasi-yapay-zeka-icin-bir-araya-geldi","status":"publish","type":"post","link":"https:\/\/www.enerjigazetesi.ist\/en\/akademisyenler-ve-is-dunyasi-yapay-zeka-icin-bir-araya-geldi\/","title":{"rendered":"(Turkish) Akademisyenler ve \u0130\u015f D\u00fcnyas\u0131 Yapay Zeka \u0130\u00e7in Bir Araya Geldi"},"content":{"rendered":"<p class=\"qtranxs-available-languages-message qtranxs-available-languages-message-en\">Sorry, this entry is only available in <a href=\"https:\/\/www.enerjigazetesi.ist\/tr\/wp-json\/wp\/v2\/posts\/147183\" class=\"qtranxs-available-language-link qtranxs-available-language-link-tr\" title=\"Turkish\">Turkish<\/a>. For the sake of viewer convenience, the content is shown below in the alternative language. You may click the link to switch the active language.<\/p><p><\/p>\n<h2>T\u00fcrkiye Bili\u015fim Vakf\u0131 ile\u00a0\u0130stanbul\u00a0Teknik\u00a0\u00dcniversitesi liderli\u011finde\u00a0kurulan Yapay Zeka\u00a0T\u00fcrkiye Platformu&#8217;nun (AITR) d\u00fczenledi\u011fi \u201cDe\u011fi\u015fimin Habercisi: Yapay Zeka\u201d etkinli\u011fi sekt\u00f6r payda\u015flar\u0131n\u0131n kat\u0131l\u0131m\u0131yla ger\u00e7ekle\u015fti.\u00a0Etkinli\u011fin ana konu\u015fmac\u0131s\u0131 olan Chicago \u00dcniversitesi\u00a0Ekonomi B\u00f6l\u00fcm\u00fc \u00d6\u011fretim \u00dcyesi\u00a0Prof. Ufuk\u00a0Ak\u00e7i\u011fit, \u00fclkelerin politika, firmalar\u0131n ise strateji belirlemesi i\u00e7in verileri i\u015flemenin ve do\u011fru \u015fekilde kullanabilmenin olduk\u00e7a \u00f6nemli oldu\u011funu s\u00f6yledi. Ak\u00e7i\u011fit, kaliteli ara\u015ft\u0131rma yapmak i\u00e7in firmalar yerine insanlar\u0131 anlaman\u0131n gerekti\u011finin alt\u0131n\u0131 \u00e7izdi.<\/h2>\n<p><strong>T\u00fcrkiye Bili\u015fim Vakf\u0131<\/strong> ile\u00a0<strong>\u0130stanbul\u00a0Teknik\u00a0\u00dcniversitesi<\/strong> liderli\u011finde\u00a0kurulan <strong>Yapay Zeka\u00a0T\u00fcrkiye Platformu (AITR)<\/strong>, \u0130T\u00dc Ma\u00e7ka Kamp\u00fcs\u00fc&#8217;nde d\u00fczenlenen <strong>\u201cDe\u011fi\u015fimin Habercisi: Yapay Zeka\u201d<\/strong> ba\u015fl\u0131kl\u0131 ilk etkinli\u011finde sekt\u00f6r payda\u015flar\u0131n\u0131 bir araya getirdi. <strong>Zeka\u00a0T\u00fcrkiye Platformu<\/strong>, kamu, \u00f6zel sekt\u00f6r ve akademi i\u015fbirlikleri arac\u0131l\u0131\u011f\u0131yla <strong>yapay\u00a0zeka\u00a0teknolojisine<\/strong> y\u00f6nelik <strong>ulusal<\/strong> ve <strong>uluslararas\u0131<\/strong> bir ekosistem a\u011f\u0131 olu\u015fturmay\u0131 hedefliyor.<\/p>\n<p style=\"text-align: center;\"><img loading=\"lazy\" class=\"aligncenter wp-image-147185\" src=\"https:\/\/www.enerjigazetesi.ist\/wp-content\/uploads\/2021\/12\/akademisyenler-ve-is-dunyasi-yapay-zeka-icin-bir-araya-geldi-2.jpg\" alt=\"\" width=\"500\" height=\"256\" srcset=\"https:\/\/www.enerjigazetesi.ist\/wp-content\/uploads\/2021\/12\/akademisyenler-ve-is-dunyasi-yapay-zeka-icin-bir-araya-geldi-2.jpg 550w, https:\/\/www.enerjigazetesi.ist\/wp-content\/uploads\/2021\/12\/akademisyenler-ve-is-dunyasi-yapay-zeka-icin-bir-araya-geldi-2-300x154.jpg 300w, https:\/\/www.enerjigazetesi.ist\/wp-content\/uploads\/2021\/12\/akademisyenler-ve-is-dunyasi-yapay-zeka-icin-bir-araya-geldi-2-500x256.jpg 500w, https:\/\/www.enerjigazetesi.ist\/wp-content\/uploads\/2021\/12\/akademisyenler-ve-is-dunyasi-yapay-zeka-icin-bir-araya-geldi-2-80x41.jpg 80w\" sizes=\"(max-width: 500px) 100vw, 500px\" \/><\/p>\n<p>TBV Ba\u015fkan\u0131 Faruk Eczac\u0131ba\u015f\u0131,\u00a0\u0130T\u00dc Ara\u015ft\u0131rma\u00a0Dekan\u0131 Prof. Dr. Altan \u00c7ak\u0131r\u00a0ve T\u00dcB\u0130SAD Y\u00f6netim Kurulu Ba\u015fkan\u0131 Levent K\u0131z\u0131ltan&#8217;\u0131n a\u00e7\u0131l\u0131\u015f konu\u015fmalar\u0131n\u0131 ger\u00e7ekle\u015ftirdi\u011fi etkinlikte Chicago \u00dcniversitesi\u00a0Ekonomi B\u00f6l\u00fcm\u00fc \u00d6\u011fretim \u00dcyesi\u00a0ve <strong>\u201cArnold C.\u00a0Harberger\u201d<\/strong> k\u00fcrs\u00fcs\u00fc sahibi Prof. Ufuk\u00a0Ak\u00e7i\u011fit\u00a0ana konu\u015fmac\u0131 olarak yer\u00a0ald\u0131.<\/p>\n<p>Yapay zekan\u0131n \u00f6zellikle t\u00fcketime y\u00f6nelik bir\u00e7ok alanda g\u00f6r\u00fcld\u00fc\u011f\u00fcn\u00fc s\u00f6yleyen <strong>TBV Ba\u015fkan\u0131 Faruk Eczac\u0131ba\u015f\u0131<\/strong>, <em>\u201cAma acaba yeterli mi? Ekonominin, sosyal yap\u0131n\u0131n, sosyal kuma\u015f\u0131n, y\u00f6neti\u015fimin alanlar\u0131nda veri toparlama ve kullanmay\u0131 ne yapaca\u011f\u0131z? Yaln\u0131z k\u00e2r ama\u00e7l\u0131, t\u00fcketime y\u00f6nelik teknoloji kullan\u0131m\u0131 eski bir altyap\u0131n\u0131n \u00fcst\u00fcne oturursa bu yap\u0131n\u0131n \u00e7at\u0131rdad\u0131\u011f\u0131n\u0131 g\u00f6rmeyecek miyiz? \u0130\u015fte AITR platformuna tam da bu nedenle ihtiyac\u0131m\u0131z var. K\u00e2r amac\u0131 g\u00fctmeyen bir yap\u0131 olarak veriyi \u00fcretmenin, de\u011ferlendirmenin ve ekonomiye, sosyal yap\u0131ya, y\u00f6neti\u015fime yararl\u0131 olmas\u0131 i\u00e7in odaklanman\u0131n gerekli oldu\u011funu d\u00fc\u015f\u00fcn\u00fcyoruz. Do\u011frular\u0131m\u0131z s\u00fcrd\u00fcr\u00fclebilirli\u011fin, temiz, bar\u0131\u015f\u00e7\u0131l, ya\u015fanabilir bir gelece\u011fin hedefleri. Amac\u0131m\u0131z T\u00fcrkiye&#8217;nin gezegenimizin gelece\u011fine katk\u0131s\u0131n\u0131 g\u00f6stermek i\u00e7in \u00e7al\u0131\u015fmak\u201d<\/em> dedi.<\/p>\n<p><strong>\u0130T\u00dc Ara\u015ft\u0131rma\u00a0Dekan\u0131 Prof. Dr. Altan \u00c7ak\u0131r<\/strong> ise yapt\u0131\u011f\u0131 konu\u015fmada <strong>yapay zeka<\/strong> konusunda \u00f6nemli olan ve \u00fczerinde durulmas\u0131 <span style=\"text-decoration: underline;\">gereken konular\u0131;<\/span> problemin<strong> temel niteli\u011fi<\/strong> ve <strong>veri kullanmay\u0131<\/strong> <strong>do\u011fru kurgulamak, insan g\u00fcc\u00fc, reg\u00fclasyonlar<\/strong> ve <strong>yapay zekan\u0131n demokratikle\u015fmesi<\/strong> olarak s\u0131ralad\u0131.<\/p>\n<p>Konu\u015fmas\u0131nda, gelece\u011fin en \u00f6nemli iki konusunun<strong> yapay zeka<\/strong> ve <strong>blockchain<\/strong> oldu\u011funu belirten <strong>T\u00dcB\u0130SAD Y\u00f6netim Kurulu Ba\u015fkan\u0131 Levent K\u0131z\u0131ltan<\/strong>, yapay zekan\u0131n sadece g\u00fcnl\u00fck i\u015f hayat\u0131nda i\u015f yerlerinin performans\u0131n\u0131 etkilemeyece\u011fini, gelece\u011fin i\u015fg\u00fcc\u00fcn\u00fc tan\u0131mlayacak olan bile\u015fenleri i\u00e7inde bar\u0131nd\u0131rd\u0131\u011f\u0131n\u0131n alt\u0131n\u0131 \u00e7izdi.<\/p>\n<h3><strong>\u201cAs\u0131l tart\u0131\u015f\u0131lmas\u0131 gereken e\u011fitim politikas\u0131\u201d<\/strong><\/h3>\n<p>Etkinli\u011fin ana konu\u015fmac\u0131s\u0131 <strong>Chicago \u00dcniversitesi\u00a0Ekonomi B\u00f6l\u00fcm\u00fc \u00d6\u011fretim \u00dcyesi\u00a0Prof. Ufuk\u00a0Ak\u00e7i\u011fit<\/strong>, \u00fclkeler i\u00e7in uzun vadede b\u00fcy\u00fcmenin tek tetikleyicisinin teknolojik b\u00fcy\u00fcme oldu\u011funun alt\u0131n\u0131 \u00e7izdi ve \u015funlar\u0131 s\u00f6yledi: <em>\u201cTeknolojik b\u00fcy\u00fcmeyi yapabilmek i\u00e7in <strong>do\u011fru insanlar\u0131 do\u011fru yerlere getirip<\/strong>, <strong>onlara kaynak ay\u0131r\u0131p<\/strong> ara\u015ft\u0131rma yapmalar\u0131n\u0131 sa\u011flaman\u0131z gerekiyor. Fikir \u00fcretebilecek insanlar\u0131n say\u0131s\u0131n\u0131 de\u011fi\u015ftirmedi\u011finiz s\u00fcrece <strong>Ar-Ge<\/strong> ve <strong>inovasyon<\/strong> yukar\u0131 gitmeyecek. Tart\u0131\u015f\u0131lmas\u0131 gereken asl\u0131nda e\u011fitim politikas\u0131.\u201d<\/em><\/p>\n<h3><strong>\u201cYap\u0131lmas\u0131 gereken insan\u0131 ara\u015ft\u0131rmak\u201d<\/strong><\/h3>\n<p>Kaliteli ara\u015ft\u0131rma yapmak i\u00e7in veriye ihtiya\u00e7 oldu\u011funu belirten Ak\u00e7i\u011fit, <em>\u201cYap\u0131lmas\u0131 gereken firmalar\u0131 anlamaktansa insanlar\u0131 anlamak, insan\u0131 ve insan\u0131n g\u00fcd\u00fclerini ara\u015ft\u0131rmak. Veri konu\u015fuyor. Firmalar\u0131n strateji, \u00fclkelerin politika belirlemesi i\u00e7in verileri i\u015flemek ve do\u011fru \u015fekilde kullanabilmek \u00e7ok \u00f6nemli. Ekonomi biliminde b\u00fcy\u00fck veri setlerini, makina \u00f6\u011frenmesi tekniklerini de kullanarak i\u015flemeye \u00e7al\u0131\u015f\u0131yoruz\u201d<\/em> ifadelerini kulland\u0131.<\/p>\n<p>Etkinlik kapsam\u0131nda <strong>2 panel<\/strong> ger\u00e7ekle\u015ftirildi.<strong> \u201cAkademi G\u00f6z\u00fcyle G\u00fcn\u00fcm\u00fcz ve Gelecek Yapay Zeka Teknolojileri\u201d<\/strong> konulu panelde Prof. Dr. Altan \u00c7ak\u0131r moderat\u00f6rl\u00fc\u011f\u00fc \u00fcstlenirken, Sabanc\u0131 \u00dcniversitesi&#8217;nden Prof. Dr. Berrin Yank\u0131o\u011flu, \u0130T\u00dc&#8217;den Prof. Dr. Berk Canberk, Bo\u011fazi\u00e7i \u00dcniversitesi&#8217;nden Prof. Dr. Cem Say ve Prof. Dr. Kemal C\u0131l\u0131z ile Ko\u00e7 \u00dcniversitesi&#8217;nden Prof. Dr. Deniz Y\u00fcret konuyla ilgili g\u00f6r\u00fc\u015flerini anlatt\u0131.<\/p>\n<p><strong>\u201cYapay Zeka Teknolojileri ile \u0130\u015f D\u00fcnyas\u0131ndaki De\u011fi\u015fim\u201d<\/strong> konulu panelde ise T\u00dcB\u0130SAD Ba\u015fkan\u0131 Levent K\u0131z\u0131ltan moderat\u00f6r, T\u00fcrk Telekom CSO&#8217;su Bar\u0131\u015f Karakulluk\u00e7u, SAS Genel M\u00fcd\u00fcr Yard\u0131mc\u0131s\u0131 Emre Ultav, Ford Otosan CDO&#8217;su Hayriye Karadeniz, Do\u011fu\u015f Teknoloji Genel M\u00fcd\u00fcr\u00fc Semih \u0130nceday\u0131 ve \u0130\u015fbankas\u0131 VP Sezgin L\u00fcle konu\u015fmac\u0131 olarak yer ald\u0131.<\/p>","protected":false},"excerpt":{"rendered":"<p>Sorry, this entry is only available in Turkish. For the sake of viewer convenience, the content is shown below in the alternative language. You may click the link to switch the active language. T\u00fcrkiye Bili\u015fim Vakf\u0131 ile\u00a0\u0130stanbul\u00a0Teknik\u00a0\u00dcniversitesi liderli\u011finde\u00a0kurulan Yapay Zeka\u00a0T\u00fcrkiye Platformu&#8217;nun (AITR) d\u00fczenledi\u011fi \u201cDe\u011fi\u015fimin Habercisi: Yapay Zeka\u201d etkinli\u011fi sekt\u00f6r payda\u015flar\u0131n\u0131n kat\u0131l\u0131m\u0131yla ger\u00e7ekle\u015fti.\u00a0Etkinli\u011fin ana konu\u015fmac\u0131s\u0131 olan [&hellip;]<\/p>\n","protected":false},"author":1,"featured_media":147186,"comment_status":"open","ping_status":"open","sticky":false,"template":"","format":"standard","meta":[],"categories":[53,157],"tags":[99140,2059,3008,49907,96221,67004,99139,99141,99142],"views":212,"_links":{"self":[{"href":"https:\/\/www.enerjigazetesi.ist\/en\/wp-json\/wp\/v2\/posts\/147183"}],"collection":[{"href":"https:\/\/www.enerjigazetesi.ist\/en\/wp-json\/wp\/v2\/posts"}],"about":[{"href":"https:\/\/www.enerjigazetesi.ist\/en\/wp-json\/wp\/v2\/types\/post"}],"author":[{"embeddable":true,"href":"https:\/\/www.enerjigazetesi.ist\/en\/wp-json\/wp\/v2\/users\/1"}],"replies":[{"embeddable":true,"href":"https:\/\/www.enerjigazetesi.ist\/en\/wp-json\/wp\/v2\/comments?post=147183"}],"version-history":[{"count":0,"href":"https:\/\/www.enerjigazetesi.ist\/en\/wp-json\/wp\/v2\/posts\/147183\/revisions"}],"wp:featuredmedia":[{"embeddable":true,"href":"https:\/\/www.enerjigazetesi.ist\/en\/wp-json\/wp\/v2\/media\/147186"}],"wp:attachment":[{"href":"https:\/\/www.enerjigazetesi.ist\/en\/wp-json\/wp\/v2\/media?parent=147183"}],"wp:term":[{"taxonomy":"category","embeddable":true,"href":"https:\/\/www.enerjigazetesi.ist\/en\/wp-json\/wp\/v2\/categories?post=147183"},{"taxonomy":"post_tag","embeddable":true,"href":"https:\/\/www.enerjigazetesi.ist\/en\/wp-json\/wp\/v2\/tags?post=147183"}],"curies":[{"name":"wp","href":"https:\/\/api.w.org\/{rel}","templated":true}]}}